{"id":1407243,"date":"2026-01-26T08:30:53","date_gmt":"2026-01-26T05:30:53","guid":{"rendered":"https:\/\/analyse.optim.biz\/?p=1407243"},"modified":"2026-01-26T08:30:53","modified_gmt":"2026-01-26T05:30:53","slug":"foti-da-meloni-risposta-chiara-a-trump-sullafghanistan-italia-germania-rapporti-rafforzati","status":"publish","type":"post","link":"https:\/\/analyse.optim.biz\/?p=1407243","title":{"rendered":"Foti: Da Meloni risposta chiara a Trump sull&#8217;Afghanistan. Italia-Germania? Rapporti rafforzati"},"content":{"rendered":"<article id=\"post-1523579\" class=\"post-1523579 post type-post status-publish format-standard has-post-thumbnail hentry category-politica posizione-editoriale-apertura posizione-editoriale-apertura-secondaria posizione-editoriale-centro-pagina\">\n<div>\n<figure class=\"evidence-wrapper\"><img loading=\"lazy\" decoding=\"async\" width=\"860\" height=\"358\" src=\"https:\/\/analyse.optim.biz\/wp-content\/uploads\/2026\/01\/foti-meloni-pnrr-buona-1-860x358-1.jpg\" class=\"attachment-single size-single wp-post-image\" alt=\"Foti: Da Meloni risposta chiara a Trump sull\u2019Afghanistan. Italia-Germania? Rapporti rafforzati\" title=\"Foti: Da Meloni risposta chiara a Trump sull\u2019Afghanistan. Italia-Germania? Rapporti rafforzati\"><\/figure>\n<p class=\"occhiello\">Temi internazionali sul tavolo<\/p>\n<h1>Foti: Da Meloni risposta chiara a Trump sull\u2019Afghanistan. Italia-Germania? Rapporti rafforzati<\/h1>\n<p class=\"sottotitolo\">Da Gaza, all&#8217;Ucraina, dagli Usa all&#8217;Ue: Ministro per gli Affari europei, in una intervista a Qn, parla delle grandi questioni mondiali facendo il punto della situazione. E sul referendum sulla giustizia chiede al fronte del no di &#8220;non spargere fandonie&#8221;<\/p>\n<div class=\"info-condivisione\">\n<div>\n<p><span class=\"categoria\">Politica<\/span><\/p>\n<p>\t\t\t\t\t &#8211; di <span class=\"autore\">Redazione<\/span> &#8211; <span class=\"data\">26 Gennaio 2026 alle 09:30<\/span><\/p>\n<\/div>\n<\/div>\n<div class=\"contenuto\">\n<p>\u00abLa <strong>risposta della presidente Meloni\u00bb alle parole di Trump sull\u2019Afghanistan,<\/strong> per il <strong>Ministro per gli Affari europei, Tommaso Foti,<\/strong> \u00e8 stata \u00abdi una <strong>chiarezza lapalissiana. Ha ricostruito la presenza italiana, il nostro contributo di sangue, i caduti e i feriti nelle missioni di sicurezza.<\/strong> Il ministro Crosetto ha assunto anche atti che a lui spettano al riguardo, e <strong>non si pu\u00f2 dire che ci sia stata debolezza o timidezza verso un`affermazione sbagliata e incomprensibile di Trump<\/strong>\u00bb.<\/p>\n<h2>Italia e Germania lavorano insieme. Visione simile di Meloni e Merz<\/h2>\n<p><strong>Intervistato da Qn,<\/strong> Foti ha anche spiegato che con il vertice Italia-Germania di venerd\u00ec \u00ababbiamo dato seguito al precedente bilaterale in Germania, in cui fu sottoscritto il piano d\u2019azione strategico. I <strong>rapporti tra Italia e Germania si sono rafforzati<\/strong> e questo credo debba far contento chi \u00e8 animato da spirito nazionale\u00bb. E si guarda anche agli equilibri all\u2019interno della Commissione Ue, perch\u00e9 \u00abAver posizioni comuni avendo problemi comuni ha senso. <strong>Meloni e Merz hanno una visione dell\u2019Europa simile, molto pragmatica. Lavorare insieme ne \u00e8 la conseguenza<\/strong>\u00bb.<\/p>\n<div class=\"code-block code-block-6\"><\/div>\n<h2><strong>Su Gaza faremo la nostra parte<\/strong><\/h2>\n<p>Fuori per scelta dal Board di Trump, <strong>su Gaza \u00abfaremo le cose che ci verranno chieste, come addestrare le forze di polizia,<\/strong> cosa che l\u2019Italia ha sempre mostrato di saper fare\u00bb. Il ministro ha commentato anche i <strong>colloqui<\/strong> in corso sulla guerra in <strong>Ucraina<\/strong> ricordando che \u00abf<strong>inch\u00e9 ci si parla \u00e8 un bene. Speriamo che al pi\u00f9 presto si arrivi alla pace giusta e duratura che tutti auspichiamo<\/strong>\u00bb.<\/p>\n<h2>Referendum viziato da strumentalizzazione di chi sparge fandonie<\/h2>\n<p>Infine il <strong>referendum sulla giustizia<\/strong> che secondo Foti \u00ab<strong>non dovrebbe essere viziato da una alcuna strumentalizzazione,<\/strong> come quella sull\u2019idea che i giudici finirebbero sotto il controllo del governo. Ricordo che l`articolo 104, comma 1, della Costituzione non \u00e8 cambiato e non cambier\u00e0. Alla <strong>riforma si pu\u00f2 essere favorevoli o contrari, anche il Pd era favorevole, ma non spargiamo fandonie<\/strong>\u00bb.<\/p>\n<\/div>\n<div class=\"commentSectionContainer\">\n<p class=\"comments-title\">Non ci sono commenti, inizia una discussione<\/p>\n<\/div>\n<div id=\"comments\" class=\"comments-area closed\">\n<div id=\"respond\" class=\"comment-respond\">\n<h3 id=\"reply-title\" class=\"comment-reply-title\">Lascia un commento <small><a rel=\"nofollow\" id=\"cancel-comment-reply-link\" href=\"https:\/\/www.secoloditalia.it\/2026\/01\/foti-da-meloni-risposta-chiara-a-trump-sullafghanistan-italia-germania-rapporti-rafforzati\/#respond\">Annulla risposta<\/a><\/small><\/h3>\n<p class=\"comment-notes\"><span id=\"email-notes\">Il tuo indirizzo email non sar\u00e0 pubblicato.<\/span><span class=\"required-field-message\">I campi obbligatori sono contrassegnati <span class=\"required\">*<\/span><\/span><\/p>\n<\/div>\n<\/div>\n<div class=\"info-condivisione bottom\">\n<div>\n<p>di <span class=\"autore\">Redazione<\/span> &#8211; <span class=\"data\">26 Gennaio 2026<\/span><\/p>\n<\/div>\n<\/div>\n<\/div>\n<\/article>\n<p> Source URL: https:\/\/www.secoloditalia.it\/2026\/01\/foti-da-meloni-risposta-chiara-a-trump-sullafghanistan-italia-germania-rapporti-rafforzati\/<\/p>\n","protected":false},"excerpt":{"rendered":"<p>Temi internazionali sul tavolo Foti: Da Meloni risposta chiara a Trump sull\u2019Afghanistan. Italia-Germania? Rapporti rafforzati Da Gaza, all&#8217;Ucraina, dagli Usa all&#8217;Ue: Ministro per gli Affari europei, in una intervista a Qn, parla delle grandi questioni mondiali facendo il punto della situazione. E sul referendum sulla giustizia chiede al fronte del no di &#8220;non spargere fandonie&#8221; [&hellip;]<\/p>\n","protected":false},"author":1,"featured_media":1407244,"comment_status":"open","ping_status":"","sticky":false,"template":"","format":"standard","meta":{"footnotes":""},"categories":[87],"tags":[123],"class_list":["post-1407243","post","type-post","status-publish","format-standard","has-post-thumbnail","hentry","category-italy","tag-secoloditalia-it"],"_links":{"self":[{"href":"https:\/\/analyse.optim.biz\/index.php?rest_route=\/wp\/v2\/posts\/1407243","targetHints":{"allow":["GET"]}}],"collection":[{"href":"https:\/\/analyse.optim.biz\/index.php?rest_route=\/wp\/v2\/posts"}],"about":[{"href":"https:\/\/analyse.optim.biz\/index.php?rest_route=\/wp\/v2\/types\/post"}],"author":[{"embeddable":true,"href":"https:\/\/analyse.optim.biz\/index.php?rest_route=\/wp\/v2\/users\/1"}],"replies":[{"embeddable":true,"href":"https:\/\/analyse.optim.biz\/index.php?rest_route=%2Fwp%2Fv2%2Fcomments&post=1407243"}],"version-history":[{"count":0,"href":"https:\/\/analyse.optim.biz\/index.php?rest_route=\/wp\/v2\/posts\/1407243\/revisions"}],"wp:featuredmedia":[{"embeddable":true,"href":"https:\/\/analyse.optim.biz\/index.php?rest_route=\/wp\/v2\/media\/1407244"}],"wp:attachment":[{"href":"https:\/\/analyse.optim.biz\/index.php?rest_route=%2Fwp%2Fv2%2Fmedia&parent=1407243"}],"wp:term":[{"taxonomy":"category","embeddable":true,"href":"https:\/\/analyse.optim.biz\/index.php?rest_route=%2Fwp%2Fv2%2Fcategories&post=1407243"},{"taxonomy":"post_tag","embeddable":true,"href":"https:\/\/analyse.optim.biz\/index.php?rest_route=%2Fwp%2Fv2%2Ftags&post=1407243"}],"curies":[{"name":"wp","href":"https:\/\/api.w.org\/{rel}","templated":true}]}}