{"id":1407202,"date":"2026-01-26T12:16:10","date_gmt":"2026-01-26T09:16:10","guid":{"rendered":"https:\/\/analyse.optim.biz\/?p=1407202"},"modified":"2026-01-26T12:16:10","modified_gmt":"2026-01-26T09:16:10","slug":"referendum-la-bufala-della-sottomissione-del-pm-allesecutivo-e-la-riforma-cartabia-votata-dal-pd","status":"publish","type":"post","link":"https:\/\/analyse.optim.biz\/?p=1407202","title":{"rendered":"Referendum: la bufala della sottomissione del Pm all&#8217;esecutivo e la riforma Cartabia votata dal Pd"},"content":{"rendered":"<article id=\"post-1523649\" class=\"post-1523649 post type-post status-publish format-standard has-post-thumbnail hentry category-politica posizione-editoriale-apertura-secondaria posizione-editoriale-centro-pagina\">\n<div>\n<figure class=\"evidence-wrapper\"><img loading=\"lazy\" decoding=\"async\" width=\"860\" height=\"358\" src=\"https:\/\/analyse.optim.biz\/wp-content\/uploads\/2026\/01\/sbarra-2026-01-26t125842-766-860x358-1.jpg\" class=\"attachment-single size-single wp-post-image\" alt=\"Cartabia\" title=\"Cartabia\"><\/figure>\n<p class=\"occhiello\">La separazione delle carriere<\/p>\n<h1>Referendum: la bufala della sottomissione del Pm all\u2019esecutivo e la riforma Cartabia votata dal Pd<\/h1>\n<p class=\"sottotitolo\">La legge voluta dall&#8217;ex Guardasigilli e approvata dal Pd assegna alcuni poteri al Parlamento. Ma in ogni caso l&#8217;indipendenza dei magistrati non \u00e8 messa in discussione<\/p>\n<div class=\"info-condivisione\">\n<div>\n<p><span class=\"categoria\">Politica<\/span><\/p>\n<p>\t\t\t\t\t &#8211; di <span class=\"autore\">Paolo Cortese<\/span> &#8211; <span class=\"data\">26 Gennaio 2026 alle 13:16<\/span><\/p>\n<\/div>\n<\/div>\n<div class=\"contenuto\">\n<p><strong>\u201cSe passa il referendum i Pm saranno sottoposti al potere esecutivo\u201d.<\/strong> \u00c8 una delle tante bufale, forse la pi\u00f9 importante, che i sostenitori del No portano avanti. Immemori di due cose fondamentali: che l\u2019autonomia dei magistrati \u00e8 scritta nella Costituzione e che, semmai, la riforma Cartabia (che ha pure alcuni lati positivi) ha delegato il governo a emanare un decreto che elenchi le priorit\u00e0 investigative. E quella riforma l\u2019ha votata il Pd.<\/p>\n<h2>La riforma Cartabia<\/h2>\n<p><strong>Nella riforma voluta dall\u2019ex ministro della Giustizia e approvata, il governo \u00e8 delegato ad attuare un decreto che assegni al Parlamento, e non all\u2019esecutivo, una sorta di linee guida rivolte alla magistratura inquirente sui reati prioritari da perseguire<\/strong>. Anche in questo caso, per\u00f2, non ci sarebbe alcuna sottomissione all\u2019esecutivo. Sarebbe l\u2019organo legislativo a definire le priorit\u00e0 ma \u00e8 ovviamente inimmaginabile che il Parlamento (come dicono i sostenitori del No) dica sostanzialmente di non perseguire i reati bianchi.<\/p>\n<div class=\"code-block code-block-6\"><\/div>\n<div class=\"correlati_contento\"><span class=\"tecFont\">Leggi anche<\/span><\/p>\n<ul>\n<li><a href=\"https:\/\/www.secoloditalia.it\/2026\/01\/referendum-orru-si-alla-riforma-per-definire-i-ruoli-davanti-ai-cittadini-e-superare-il-correntismo\/?utm_source=content&amp;utm_medium=related&amp;utm_campaign=middle\">Referendum, Orr\u00f9: s\u00ec alla riforma per definire i ruoli davanti ai cittadini e superare il correntismo<\/a><\/li>\n<li><a href=\"https:\/\/www.secoloditalia.it\/2026\/01\/referendum-sondaggi-trionfali-per-il-si-alla-riforma-nordio-diciotto-punti-di-vantaggio-sul-no\/?utm_source=content&amp;utm_medium=related&amp;utm_campaign=middle\">Referendum, sondaggi trionfali per il S\u00ec alla riforma Nordio: diciotto punti di vantaggio sul No<\/a><\/li>\n<\/ul>\n<\/div>\n<h2>L\u2019autonomia \u00e8 ferrea<\/h2>\n<p><strong>L\u2019articolo 104 della Costituzione parla chiaro: \u201cLa magistratura non \u00e8 soggetta ad altri poteri dello Stato (esecutivo o legislativo\u201d.<\/strong><a href=\"https:\/\/www.secoloditalia.it\/2026\/01\/allarmi-bufale-e-contraddizioni-del-fronte-del-no-il-cosa-dice-chi-sul-referendum-smontato-da-felice-giuffre-pun\">Se la si volesse sottoporre al potere dell\u2019esecutivo,<\/a> come accade in Francia, bisognerebbe riformare l\u2019articolo con la procedura costituzionale e un referendum. Cosa che nessuno ha in mente di fare e che non riscuoterebbe alcun consenso.<\/p>\n<h2>Che c\u2019entra tutto questo con la separazione delle carriere?<\/h2>\n<p><strong>La separazione delle carriere attua la riforma del codice di procedura penale voluta da Giuliano Vassalli<\/strong>, che era un esponente socialista di primo piano, medaglia d\u2019argento della Resistenza e costituzionalista. E infatti, pezzi del Pd, Calenda, Avanti Psi, in sostanza anche Italia Viva, voteranno per il S\u00ec. Definisce semplicemente che Pm e giudici abbiano carriere diverse sin dall\u2019inizio, distinguendone i ruoli. <strong><a href=\"https:\/\/roma.corriere.it\/notizie\/politica\/26_gennaio_12\/riforma-giustizia-referendum-spiegata-3-punti-04ee3586-0203-4f1e-9116-7e7048494xlk.shtml\">Non limita i poteri investigativi dei Pm<\/a><\/strong>, ma assicura ai cittadini, che siano imputati o parte civile, una terziet\u00e0 assoluta del giudice. Tutta un\u2019altra roba rispetto a quanto vanno decantando disperatamente i sostenitori del No. Non fermandosi sulle bufale.<\/p>\n<h2>Meglio dire un no a Meloni<\/h2>\n<p><strong>La gran parte dei sostenitori del No non ha argomentazioni giuridiche.<\/strong> \u00c8 stato pi\u00f9 sincero Goffredo Bettini, dirigente del Pd, che (seppure impropriamente) ha detto che voter\u00e0 no pur essendo convinto delle ragioni del s\u00ec, perch\u00e9 teme \u201cun successo del governo Meloni\u201d. <strong>A questo punto sarebbe pi\u00f9 semplice dire che la riforma non piace perch\u00e9 l\u2019ha approvata una maggioranza di centrodestra<\/strong>. Nonostante fosse stato un cavallo di battaglia di un largo mondo della sinistra. Quando la sinistra c\u2019era davvero.<\/p>\n<p>\u00a0<\/p>\n<p>\u00a0<\/p>\n<p>\u00a0<\/p>\n<\/div>\n<div class=\"commentSectionContainer\">\n<p class=\"comments-title\">Non ci sono commenti, inizia una discussione<\/p>\n<\/div>\n<div id=\"comments\" class=\"comments-area closed\">\n<div id=\"respond\" class=\"comment-respond\">\n<h3 id=\"reply-title\" class=\"comment-reply-title\">Lascia un commento <small><a rel=\"nofollow\" id=\"cancel-comment-reply-link\" href=\"https:\/\/www.secoloditalia.it\/2026\/01\/referendum-la-bufala-della-sottomissione-del-pm-allesecutivo-e-la-riforma-cartabia-votata-dal-pd\/#respond\">Annulla risposta<\/a><\/small><\/h3>\n<p class=\"comment-notes\"><span id=\"email-notes\">Il tuo indirizzo email non sar\u00e0 pubblicato.<\/span><span class=\"required-field-message\">I campi obbligatori sono contrassegnati <span class=\"required\">*<\/span><\/span><\/p>\n<\/div>\n<\/div>\n<div class=\"info-condivisione bottom\">\n<div>\n<p>di <span class=\"autore\">Paolo Cortese<\/span> &#8211; <span class=\"data\">26 Gennaio 2026<\/span><\/p>\n<\/div>\n<\/div>\n<div class=\"correlati\">\n<p>Leggi anche<\/p>\n<div>\n<article>\n<figure><a href=\"https:\/\/www.secoloditalia.it\/2026\/01\/allarmi-bufale-e-contraddizioni-del-fronte-del-no-il-cosa-dice-chi-sul-referendum-smontato-da-felice-giuffre-pun\" aria-label=\"Referendum: la bufala della sottomissione del Pm all'esecutivo e la riforma Cartabia votata dal Pd\" class=\"lower\"><img loading=\"lazy\" decoding=\"async\" width=\"370\" height=\"154\" src=\"https:\/\/analyse.optim.biz\/wp-content\/uploads\/2026\/01\/sbarra-2026-01-26t125842-766-370x154-1.jpg\" class=\"attachment-standard-lower size-standard-lower wp-post-image\" alt=\"Cartabia\" title=\"Cartabia\"><\/a><\/figure>\n<div>\n<p class=\"occhiello\">La separazione delle carriere<\/p>\n<p><a href=\"https:\/\/www.secoloditalia.it\/2026\/01\/allarmi-bufale-e-contraddizioni-del-fronte-del-no-il-cosa-dice-chi-sul-referendum-smontato-da-felice-giuffre-pun?utm_source=content&amp;utm_medium=related&amp;utm_campaign=bottom\"><\/p>\n<h3>Referendum: la bufala della sottomissione del Pm all&#8217;esecutivo e la riforma Cartabia votata dal Pd<\/h3>\n<p><\/a><\/div>\n<\/article>\n<article>\n<figure><a href=\"https:\/\/www.secoloditalia.it\/2026\/01\/nuova-teoria-per-le-bufale-di-barbero-sul-no-al-referendum-ha-letto-la-riforma-sbagliata-quella-di-berlusconi\/\" aria-label=\"Nuova teoria per le \" class=\"lower\"><img loading=\"lazy\" decoding=\"async\" width=\"370\" height=\"154\" src=\"https:\/\/analyse.optim.biz\/wp-content\/uploads\/2026\/01\/barbero-fake_-370x154-1.jpg\" class=\"attachment-standard-lower size-standard-lower wp-post-image\" alt=\"Cartabia\" title=\"Cartabia\"><\/a><\/figure>\n<div>\n<p class=\"occhiello\">Il fact checking di &#8220;Open&#8221;<\/p>\n<p><a href=\"https:\/\/www.secoloditalia.it\/2026\/01\/nuova-teoria-per-le-bufale-di-barbero-sul-no-al-referendum-ha-letto-la-riforma-sbagliata-quella-di-berlusconi\/?utm_source=content&amp;utm_medium=related&amp;utm_campaign=bottom\"><\/p>\n<h3>Nuova teoria per le &#8220;bufale&#8221; di Barbero sul &#8220;no&#8221; al referendum: &#8220;Ha letto la riforma sbagliata, quella di Berlusconi&#8221;<\/h3>\n<p><\/a><\/div>\n<\/article>\n<\/div>\n<\/div>\n<\/div>\n<\/article>\n<p> Source URL: https:\/\/www.secoloditalia.it\/2026\/01\/referendum-la-bufala-della-sottomissione-del-pm-allesecutivo-e-la-riforma-cartabia-votata-dal-pd\/<\/p>\n","protected":false},"excerpt":{"rendered":"<p>La separazione delle carriere Referendum: la bufala della sottomissione del Pm all\u2019esecutivo e la riforma Cartabia votata dal Pd La legge voluta dall&#8217;ex Guardasigilli e approvata dal Pd assegna alcuni poteri al Parlamento. Ma in ogni caso l&#8217;indipendenza dei magistrati non \u00e8 messa in discussione Politica &#8211; di Paolo Cortese &#8211; 26 Gennaio 2026 alle [&hellip;]<\/p>\n","protected":false},"author":1,"featured_media":1407203,"comment_status":"open","ping_status":"","sticky":false,"template":"","format":"standard","meta":{"footnotes":""},"categories":[87],"tags":[123],"class_list":["post-1407202","post","type-post","status-publish","format-standard","has-post-thumbnail","hentry","category-italy","tag-secoloditalia-it"],"_links":{"self":[{"href":"https:\/\/analyse.optim.biz\/index.php?rest_route=\/wp\/v2\/posts\/1407202","targetHints":{"allow":["GET"]}}],"collection":[{"href":"https:\/\/analyse.optim.biz\/index.php?rest_route=\/wp\/v2\/posts"}],"about":[{"href":"https:\/\/analyse.optim.biz\/index.php?rest_route=\/wp\/v2\/types\/post"}],"author":[{"embeddable":true,"href":"https:\/\/analyse.optim.biz\/index.php?rest_route=\/wp\/v2\/users\/1"}],"replies":[{"embeddable":true,"href":"https:\/\/analyse.optim.biz\/index.php?rest_route=%2Fwp%2Fv2%2Fcomments&post=1407202"}],"version-history":[{"count":0,"href":"https:\/\/analyse.optim.biz\/index.php?rest_route=\/wp\/v2\/posts\/1407202\/revisions"}],"wp:featuredmedia":[{"embeddable":true,"href":"https:\/\/analyse.optim.biz\/index.php?rest_route=\/wp\/v2\/media\/1407203"}],"wp:attachment":[{"href":"https:\/\/analyse.optim.biz\/index.php?rest_route=%2Fwp%2Fv2%2Fmedia&parent=1407202"}],"wp:term":[{"taxonomy":"category","embeddable":true,"href":"https:\/\/analyse.optim.biz\/index.php?rest_route=%2Fwp%2Fv2%2Fcategories&post=1407202"},{"taxonomy":"post_tag","embeddable":true,"href":"https:\/\/analyse.optim.biz\/index.php?rest_route=%2Fwp%2Fv2%2Ftags&post=1407202"}],"curies":[{"name":"wp","href":"https:\/\/api.w.org\/{rel}","templated":true}]}}