{"id":1407190,"date":"2026-01-26T13:16:48","date_gmt":"2026-01-26T10:16:48","guid":{"rendered":"https:\/\/analyse.optim.biz\/?p=1407190"},"modified":"2026-01-26T13:16:48","modified_gmt":"2026-01-26T10:16:48","slug":"egemonia-culturale-la-destra-conquista-i-ceti-pop-ed-e-uno-choc-per-la-sinistra-chic","status":"publish","type":"post","link":"https:\/\/analyse.optim.biz\/?p=1407190","title":{"rendered":"Egemonia culturale? La destra conquista i ceti pop: ed \u00e8 uno choc per la sinistra chic"},"content":{"rendered":"<article id=\"post-1523692\" class=\"post-1523692 post type-post status-publish format-standard has-post-thumbnail hentry category-politica posizione-editoriale-apertura-secondaria\">\n<div>\n<figure class=\"evidence-wrapper\"><img loading=\"lazy\" decoding=\"async\" width=\"860\" height=\"358\" src=\"https:\/\/analyse.optim.biz\/wp-content\/uploads\/2026\/01\/egemonia-culturale-la-destra-con-meloni-vince-il-duello-2-860x358-1.jpg\" class=\"attachment-single size-single wp-post-image\" alt=\"Egemonia culturale, la destra con Meloni vince il duello\" title=\"Egemonia culturale, la destra con Meloni vince il duello\"><\/figure>\n<p class=\"occhiello\">Contropiede<\/p>\n<h1>Egemonia culturale? La destra conquista i ceti pop: ed \u00e8 uno choc per la sinistra chic<\/h1>\n<div class=\"info-condivisione\">\n<div>\n<p><span class=\"categoria\">Politica<\/span><\/p>\n<p>\t\t\t\t\t &#8211; di <span class=\"autore\">Carmelo Briguglio<\/span> &#8211; <span class=\"data\">26 Gennaio 2026 alle 14:16<\/span><\/p>\n<\/div>\n<\/div>\n<div class=\"contenuto\">\n<p>Il duello per l\u2019egemonia alla fine la destra l\u2019ha vinto. Sulla \u201c<em>rive droite<\/em>\u201d gli intellettuali d\u2019area da decine di anni si scervellano, dibattono, persino litigano alla cerca della via che porta al sospirato \u00abdominio intellettuale e morale\u00bb teorizzato da <a href=\"https:\/\/www.secoloditalia.it\/2023\/04\/cari-di-sinistra-ecco-una-notizia-per-voi-gramsci-copio-dalla-destra-il-concetto-di-egemonia\/\" target=\"_blank\" rel=\"noopener\">Gramsci<\/a>: al \u00abconsenso delle classi subalterne, facendole aderire alla propria visione del mondo attraverso la cultura (scuola, media, istituzioni)\u00bb.<\/p>\n<h2>L\u2019egemonia sociale meglio della dibattuta egemonia culturale<\/h2>\n<p>E invece, arrivata alla guida del governo, la destra si trova in mano l\u2019egemonia sociale; la quale, in verit\u00e0, ha poco a che fare con piani di conquista e strategie culturali ipotizzate in dozzine di convegni, riviste e assemblee; ha invece tutto a che fare con la <em>praxis<\/em> di governo, con <strong>le priorit\u00e0 che Giorgia Meloni s\u00ec \u00e8 data e ha messo davanti a s\u00e9 e al suo esecutivo<\/strong>. Ha molto a che spartire con interventi \u201csociali\u201d e riduzione di tasse a famiglie, a ceti pop e middle class; e con le tosature soft, anche un po\u2019 spot, di banche e assicurazioni messe nelle leggi di bilancio. Cos\u00ec FdI, partito stabilmente maggioritario nei sondaggi, lo \u00e8 diventato pi\u00f9 di altrove nelle fasce basse e medio-basse.<\/p>\n<div class=\"code-block code-block-6\"><\/div>\n<h2>Youtrend: il primato di FdI nei ceti medio-bassi \u00e8 quello del Pd nelle classi top<\/h2>\n<p>\u00c8 il risultato che ci offre<strong> la ricerca di Youtrend<\/strong> \u2013 l\u2019istituto di <strong>Lorenzo Pregliasco<\/strong> \u2013 per <em>il Sole 24 ore<\/em>; la quale mette in vetta un dato politico, non del tutto inaspettato, ma rumoroso nell\u2019evidenza che gli da lo studio: \u00ab<strong>Se oggi votassero solo gli italiani meno abbienti, Giorgia Meloni avrebbe una super maggioranza con qualsiasi legge elettorale<\/strong>\u00bb. E ci\u00f2 perch\u00e9 il partito della premier, accreditato del 30% dei consensi dalla supermedia, sale al 31,1% nella fascia pi\u00f9 bassa e al 31,9% in quella medio-bassa, riducendosi di oltre 3 punti nelle fasce medio-alta (28%) e alta (27,4%). <strong>Canone inverso invece per il Pd: 12,1% nella fascia bassa, 22,2% nella medio-bassa e 26,4% nella medio-alta, fino a toccare la cima dei suoi elettori con la classe alta, 29,5%<\/strong>. Neppure il partito di Conte si avvicina al primato dei meloniani.<\/p>\n<h2>Egemonia culturale e sociale, la fine delle alleanze di cui ha fruito la sinistra<\/h2>\n<p>Non dico che siamo al male terminale della sinistra, ma \u00e8 forse un punto di caduta del suo cammino nel dopoguerra italiano. \u00c8 sicuramente la fine fotografata delle alleanze sociali della <em>gauche<\/em> e della sua rappresentanza a cui eravamo abituati, in verit\u00e0 sempre meno. Numeri che hanno anche un retrogusto antropologico; in fondo la griglia di Pregliasco riflette l\u2019appartenenza di classe, inclusiva dell\u2019estetica, delle due leadership: Meloni \u00e8 sentita dai ceti medi e bassi come leader vicina. Una di loro. Lo stesso vale per <strong>Elly Schlein<\/strong> nelle classi top, dalle quali proviene e da cui non ce l\u2019ha fatta ad evadere: un elemento choc, ma vissuto e visibile, che si sovrappone a quello statistico.<\/p>\n<h2>Il dato sociale anticipa quello elettorale<\/h2>\n<p>\u00c8 il paradosso di un tempo che si \u00e8 rovesciato nella nostra contemporaneit\u00e0 politica: \u00e8 la nuova normalit\u00e0 che la \u201c<em>politique politicienne<\/em>\u201d e il discorso pubblico faticano a registrare. E non lo fa soprattutto questa nostra sinistra a cui molti attaccano un abrasivo \u201cchic\u201d. Tra un anno e mezzo si vota, e c\u2019\u00e8 pure l\u2019antipasto del referendum sulla Giustizia: se il dato sociale precede quello elettorale, il polo progressista ha di che preoccuparsi. Molto.<\/p>\n<\/div>\n<div class=\"commentSectionContainer\">\n<p class=\"comments-title\">Non ci sono commenti, inizia una discussione<\/p>\n<\/div>\n<div id=\"comments\" class=\"comments-area closed\">\n<div id=\"respond\" class=\"comment-respond\">\n<h3 id=\"reply-title\" class=\"comment-reply-title\">Lascia un commento <small><a rel=\"nofollow\" id=\"cancel-comment-reply-link\" href=\"https:\/\/www.secoloditalia.it\/2026\/01\/egemonia-culturale-la-destra-conquista-i-ceti-pop-ed-e-uno-choc-per-la-sinistra-chic\/#respond\">Annulla risposta<\/a><\/small><\/h3>\n<p class=\"comment-notes\"><span id=\"email-notes\">Il tuo indirizzo email non sar\u00e0 pubblicato.<\/span><span class=\"required-field-message\">I campi obbligatori sono contrassegnati <span class=\"required\">*<\/span><\/span><\/p>\n<\/div>\n<\/div>\n<div class=\"info-condivisione bottom\">\n<div>\n<p>di <span class=\"autore\">Carmelo Briguglio<\/span> &#8211; <span class=\"data\">26 Gennaio 2026<\/span><\/p>\n<\/div>\n<\/div>\n<\/div>\n<\/article>\n<p> Source URL: https:\/\/www.secoloditalia.it\/2026\/01\/egemonia-culturale-la-destra-conquista-i-ceti-pop-ed-e-uno-choc-per-la-sinistra-chic\/<\/p>\n","protected":false},"excerpt":{"rendered":"<p>Contropiede Egemonia culturale? La destra conquista i ceti pop: ed \u00e8 uno choc per la sinistra chic Politica &#8211; di Carmelo Briguglio &#8211; 26 Gennaio 2026 alle 14:16 Il duello per l\u2019egemonia alla fine la destra l\u2019ha vinto. Sulla \u201crive droite\u201d gli intellettuali d\u2019area da decine di anni si scervellano, dibattono, persino litigano alla cerca [&hellip;]<\/p>\n","protected":false},"author":1,"featured_media":1407191,"comment_status":"open","ping_status":"","sticky":false,"template":"","format":"standard","meta":{"footnotes":""},"categories":[87],"tags":[123],"class_list":["post-1407190","post","type-post","status-publish","format-standard","has-post-thumbnail","hentry","category-italy","tag-secoloditalia-it"],"_links":{"self":[{"href":"https:\/\/analyse.optim.biz\/index.php?rest_route=\/wp\/v2\/posts\/1407190","targetHints":{"allow":["GET"]}}],"collection":[{"href":"https:\/\/analyse.optim.biz\/index.php?rest_route=\/wp\/v2\/posts"}],"about":[{"href":"https:\/\/analyse.optim.biz\/index.php?rest_route=\/wp\/v2\/types\/post"}],"author":[{"embeddable":true,"href":"https:\/\/analyse.optim.biz\/index.php?rest_route=\/wp\/v2\/users\/1"}],"replies":[{"embeddable":true,"href":"https:\/\/analyse.optim.biz\/index.php?rest_route=%2Fwp%2Fv2%2Fcomments&post=1407190"}],"version-history":[{"count":0,"href":"https:\/\/analyse.optim.biz\/index.php?rest_route=\/wp\/v2\/posts\/1407190\/revisions"}],"wp:featuredmedia":[{"embeddable":true,"href":"https:\/\/analyse.optim.biz\/index.php?rest_route=\/wp\/v2\/media\/1407191"}],"wp:attachment":[{"href":"https:\/\/analyse.optim.biz\/index.php?rest_route=%2Fwp%2Fv2%2Fmedia&parent=1407190"}],"wp:term":[{"taxonomy":"category","embeddable":true,"href":"https:\/\/analyse.optim.biz\/index.php?rest_route=%2Fwp%2Fv2%2Fcategories&post=1407190"},{"taxonomy":"post_tag","embeddable":true,"href":"https:\/\/analyse.optim.biz\/index.php?rest_route=%2Fwp%2Fv2%2Ftags&post=1407190"}],"curies":[{"name":"wp","href":"https:\/\/api.w.org\/{rel}","templated":true}]}}