{"id":1407187,"date":"2026-01-26T13:31:17","date_gmt":"2026-01-26T10:31:17","guid":{"rendered":"https:\/\/analyse.optim.biz\/?p=1407187"},"modified":"2026-01-26T13:31:17","modified_gmt":"2026-01-26T10:31:17","slug":"lavoro-pil-e-famiglia-tutti-i-numeri-sulloccupazione-che-danno-ragione-al-governo-meloni","status":"publish","type":"post","link":"https:\/\/analyse.optim.biz\/?p=1407187","title":{"rendered":"Lavoro, pil e famiglia: tutti i numeri sull&#8217;occupazione che danno ragione al governo Meloni"},"content":{"rendered":"<article id=\"post-1523645\" class=\"post-1523645 post type-post status-publish format-standard has-post-thumbnail hentry category-politica posizione-editoriale-apertura\">\n<div>\n<figure class=\"evidence-wrapper\"><img loading=\"lazy\" decoding=\"async\" width=\"860\" height=\"358\" src=\"https:\/\/analyse.optim.biz\/wp-content\/uploads\/2026\/01\/lavoro-secolo-860x358-1.jpg\" class=\"attachment-single size-single wp-post-image\" alt=\"Lavoro, pil e famiglia: tutti i numeri sull\u2019occupazione che danno ragione al governo Meloni\" title=\"Lavoro, pil e famiglia: tutti i numeri sull\u2019occupazione che danno ragione al governo Meloni\"><\/figure>\n<p class=\"occhiello\">Il report <\/p>\n<h1>Lavoro, pil e famiglia: tutti i numeri sull\u2019occupazione che danno ragione al governo Meloni<\/h1>\n<p class=\"sottotitolo\">Ottime notizie dal rapporto Sviluppo Lavoro Italia sui numeri dal 2021-2024. Aumentano i nuclei con due o pi\u00f9 occupati e migliorano le condizioni giovanili<\/p>\n<div class=\"info-condivisione\">\n<div>\n<p><span class=\"categoria\">Politica<\/span><\/p>\n<p>\t\t\t\t\t &#8211; di <span class=\"autore\">Sara De Vico<\/span> &#8211; <span class=\"data\">26 Gennaio 2026 alle 14:31<\/span><\/p>\n<\/div>\n<\/div>\n<div class=\"contenuto\">\n<p><strong>Buone notizie sul fronte lavoro<\/strong>.\u00a0Nel periodo 2021-2024 si consolida la ripresa occupazionale, con effetti positivi sulla condizione delle famiglie<strong>. I nuclei con almeno un componente occupato aumentano da 15 a 15,5 milioni (+2,9%)<\/strong>. Le famiglie senza occupati, invece, diminuiscono di circa 685mila unit\u00e0 (-17,8%). Crescono in modo significativo i nuclei con due o pi\u00f9 occupati. Un segnale forte di aumento della capacit\u00e0 reddituale delle famiglie.<\/p>\n<h2>Lavoro, aumentano le famiglie con due i pi\u00f9 occupati<\/h2>\n<p>I dati emergono dall\u2019undicesimo rapporto<strong> \u201cFamiglia e Lavoro\u201d pubblicato da Sviluppo Lavoro Italia<\/strong>, la societ\u00e0 in house del ministero guidato da Marina Calderone. Il report \u00e8 realizzato nell\u2019ambito del programma statistico nazionale del Sistan (sistema statistico nazionale). Viene analizzato il legame tra s<strong>truttura familiare e partecipazione al mercato del lavo<\/strong>r<strong>o<\/strong>. La dinamica recente segna un\u2019inversione rispetto alle tendenze di lungo periodo caratterizzate dalla diffusione del lavoro temporaneo e a tempo parziale.<strong> Frutto innegabile della politica sull\u2019occupazione del governo Meloni<\/strong>. La crescita del lavoro a tempo indeterminato e full time contribuisce a ridurre il numero di famiglie prive di occupati standard, <a href=\"https:\/\/www.secoloditalia.it\/2026\/01\/sicurezza-il-record-negativo-di-assunzioni-con-i-giallo-rossi-nel-2020-furono-solo-3-854-il-viminale-con-meloni-il-triplo-ogni-anno\/\">rafforzando la stabilit\u00e0 lavorativa dei nuclei<\/a>.<\/p>\n<div class=\"code-block code-block-6\"><\/div>\n<h2>Migliorano le condizioni lavorative dei giovani<\/h2>\n<p>Il rapporto evidenzia anche un miglioramento complessivo delle condizioni occupazionali giovanili. Nel <strong>2024 sono circa 1,4 milioni le famiglie con almeno un giovane tra i 15 e i 29 anni<\/strong> in condizione di fragilit\u00e0 (neet, abbandono scolastico o disoccupazione di lunga durata), pari a poco meno del 22% dei nuclei con giovani. Nel 2021, sotto il governo Draghi, erano circa 2 milioni per un\u2019incidenza pari al 30,8%. In un contesto ancora caratterizzato da squilibri di genere, il titolo di studio emerge come un fattore chiave. Se da un lato nelle coppie con un solo percettore di reddito da lavoro, nell\u201985% dei casi \u00e8 l\u2019uomo a essere occupato, al contempo, tra le laureate la quota di occupate raggiunge l\u201984,5%, mentre lavorano meno di quattro donne su dieci con al massimo la licenza media.<\/p>\n<h2>Nicastro: bene anche l\u2019occupazione femminile<\/h2>\n<p>L\u2019istruzione rappresenta dunque una leva fondamentale per rafforzare l\u2019autonomia economica delle donne, sostenere la conciliazione tra vita familiare e lavoro e promuovere una partecipazione pi\u00f9 equilibrata al mercato del lavoro. Per<strong> Paola Nicastro<\/strong>, presidente e amministratore delegato di Sviluppo Lavoro Italia, il rapporto \u201coffre lo spunto per ribadire come le politiche e i servizi per il lavoro debbano valorizzare le persone e i nuclei familiari nel loro insieme, riconoscendo il lavoro come fattore di benessere e coesione sociale. Sostenere l\u2019occupazione, a partire da quella femminile, significa rafforzare l\u2019equilibrio delle famiglie e favorire uno sviluppo pi\u00f9 equo e inclusivo, <a href=\"https:\/\/www.secoloditalia.it\/2026\/01\/meno-nascite-vuol-dire-meno-lavoro-il-rapporto-della-cgia-sul-rapporto-tra-calo-demografico-e-occupazione\/\">anche in ottica di genere<\/a>\u201c.<\/p>\n<h2>Come incidono titoli di studio e competenze<\/h2>\n<p>In questo quadro, i dati indicano come il possesso di titoli e competenze adeguate e costantemente aggiornate rappresenti un elemento chiave per aumentare le possibilit\u00e0 di un inserimento stabile e di qualit\u00e0 nel mercato del lavoro.<strong> Le iniziative messe in campo riconoscono la centralit\u00e0 e l\u2019importanza della conciliazione tra vita lavorativa e vita familiare<\/strong>, insieme a investimenti in formazione e competenze, rispondendo ai bisogni dei lavoratori con carichi di cura. \u00c8 proprio sull\u2019integrazione tra lavoro, famiglia e capitale umano che si costruisce uno sviluppo sostenibile\u201d.<\/p>\n<\/div>\n<div class=\"commentSectionContainer\">\n<p class=\"comments-title\">Non ci sono commenti, inizia una discussione<\/p>\n<\/div>\n<div id=\"comments\" class=\"comments-area closed\">\n<div id=\"respond\" class=\"comment-respond\">\n<h3 id=\"reply-title\" class=\"comment-reply-title\">Lascia un commento <small><a rel=\"nofollow\" id=\"cancel-comment-reply-link\" href=\"https:\/\/www.secoloditalia.it\/2026\/01\/lavoro-pil-e-famiglia-tutti-i-numeri-sulloccupazione-che-danno-ragione-al-governo-meloni\/#respond\">Annulla risposta<\/a><\/small><\/h3>\n<p class=\"comment-notes\"><span id=\"email-notes\">Il tuo indirizzo email non sar\u00e0 pubblicato.<\/span><span class=\"required-field-message\">I campi obbligatori sono contrassegnati <span class=\"required\">*<\/span><\/span><\/p>\n<\/div>\n<\/div>\n<div class=\"info-condivisione bottom\">\n<div>\n<p>di <span class=\"autore\">Sara De Vico<\/span> &#8211; <span class=\"data\">26 Gennaio 2026<\/span><\/p>\n<\/div>\n<\/div>\n<\/div>\n<\/article>\n<p> Source URL: https:\/\/www.secoloditalia.it\/2026\/01\/lavoro-pil-e-famiglia-tutti-i-numeri-sulloccupazione-che-danno-ragione-al-governo-meloni\/<\/p>\n","protected":false},"excerpt":{"rendered":"<p>Il report Lavoro, pil e famiglia: tutti i numeri sull\u2019occupazione che danno ragione al governo Meloni Ottime notizie dal rapporto Sviluppo Lavoro Italia sui numeri dal 2021-2024. Aumentano i nuclei con due o pi\u00f9 occupati e migliorano le condizioni giovanili Politica &#8211; di Sara De Vico &#8211; 26 Gennaio 2026 alle 14:31 Buone notizie sul [&hellip;]<\/p>\n","protected":false},"author":1,"featured_media":1407188,"comment_status":"open","ping_status":"","sticky":false,"template":"","format":"standard","meta":{"footnotes":""},"categories":[87],"tags":[123],"class_list":["post-1407187","post","type-post","status-publish","format-standard","has-post-thumbnail","hentry","category-italy","tag-secoloditalia-it"],"_links":{"self":[{"href":"https:\/\/analyse.optim.biz\/index.php?rest_route=\/wp\/v2\/posts\/1407187","targetHints":{"allow":["GET"]}}],"collection":[{"href":"https:\/\/analyse.optim.biz\/index.php?rest_route=\/wp\/v2\/posts"}],"about":[{"href":"https:\/\/analyse.optim.biz\/index.php?rest_route=\/wp\/v2\/types\/post"}],"author":[{"embeddable":true,"href":"https:\/\/analyse.optim.biz\/index.php?rest_route=\/wp\/v2\/users\/1"}],"replies":[{"embeddable":true,"href":"https:\/\/analyse.optim.biz\/index.php?rest_route=%2Fwp%2Fv2%2Fcomments&post=1407187"}],"version-history":[{"count":0,"href":"https:\/\/analyse.optim.biz\/index.php?rest_route=\/wp\/v2\/posts\/1407187\/revisions"}],"wp:featuredmedia":[{"embeddable":true,"href":"https:\/\/analyse.optim.biz\/index.php?rest_route=\/wp\/v2\/media\/1407188"}],"wp:attachment":[{"href":"https:\/\/analyse.optim.biz\/index.php?rest_route=%2Fwp%2Fv2%2Fmedia&parent=1407187"}],"wp:term":[{"taxonomy":"category","embeddable":true,"href":"https:\/\/analyse.optim.biz\/index.php?rest_route=%2Fwp%2Fv2%2Fcategories&post=1407187"},{"taxonomy":"post_tag","embeddable":true,"href":"https:\/\/analyse.optim.biz\/index.php?rest_route=%2Fwp%2Fv2%2Ftags&post=1407187"}],"curies":[{"name":"wp","href":"https:\/\/api.w.org\/{rel}","templated":true}]}}