{"id":1407123,"date":"2026-01-26T14:00:25","date_gmt":"2026-01-26T11:00:25","guid":{"rendered":"https:\/\/analyse.optim.biz\/?p=1407123"},"modified":"2026-01-26T14:00:25","modified_gmt":"2026-01-26T11:00:25","slug":"fini-meloni-ha-fatto-benissimo-a-rispondere-a-trump-sullafghanistan-aspettiamo-le-scuse-del-presidente","status":"publish","type":"post","link":"https:\/\/analyse.optim.biz\/?p=1407123","title":{"rendered":"Fini: Meloni ha fatto benissimo a rispondere a Trump sull&#8217;Afghanistan. Aspettiamo le scuse del presidente&#8221;"},"content":{"rendered":"<article id=\"post-1523666\" class=\"post-1523666 post type-post status-publish format-standard has-post-thumbnail hentry category-politica posizione-editoriale-apertura-secondaria\">\n<div>\n<figure class=\"evidence-wrapper\"><img loading=\"lazy\" decoding=\"async\" width=\"860\" height=\"358\" src=\"https:\/\/analyse.optim.biz\/wp-content\/uploads\/2026\/01\/fini-1-860x358-1.jpg\" class=\"attachment-single size-single wp-post-image\" alt=\"Fini: Meloni ha fatto benissimo a rispondere a Trump sull\u2019Afghanistan. Aspettiamo le scuse del presidente\u201d\" title=\"Fini: Meloni ha fatto benissimo a rispondere a Trump sull\u2019Afghanistan. Aspettiamo le scuse del presidente\u201d\"><\/figure>\n<p class=\"occhiello\">&#8220;A Giorgia non servono padri&#8221;<\/p>\n<h1>Fini: Meloni ha fatto benissimo a rispondere a Trump sull\u2019Afghanistan. Aspettiamo le scuse del presidente\u201d<\/h1>\n<div class=\"info-condivisione\">\n<div>\n<p><span class=\"categoria\">Politica<\/span><\/p>\n<p>\t\t\t\t\t &#8211; di <span class=\"autore\">Redazione<\/span> &#8211; <span class=\"data\">26 Gennaio 2026 alle 15:00<\/span><\/p>\n<\/div>\n<\/div>\n<div class=\"contenuto\">\n<div class=\"description font-size\">Macch\u00e9 padri, \u201cla destra ha bisogno di solidi valori di riferimento, che gi\u00e0 ci sono. Di credibili programmi di governo, che gli elettori fino ad oggi hanno giudicato esistenti. E di una classe dirigente giovane capace di essere credibile\u201d. Risponde cos\u00ec Gianfranco Fini, leader storico della destra in un lungo colloquio con \u201cil Giornale\u201d che gli chiede se si senta un \u201cpadre\u201d pronto a tornare in campo. \u201cPer carit\u00e0\u201d, risponde. L destra ha gi\u00e0 tutto ci\u00f2 di cui ha bisogno: valori, dirigenti, elettori e una leader\u00a0 \u201cche tiene testa anche a Trump\u201d.<\/div>\n<h2>Fini al Giornale: \u201cMeloni? Anche i suoi oppositori a denti stretti\u2026\u201d<\/h2>\n<div class=\"description font-size\">\u00abNon \u00e8 piaggeria \u2013 premette Fini-\u00a0 dire che fino ad oggi Giorgia Meloni \u00e8 stata altamente all\u2019altezza del compito, le \u00e8 riconosciuto a livello internazionale. E, a denti stretti, lo ammettono in privato anche molti tra i suoi attuali oppositori. E allora, andando in ordine temporale, l\u2019intervento della premier sulle nostre truppe in Afghanistan raccolgono l\u2019applauso a scena aperta dell\u2019ex presidente della Camera: \u00abMeloni non ha fatto bene, ha fatto benissimo a dire a Trump che occorre rispetto nei confronti di tutti coloro che sostennero l\u2019intervento americano in Afghanistan; e che nessuno si pu\u00f2 permettere di non onorare la memoria dei nostri 53 militari caduti. <strong>Se Trump \u00e8 intellettualmente onesto si scuser\u00e0 con l\u2019Italia. C<\/strong>os\u00ec come ha gi\u00e0 fatto con la Gran Bretagna. E considero positivo che Trump, almeno al momento, abbia escluso di mettere gli scarponi sul terreno, cio\u00e8 di inviare militari Usa in giro per il mondo\u00bb.<\/div>\n<h2 class=\"description font-size\">\u201cOttima la premier con Trump sull\u2019Afghanistan\u201d<\/h2>\n<div>A proposito di Trump, plauso per la posizione del nostro governo nel tenere la barra dritta nei rapporti transatlantici, nei rapporti con la Casa Bianca e con l\u2019Europa. \u00abL\u2019elezione di Trump \u2013 \u00e8 il ragionamento di Fini- ha gi\u00e0 cambiato l\u2019ordinamento internazionale:\u00a0 egli ha dimostrato di non credere nel multilateralismo; e di non considerare pi\u00f9 nemmeno l\u2019alleanza transatlantica un punto fermo e irrinunciabile\u00bb. Dunque, \u00abIl nostro governo sa bene che \u201cdichiarare guerra\u201d agli Usa sarebbe catastrofico per l\u2019Europa intera. Anche se non lo dicono n\u00e9 lo possono dire apertamente, \u00e8 la stessa opinione degli inglesi, dei tedeschi, dei francesi\u2026 Ne consegue che l\u2019unica via da percorrere \u00e8 quella di rendere quanto pi\u00f9 coesa possibile l\u2019Ue; e qualcosa al riguardo gi\u00e0 si \u00e8 fatto a proposito di difesa comune; e di dialogare con la Casa bianca. Senza umiliarsi ma sottolineando le persistenti ragioni di una storica alleanza. Per le due sponde dell\u2019atlantico, la sfida nei confronti della Cina e del pericolo del terrorismo islamista, sostenuto da Stati come l\u2019Iran, \u00e8 la medesima\u00bb.<\/div>\n<h2>\u201cVoter\u00f2 s\u00ec al referendum\u201d<\/h2>\n<div>Si cambia argomento e si passa al <strong>referendum<\/strong> sulla riforma Nordio. \u00abVoter\u00f2 convintamente s\u00ec. (\u2026) . La separazione delle carriere proposte dal governo, fortemente voluta a suo tempo da Berlusconi, \u00e8 oggi importante soprattutto perch\u00e9 d\u00e0 vita a due Consigli superiori della magistratura, entrambi presieduti dal capo dello Stato, i cui componenti saranno in parte sorteggiati da elenchi approvati dal Parlamento. Ci\u00f2 taglia alla radice l\u2019ipotesi che il Csm possa procedere nelle sue funzioni con quella logica correntizia emersa clamorosamente dalla vicenda Palamara\u00bb.<\/div>\n<h2>Il Pd considera \u201ctraditori\u201d Barbera e Cassese<\/h2>\n<div>E\u2019 proprio questa novit\u00e0 che ha portato sinistra e Anm sulle barricate- spiega Fini- \u00abcon argomenti inesistenti del tipo \u201cla riforma sottoporr\u00e0 i pm al volere dell\u2019esecutivo\u201d. E va inoltre ricordato che la riforma era auspicata in passato anche da parte dell<strong>a sinistra:<\/strong> in primis da un giurista insigne come Vassalli:\u00a0 ed \u00e8 per questa ragione che uomini come il presidente emerito della Corte costituzionale Augusto Barbera, a suo tempo iscritto al Pci e poi al Pd; o studiosi autorevoli come Sabino Cassese hanno espresso chiaramente la loro volont\u00e0 di votare S\u00ec. <strong>Che il Pd oggi li consideri \u201ctraditori\u201d<\/strong> dimostra che la propaganda per il \u201cNo\u201d \u00e8 volta a contrastare il governo e non a migliorare l\u2019amministrazione della giustizia\u00bb.<\/div>\n<h2>Sinistra: \u201cSinistra risibile\u201d<\/h2>\n<div>E a proposito della sinistra arriva la zampata: pensare come affermano \u00abche la destra italiana rappresenti un arretramento o addirittura un tradimento dei principi fondamentali della nostra Costituzione \u00e8 risibile. Ed \u00e8 dimostrazione della loro volont\u00e0 di continuare ad evocare<strong> derive autoritarie;<\/strong> o addirittura pericoli neofascisti che non esistono. La triste verit\u00e0 \u00e8 che la sinistra continua a soffrire di un antico complesso di superiorit\u00e0. Che la porta a chiamare alla mobilitazione popolare o comiche pastasciutte antifasciste ogni qualvolta perde le elezioni\u00bb.<br \/><strong><br \/><\/strong><br \/><strong><br \/><\/strong><br \/><strong><br \/><\/strong><\/div>\n<div class=\"description font-size\">\n<p>\u00a0<\/p>\n<p>\u00a0<\/p>\n<div class=\"code-block code-block-6\"><\/div>\n<\/div>\n<\/div>\n<div class=\"commentSectionContainer\">\n<p class=\"comments-title\">Non ci sono commenti, inizia una discussione<\/p>\n<\/div>\n<div id=\"comments\" class=\"comments-area closed\">\n<div id=\"respond\" class=\"comment-respond\">\n<h3 id=\"reply-title\" class=\"comment-reply-title\">Lascia un commento <small><a rel=\"nofollow\" id=\"cancel-comment-reply-link\" href=\"https:\/\/www.secoloditalia.it\/2026\/01\/fini-meloni-ha-fatto-benissimo-a-rispondere-a-trump-sullafghanistan-aspettiamo-le-scuse-del-presidente\/#respond\">Annulla risposta<\/a><\/small><\/h3>\n<p class=\"comment-notes\"><span id=\"email-notes\">Il tuo indirizzo email non sar\u00e0 pubblicato.<\/span><span class=\"required-field-message\">I campi obbligatori sono contrassegnati <span class=\"required\">*<\/span><\/span><\/p>\n<\/div>\n<\/div>\n<div class=\"info-condivisione bottom\">\n<div>\n<p>di <span class=\"autore\">Redazione<\/span> &#8211; <span class=\"data\">26 Gennaio 2026<\/span><\/p>\n<\/div>\n<\/div>\n<\/div>\n<\/article>\n<p> Source URL: https:\/\/www.secoloditalia.it\/2026\/01\/fini-meloni-ha-fatto-benissimo-a-rispondere-a-trump-sullafghanistan-aspettiamo-le-scuse-del-presidente\/<\/p>\n","protected":false},"excerpt":{"rendered":"<p>&#8220;A Giorgia non servono padri&#8221; Fini: Meloni ha fatto benissimo a rispondere a Trump sull\u2019Afghanistan. Aspettiamo le scuse del presidente\u201d Politica &#8211; di Redazione &#8211; 26 Gennaio 2026 alle 15:00 Macch\u00e9 padri, \u201cla destra ha bisogno di solidi valori di riferimento, che gi\u00e0 ci sono. Di credibili programmi di governo, che gli elettori fino ad [&hellip;]<\/p>\n","protected":false},"author":1,"featured_media":1407127,"comment_status":"open","ping_status":"","sticky":false,"template":"","format":"standard","meta":{"footnotes":""},"categories":[87],"tags":[123],"class_list":["post-1407123","post","type-post","status-publish","format-standard","has-post-thumbnail","hentry","category-italy","tag-secoloditalia-it"],"_links":{"self":[{"href":"https:\/\/analyse.optim.biz\/index.php?rest_route=\/wp\/v2\/posts\/1407123","targetHints":{"allow":["GET"]}}],"collection":[{"href":"https:\/\/analyse.optim.biz\/index.php?rest_route=\/wp\/v2\/posts"}],"about":[{"href":"https:\/\/analyse.optim.biz\/index.php?rest_route=\/wp\/v2\/types\/post"}],"author":[{"embeddable":true,"href":"https:\/\/analyse.optim.biz\/index.php?rest_route=\/wp\/v2\/users\/1"}],"replies":[{"embeddable":true,"href":"https:\/\/analyse.optim.biz\/index.php?rest_route=%2Fwp%2Fv2%2Fcomments&post=1407123"}],"version-history":[{"count":0,"href":"https:\/\/analyse.optim.biz\/index.php?rest_route=\/wp\/v2\/posts\/1407123\/revisions"}],"wp:featuredmedia":[{"embeddable":true,"href":"https:\/\/analyse.optim.biz\/index.php?rest_route=\/wp\/v2\/media\/1407127"}],"wp:attachment":[{"href":"https:\/\/analyse.optim.biz\/index.php?rest_route=%2Fwp%2Fv2%2Fmedia&parent=1407123"}],"wp:term":[{"taxonomy":"category","embeddable":true,"href":"https:\/\/analyse.optim.biz\/index.php?rest_route=%2Fwp%2Fv2%2Fcategories&post=1407123"},{"taxonomy":"post_tag","embeddable":true,"href":"https:\/\/analyse.optim.biz\/index.php?rest_route=%2Fwp%2Fv2%2Ftags&post=1407123"}],"curies":[{"name":"wp","href":"https:\/\/api.w.org\/{rel}","templated":true}]}}