{"id":1407103,"date":"2026-01-26T14:21:21","date_gmt":"2026-01-26T11:21:21","guid":{"rendered":"https:\/\/analyse.optim.biz\/?p=1407103"},"modified":"2026-01-26T14:21:21","modified_gmt":"2026-01-26T11:21:21","slug":"fili-di-luce-il-convegno-per-illuminare-il-senso-delle-pari-opportunita-lontano-da-ogni-retorica","status":"publish","type":"post","link":"https:\/\/analyse.optim.biz\/?p=1407103","title":{"rendered":"\u201cFili di Luce\u201d, il convegno per illuminare il senso delle pari opportunit\u00e0 lontano da ogni retorica"},"content":{"rendered":"<article id=\"post-1523734\" class=\"post-1523734 post type-post status-publish format-standard has-post-thumbnail hentry category-politica posizione-editoriale-centro-pagina\">\n<div>\n<figure class=\"evidence-wrapper\"><img loading=\"lazy\" decoding=\"async\" width=\"860\" height=\"358\" src=\"https:\/\/analyse.optim.biz\/wp-content\/uploads\/2026\/01\/fili-di-luce-860x358-1.jpg\" class=\"attachment-single size-single wp-post-image\" alt=\"Un momento del convegno \u201cFili di luce\u201d promosso dal Dipartimento pari opportunit\u00e0 di FdI Roma\" title=\"Un momento del convegno \u201cFili di luce\u201d promosso dal Dipartimento pari opportunit\u00e0 di FdI Roma\"><\/figure>\n<p class=\"occhiello\">L&#8217;incontro a Roma<\/p>\n<h1>\u201cFili di Luce\u201d, il convegno per illuminare il senso delle pari opportunit\u00e0 lontano da ogni retorica<\/h1>\n<div class=\"info-condivisione\">\n<div>\n<p><span class=\"categoria\">Politica<\/span><\/p>\n<p>\t\t\t\t\t &#8211; di <span class=\"autore\">Elia Cevoli<\/span> &#8211; <span class=\"data\">26 Gennaio 2026 alle 15:21<\/span><\/p>\n<\/div>\n<\/div>\n<div class=\"contenuto\">\n<p>Auditorium John Coltrane Music School. Non un convegno da titoli preconfezionati. Non un esercizio di retorica.<strong>\u201cFili di Luce\u201d<\/strong>, l\u2019incontro promosso dal Dipartimento pari opportunit\u00e0 di FdI Roma, \u00e8 stato un pomeriggio ruvido e vero, in cui le pari opportunit\u00e0 sono state riportate al loro significato pi\u00f9 concreto: la possibilit\u00e0 reale di vivere con dignit\u00e0.<\/p>\n<h2>\u201cFili di luce\u201d per illuminare il senso profondo delle pari opportunit\u00e0<\/h2>\n<p>Ad aprire i lavori \u00e8 stata Lorena Vinzi, responsabile del Dipartimento, che ha chiarito subito il senso dell\u2019iniziativa parlando di lavoro, famiglie, giovani e anziani non come \u201ccategorie\u201d, ma come persone in carne e ossa. Il lavoro, ha ricordato Vinzim rilanciando la linea del partito, tradotta anche in azione di governo, \u00e8 il primo volto della dignit\u00e0: se manca il lavoro \u00abnon c\u2019\u00e8 casa, non c\u2019\u00e8 vita sociale, non c\u2019\u00e8 possibilit\u00e0 di costruire una famiglia\u00bb.<\/p>\n<div class=\"code-block code-block-6\"><\/div>\n<p>Accanto all\u2019organizzazione del Dipartimento, il convegno ha avuto un forte radicamento territoriale. Nei saluti iniziali, Flora Arcangeli, presidente del Coordinamento Fratelli d\u2019Italia del Municipio V, ha richiamato l\u2019importanza di una politica che nasce dall\u2019ascolto quotidiano dei quartieri. Presente anche Cristina De Simone, responsabile del Dipartimento Inclusione, a testimonianza di un lavoro che tiene insieme fragilit\u00e0 e presa in carico reale delle persone.<\/p>\n<h2>Nuove prospettive per i giovani, ma c\u2019\u00e8 chi ancora fatica a vederle<\/h2>\n<p>Parlando di lavoro e giovani, Claudio Colonna di Giovent\u00f9 nazionale ha portato dati difficili da aggirare. La disoccupazione giovanile \u00e8 in netto calo, ma resta attorno al 25%. Le retribuzioni dei giovani sono in media pi\u00f9 basse del 35% rispetto alla media generale. E poi c\u2019\u00e8 il dato che pesa pi\u00f9 di tutti: i Neet, giovani che non studiano, non lavorano e non cercano lavoro, oggi al 15,2% in Italia, tra i valori pi\u00f9 alti in Europa. Non una questione di pigrizia, ma di scoraggiamento. In una generazione di giovani cresciuti tra crisi economica, pandemia e precariet\u00e0 strutturale, c\u2019\u00e8 ancora chi fatica a immaginare un futuro, sebbene gli ultimi anni parlino di nuove prospettive e risultati concreti.<\/p>\n<h2>Roma e le disuguaglianze che si misurano sui servizi<\/h2>\n<p>Il discorso si \u00e8 poi spostato sulla citt\u00e0. Il consigliere comunale di Roma, Federico Rocca, ha posto una domanda semplice e scomoda: Roma \u00e8 davvero una citt\u00e0 delle pari opportunit\u00e0? La risposta passa dai servizi. Dall\u2019accesso alla scuola, alla mobilit\u00e0, allo sport, alla cultura. Diritti che sulla carta sono uguali per tutti, ma che nella pratica cambiano in base al quartiere in cui si vive. Un diritto che non si riesce a esercitare, ha ricordato Rocca, resta un diritto solo teorico.<\/p>\n<h2>Le scelte politiche per fare delle pari opportunit\u00e0 un \u201cdiritto praticabile\u201d<\/h2>\n<p>Il deputato e presidente di FdI Roma, Marco Perissa. ha affondato il colpo sul significato politico del tema. Le pari opportunit\u00e0 non sono uno slogan, ma una questione di accessibilit\u00e0 reale. Ha citato il pensiero di Amartya Sen e la distinzione tra diritti formali e diritti praticabili: se una persona ha diritto al lavoro ma non lo trova, o lo trova a tre ore di distanza e sottopagato, quel diritto resta sulla carta. Se il diritto allo studio esiste ma non \u00e8 raggiungibile per motivi economici o logistici, non \u00e8 un diritto esercitabile. La differenza, ha sottolineato, sta nelle scelte, come quelle compiute dal governo Meloni: non disperdere risorse in misure che non incidono sulle disuguaglianze strutturali, ma usarle per rendere i diritti concretamente accessibili.<\/p>\n<h2>Il record dell\u2019occupazione femminile in Italia<\/h2>\n<p>La senatrice Ester Mieli ha richiamato i numeri. Oggi in Italia le donne occupate hanno superato i 10,3 milioni, un dato storico. Non basta, ha detto, ma \u00e8 un segnale. Mieli ha richiamato il tema delle risorse: ogni scelta ha un costo e ogni spreco pesa sulle possibilit\u00e0 future. Ha ricordato l\u2019impatto di misure come il Superbonus, sottolineando quanto quelle risorse avrebbero potuto incidere su lavoro, famiglia e politiche sociali.<\/p>\n<h2>I conti in ordine come prerequisito per politiche sociali stabili<\/h2>\n<p>Il punto di vista regionale \u00e8 stato affidato all\u2019assessore Marco Maselli. I conti in ordine, ha spiegato, non sono un feticcio tecnico, ma la condizione per politiche sociali stabili. Maselli ha parlato della legge delega sugli anziani, della presa in carico come cambio culturale: non pi\u00f9 persone costrette a girare tra uffici e strutture, ma un sistema che le accompagna a domicilio, integrando sociale e sanitario. Ha citato le sperimentazioni avviate nel Lazio, gli investimenti su mobilit\u00e0, disabilit\u00e0, teleassistenza, e il rafforzamento dei servizi territoriali.<\/p>\n<h2>Libere di non dover scegliere: ecco la vera parit\u00e0 di genere<\/h2>\n<p>Il tema dell\u2019equit\u00e0 tra uomo e donna \u00e8 stato affrontato dalla vicepresidente della Commissione regionale Lavoro, Maria Chiara Iannarelli, che ha messo in guardia da una falsa idea di uguaglianza. \u00abL\u2019equit\u00e0 non \u00e8 chiedere alle donne di rinnegare la maternit\u00e0 per realizzarsi\u00bb, le donne, ha detto, vogliono potersi realizzare come professioniste, come madri, come persone intere. Negare che maternit\u00e0 e femminilit\u00e0 siano parte della loro identit\u00e0 significa impoverire l\u2019intera societ\u00e0. Iannarelli ha richiamato anche il tema della scuola e della libert\u00e0 educativa come strumento di pari opportunit\u00e0 reale.<\/p>\n<h2>La fragilit\u00e0 non ha un solo volto<\/h2>\n<p>Spazio anche alle nuove povert\u00e0 e alla fragilit\u00e0 familiare con l\u2019intervento dell\u2019avvocato Flavia Siviero. Chiara del Guerra, assessore del VI Municipio, ha portato l\u2019esperienza dell\u2019unico sportello di ascolto rivolto anche agli uomini in difficolt\u00e0 dopo una separazione in Italia. Un segnale importante: la fragilit\u00e0 non ha un solo volto. Lo psicologo Marco Mastrilli ha portato in sala il disagio che vede ogni giorno e che senza percorsi rapidi e accessibili diventa esclusione sociale. A chiudere il convegno \u00e8 stata di nuovo Lorena Vinzi, con una citazione di San Francesco d\u2019Assisi che ha tenuto insieme tutto il pomeriggio: \u00abCominciate col fare ci\u00f2 che \u00e8 necessario, poi ci\u00f2 che \u00e8 possibile. E all\u2019improvviso vi sorprenderete a fare l\u2019impossibile\u00bb. Non uno slogan. Una direzione.<\/p>\n<\/div>\n<div class=\"commentSectionContainer\">\n<p class=\"comments-title\">Non ci sono commenti, inizia una discussione<\/p>\n<\/div>\n<div id=\"comments\" class=\"comments-area closed\">\n<div id=\"respond\" class=\"comment-respond\">\n<h3 id=\"reply-title\" class=\"comment-reply-title\">Lascia un commento <small><a rel=\"nofollow\" id=\"cancel-comment-reply-link\" href=\"https:\/\/www.secoloditalia.it\/2026\/01\/fili-di-luce-il-convegno-per-illuminare-il-senso-delle-pari-opportunita-lontano-da-ogni-retorica\/#respond\">Annulla risposta<\/a><\/small><\/h3>\n<p class=\"comment-notes\"><span id=\"email-notes\">Il tuo indirizzo email non sar\u00e0 pubblicato.<\/span><span class=\"required-field-message\">I campi obbligatori sono contrassegnati <span class=\"required\">*<\/span><\/span><\/p>\n<\/div>\n<\/div>\n<div class=\"info-condivisione bottom\">\n<div>\n<p>di <span class=\"autore\">Elia Cevoli<\/span> &#8211; <span class=\"data\">26 Gennaio 2026<\/span><\/p>\n<\/div>\n<\/div>\n<\/div>\n<\/article>\n<p> Source URL: https:\/\/www.secoloditalia.it\/2026\/01\/fili-di-luce-il-convegno-per-illuminare-il-senso-delle-pari-opportunita-lontano-da-ogni-retorica\/<\/p>\n","protected":false},"excerpt":{"rendered":"<p>L&#8217;incontro a Roma \u201cFili di Luce\u201d, il convegno per illuminare il senso delle pari opportunit\u00e0 lontano da ogni retorica Politica &#8211; di Elia Cevoli &#8211; 26 Gennaio 2026 alle 15:21 Auditorium John Coltrane Music School. Non un convegno da titoli preconfezionati. Non un esercizio di retorica.\u201cFili di Luce\u201d, l\u2019incontro promosso dal Dipartimento pari opportunit\u00e0 di [&hellip;]<\/p>\n","protected":false},"author":1,"featured_media":1407104,"comment_status":"open","ping_status":"","sticky":false,"template":"","format":"standard","meta":{"footnotes":""},"categories":[87],"tags":[123],"class_list":["post-1407103","post","type-post","status-publish","format-standard","has-post-thumbnail","hentry","category-italy","tag-secoloditalia-it"],"_links":{"self":[{"href":"https:\/\/analyse.optim.biz\/index.php?rest_route=\/wp\/v2\/posts\/1407103","targetHints":{"allow":["GET"]}}],"collection":[{"href":"https:\/\/analyse.optim.biz\/index.php?rest_route=\/wp\/v2\/posts"}],"about":[{"href":"https:\/\/analyse.optim.biz\/index.php?rest_route=\/wp\/v2\/types\/post"}],"author":[{"embeddable":true,"href":"https:\/\/analyse.optim.biz\/index.php?rest_route=\/wp\/v2\/users\/1"}],"replies":[{"embeddable":true,"href":"https:\/\/analyse.optim.biz\/index.php?rest_route=%2Fwp%2Fv2%2Fcomments&post=1407103"}],"version-history":[{"count":0,"href":"https:\/\/analyse.optim.biz\/index.php?rest_route=\/wp\/v2\/posts\/1407103\/revisions"}],"wp:featuredmedia":[{"embeddable":true,"href":"https:\/\/analyse.optim.biz\/index.php?rest_route=\/wp\/v2\/media\/1407104"}],"wp:attachment":[{"href":"https:\/\/analyse.optim.biz\/index.php?rest_route=%2Fwp%2Fv2%2Fmedia&parent=1407103"}],"wp:term":[{"taxonomy":"category","embeddable":true,"href":"https:\/\/analyse.optim.biz\/index.php?rest_route=%2Fwp%2Fv2%2Fcategories&post=1407103"},{"taxonomy":"post_tag","embeddable":true,"href":"https:\/\/analyse.optim.biz\/index.php?rest_route=%2Fwp%2Fv2%2Ftags&post=1407103"}],"curies":[{"name":"wp","href":"https:\/\/api.w.org\/{rel}","templated":true}]}}