{"id":1407098,"date":"2026-01-26T14:25:36","date_gmt":"2026-01-26T11:25:36","guid":{"rendered":"https:\/\/analyse.optim.biz\/?p=1407098"},"modified":"2026-01-26T14:25:36","modified_gmt":"2026-01-26T11:25:36","slug":"il-trionfo-di-beatrice-venezi-a-pisa-smaschera-i-sindacati-il-punto-non-e-lei-la-nostra-protesta-e","status":"publish","type":"post","link":"https:\/\/analyse.optim.biz\/?p=1407098","title":{"rendered":"Il trionfo di Beatrice Venezi a Pisa smaschera i sindacati: \u201cIl punto non \u00e8 lei, la nostra protesta \u00e8&#8230;"},"content":{"rendered":"<article id=\"post-1523735\" class=\"post-1523735 post type-post status-publish format-standard has-post-thumbnail hentry category-video-del-secolo category-politica posizione-editoriale-apertura posizione-editoriale-apertura-secondaria\">\n<div>\n<figure class=\"evidence-wrapper\"><img loading=\"lazy\" decoding=\"async\" width=\"860\" height=\"358\" src=\"https:\/\/analyse.optim.biz\/wp-content\/uploads\/2026\/01\/beatrice-venezi-3-860x358-1.jpg\" class=\"attachment-single size-single wp-post-image\" alt=\"Il trionfo di Beatrice Venezi a Pisa smaschera i sindacati: \u201cIl punto non \u00e8 lei, la nostra protesta \u00e8 politica\u201d\" title=\"Il trionfo di Beatrice Venezi a Pisa smaschera i sindacati: \u201cIl punto non \u00e8 lei, la nostra protesta \u00e8 politica\u201d\"><\/figure>\n<p class=\"occhiello\">Il dietrofront<\/p>\n<h1>Il trionfo di Beatrice Venezi a Pisa smaschera i sindacati: \u201cIl punto non \u00e8 lei, la nostra protesta \u00e8 politica\u201d<\/h1>\n<div class=\"info-condivisione\">\n<div>\n<p><span class=\"categoria\">I Video del Secolo<\/span><\/p>\n<p>\t\t\t\t\t &#8211; di <span class=\"autore\">Maurizio Ferrini<\/span> &#8211; <span class=\"data\">26 Gennaio 2026 alle 15:25<\/span><\/p>\n<\/div>\n<\/div>\n<div class=\"contenuto\">\n<p>Dopo che perfino i giornali come Repubblica, non certo schierati col governo, hanno riconosciuto il successo di Beatrice Venezi al Teatro Verdi Pisa, arriva perfino la certificazione del Comitato Nazionale delle Fondazioni Lirico Sinfoniche, organismo\u00a0 tra i principali oppositori alla nomina ufficializzata lo scorso 22 settembre del maestro toscano alla direzione musicale della Fenice di Venezia.<\/p>\n<h2>Non basta la spilletta gialla<\/h2>\n<p><a href=\"https:\/\/www.secoloditalia.it\/2026\/01\/altra-replica-altro-trionfo-beatrice-venezi-riceve-8-minuti-dapplausi-dal-pubblico-di-pisa-la-protesta-della-cgil-e-un-flop\/\" target=\"_blank\" rel=\"noopener\">Nelle scorse ore<\/a>, infatti, \u00e8 arrivato un comunicato pubblicato sui social dal Comitato Nazionale delle Fondazioni Lirico Sinfoniche che \u00e8 intervenuto proprio sull\u2019appuntamento di Pisa. Il Comitato \u00e8 tra i principali oppositori alla nomina ufficializzata lo scorso 22 settembre del maestro toscano alla direzione musicale della Fenice di Venezia e in questi mesi si \u00e8 sempre schierato al fianco degli orchestrali del teatro veneziano. Infatti, il Comitato sceglie di presentarsi al pubblico con l\u2019immagine dell\u2019ormai nota spilletta gialla anti-Venezi.<\/p>\n<div class=\"code-block code-block-6\"><\/div>\n<h2>\u201cAnche le repliche della Carmen sono state un successo\u201d<\/h2>\n<p>Eppure, nel loro ultimo comunicato si legge: \u201cIl successo della Carmen al Teatro Verdi di Pisa diretta da Beatrice Venezi, \u00e8 un dato di fatto \u2013 riconosce il Comitato \u2013 un esito positivo che va valorizzato, soprattutto in un momento storico in cui ogni investimento culturale che incontra il favore del pubblico rappresenta un segnale di speranza per il settore\u201d. In pratica, anche per i pasdaran contrari alla nomina di Venezi alla Fenice, le repliche al Verdi di Pisa con la Carmen sono state un \u201csuccesso\u201d.<\/p>\n<h2>La nota dei sindacati: \u201cIl punto non \u00e8, e non \u00e8 mai stato, Beatrice Venezi\u201d<\/h2>\n<p>Ma il comunicato, sostanzialmente, svela la vera chiave delle proteste anti-Venezi: si legge infatti che pi\u00f9 che la sua nomina alla Fenice \u00e8 in realt\u00e0 il\u00a0nuovo Codice dello spettacolo il vero bersaglio.\u00a0Quello stesso codice in fase di definizione, e con cui il governo mira a disciplinare l\u2019intero settore.<br \/>\nIl Comitato parla di\u00a0\u201cdisegno politico ben preciso, contenuto nel nuovo Codice dello Spettacolo attualmente in discussione\u201d\u00a0e si spinge a dire che\u00a0<strong>\u201cil punto non \u00e8, e non \u00e8 mai stato, Beatrice Venezi,<\/strong> su cui\u00a0le opinioni possono legittimamente divergere, ma la modalit\u00e0 della sua nomina, espressione di un rischio pi\u00f9 grande: l\u2019accentramento del potere ministeriale, gi\u00e0 per l\u2019appunto \u2018promesso\u2019 nel nuovo Codice dello Spettacolo\u201d.<\/p>\n<p>Insomma, anche i sindacati ammettono che la protesta anti-Venezi non \u00e8 tecnica o artistica, ma una banalissima questione politica. Ma che sorpresa.<\/p>\n<\/div>\n<div class=\"commentSectionContainer\">\n<p class=\"comments-title\">Non ci sono commenti, inizia una discussione<\/p>\n<\/div>\n<div id=\"comments\" class=\"comments-area closed\">\n<div id=\"respond\" class=\"comment-respond\">\n<h3 id=\"reply-title\" class=\"comment-reply-title\">Lascia un commento <small><a rel=\"nofollow\" id=\"cancel-comment-reply-link\" href=\"https:\/\/www.secoloditalia.it\/2026\/01\/il-trionfo-di-beatrice-venezi-a-pisa-smaschera-i-sindacati-il-punto-non-e-lei-la-nostra-protesta-e-politica\/#respond\">Annulla risposta<\/a><\/small><\/h3>\n<p class=\"comment-notes\"><span id=\"email-notes\">Il tuo indirizzo email non sar\u00e0 pubblicato.<\/span><span class=\"required-field-message\">I campi obbligatori sono contrassegnati <span class=\"required\">*<\/span><\/span><\/p>\n<\/div>\n<\/div>\n<div class=\"info-condivisione bottom\">\n<div>\n<p>di <span class=\"autore\">Maurizio Ferrini<\/span> &#8211; <span class=\"data\">26 Gennaio 2026<\/span><\/p>\n<\/div>\n<\/div>\n<\/div>\n<\/article>\n<p> Source URL: https:\/\/www.secoloditalia.it\/2026\/01\/il-trionfo-di-beatrice-venezi-a-pisa-smaschera-i-sindacati-il-punto-non-e-lei-la-nostra-protesta-e-politica\/<\/p>\n","protected":false},"excerpt":{"rendered":"<p>Il dietrofront Il trionfo di Beatrice Venezi a Pisa smaschera i sindacati: \u201cIl punto non \u00e8 lei, la nostra protesta \u00e8 politica\u201d I Video del Secolo &#8211; di Maurizio Ferrini &#8211; 26 Gennaio 2026 alle 15:25 Dopo che perfino i giornali come Repubblica, non certo schierati col governo, hanno riconosciuto il successo di Beatrice Venezi [&hellip;]<\/p>\n","protected":false},"author":1,"featured_media":1407099,"comment_status":"open","ping_status":"","sticky":false,"template":"","format":"standard","meta":{"footnotes":""},"categories":[87],"tags":[123],"class_list":["post-1407098","post","type-post","status-publish","format-standard","has-post-thumbnail","hentry","category-italy","tag-secoloditalia-it"],"_links":{"self":[{"href":"https:\/\/analyse.optim.biz\/index.php?rest_route=\/wp\/v2\/posts\/1407098","targetHints":{"allow":["GET"]}}],"collection":[{"href":"https:\/\/analyse.optim.biz\/index.php?rest_route=\/wp\/v2\/posts"}],"about":[{"href":"https:\/\/analyse.optim.biz\/index.php?rest_route=\/wp\/v2\/types\/post"}],"author":[{"embeddable":true,"href":"https:\/\/analyse.optim.biz\/index.php?rest_route=\/wp\/v2\/users\/1"}],"replies":[{"embeddable":true,"href":"https:\/\/analyse.optim.biz\/index.php?rest_route=%2Fwp%2Fv2%2Fcomments&post=1407098"}],"version-history":[{"count":0,"href":"https:\/\/analyse.optim.biz\/index.php?rest_route=\/wp\/v2\/posts\/1407098\/revisions"}],"wp:featuredmedia":[{"embeddable":true,"href":"https:\/\/analyse.optim.biz\/index.php?rest_route=\/wp\/v2\/media\/1407099"}],"wp:attachment":[{"href":"https:\/\/analyse.optim.biz\/index.php?rest_route=%2Fwp%2Fv2%2Fmedia&parent=1407098"}],"wp:term":[{"taxonomy":"category","embeddable":true,"href":"https:\/\/analyse.optim.biz\/index.php?rest_route=%2Fwp%2Fv2%2Fcategories&post=1407098"},{"taxonomy":"post_tag","embeddable":true,"href":"https:\/\/analyse.optim.biz\/index.php?rest_route=%2Fwp%2Fv2%2Ftags&post=1407098"}],"curies":[{"name":"wp","href":"https:\/\/api.w.org\/{rel}","templated":true}]}}