{"id":1407079,"date":"2026-01-26T15:05:38","date_gmt":"2026-01-26T12:05:38","guid":{"rendered":"https:\/\/analyse.optim.biz\/?p=1407079"},"modified":"2026-01-26T15:05:38","modified_gmt":"2026-01-26T12:05:38","slug":"torino-askatasuna-pronta-a-scatenare-linferno-sul-web-le-istruzioni-per-luso-della-guerriglia-e-il-kit","status":"publish","type":"post","link":"https:\/\/analyse.optim.biz\/?p=1407079","title":{"rendered":"Torino, Askatasuna pronta a scatenare l&#8217;inferno, sul web le istruzioni per l&#8217;uso della guerriglia e il kit&#8230;"},"content":{"rendered":"<article id=\"post-1523712\" class=\"post-1523712 post type-post status-publish format-standard has-post-thumbnail hentry category-cronaca category-politica posizione-editoriale-apertura posizione-editoriale-apertura-secondaria posizione-editoriale-centro-pagina\">\n<div>\n<figure class=\"evidence-wrapper\"><img loading=\"lazy\" decoding=\"async\" width=\"860\" height=\"358\" src=\"https:\/\/analyse.optim.biz\/wp-content\/uploads\/2026\/01\/askatasuna-si-prepara-a-mettere-a-ferro-e-fuoco-torino-e-sui-social-girano-le-istruzioni-e-il-kit-p-860x358-1.jpg\" class=\"attachment-single size-single wp-post-image\" alt=\"Askatasuna si prepara a mettere a ferro e fuoco Torino col corteo di sabato prossimo: e sui social girano le istruzioni e il kit per l\u2019uso della violenza\" title=\"Askatasuna si prepara a mettere a ferro e fuoco Torino col corteo di sabato prossimo: e sui social girano le istruzioni e il kit per l\u2019uso della violenza\"><\/figure>\n<p class=\"occhiello\">Corteo di sabato: la strategia<\/p>\n<h1>Torino, Askatasuna pronta a scatenare l\u2019inferno, sul web le istruzioni per l\u2019uso della guerriglia e il kit della violenza: pali, sassi e bottiglie<\/h1>\n<p class=\"sottotitolo\">Per la manifestazione del 31 gennaio sono previsti tre &#8220;serpentoni&#8221; da far confluire in un unico flusso per paralizzare la citt\u00e0. L\u2019allarme corre sui social: l&#8217;universo antagonista si addestra e detta le regole del perfetto guerrigliero per lo scontro fisico con le forze dell&#8217;ordine. Intanto la sinistra resta a guardare<\/p>\n<div class=\"info-condivisione\">\n<div>\n<p><span class=\"categoria\">Cronaca<\/span><\/p>\n<p>\t\t\t\t\t &#8211; di <span class=\"autore\">Lorenza Mariani<\/span> &#8211; <span class=\"data\">26 Gennaio 2026 alle 16:05<\/span><\/p>\n<\/div>\n<\/div>\n<div class=\"contenuto\">\n<p><strong>Torino si prepara a vivere un altro sabato di passione<\/strong>, ma non \u00e8 la solita mobilitazione militante e politica. \u00c8 un vero e proprio<strong> piano d\u2019assedio<\/strong> quello orchestrato dall\u2019universo del centro sociale di Askatasuna per il 31 gennaio: una data cerchiata in rosso sul calendario della galassia anarchica e dei \u201ccolleghi\u201d di tutta Italia. <strong>L\u2019obiettivo dichiarato \u00e8 la \u201criconquista\u201d degli spazi dopo lo sgombero della sede occupata<\/strong>, avvenuto lo scorso 18 dicembre. Ma dietro le parole d\u2019ordine della \u201clibert\u00e0 di espressione\u201d, <strong>il tam tam scattato da giorni sui social con le istruzioni per l\u2019uso dello scontro, si cela una strategia di guerriglia urbana quasi paramilitare<\/strong> che preoccupa, e non poco, le forze dell\u2019ordine e i tutori istituzionali dell\u2019ordine e della sicurezza.<\/p>\n<h2>Askatasuna, il corteo sabato e le strategie dei manifestanti tra tattiche militari e \u201cserpenti\u201d urbani<\/h2>\n<p>Secondo quando si apprende, nelle scorse ore sarebbe stato gi\u00e0 pre-avvisato alle autorit\u00e0 competenti il percorso dei<strong> tre cortei che si concentreranno a partire dalle 14.30 nei pressi delle stazioni ferroviarie di Porta Nuova, Porta Susa e a Palazzo Nuovo<\/strong>, sede delle facolt\u00e0 umanistiche. Una volta raggiunta <em>Piazza Castello<\/em>, dopo aver attraversato le vie del centro citt\u00e0,<strong> i tre cortei riuniti in un unico serpentone dovrebbero proseguire a sfilare lungo Viale Primo Maggio, corso Regina Margherita<\/strong>, dove si trova l\u2019immobile sgomberato, <em>Via Rossini<\/em>, <em>Lungo Dora Firenze<\/em> e <em>Corso Regio Parco<\/em>, dove la manifestazione dovrebbe concludersi.<\/p>\n<div class=\"code-block code-block-6\"><\/div>\n<div class=\"correlati_contento\"><span class=\"tecFont\">Leggi anche<\/span><\/p>\n<ul>\n<li><a href=\"https:\/\/www.secoloditalia.it\/2026\/01\/il-31-gennaio-accerchieremo-3-cortei-per-prenderci-la-citta-la-minaccia-di-askatasuna-alluniversita-di-torino-annuncia-la-guerriglia-urbana\/?utm_source=content&amp;utm_medium=related&amp;utm_campaign=middle\">&#8220;Il 31 gennaio accerchieremo: 3 cortei per prenderci la citt\u00e0&#8221;: la minaccia di Askatasuna all&#8217;universit\u00e0 di Torino annuncia la guerriglia urbana<\/a><\/li>\n<li><a href=\"https:\/\/www.secoloditalia.it\/2026\/01\/askatasuna-la-ricreazione-e-finita-il-sindaco-lo-russo-ci-ripensa-contrordine-compagni-quel-centro-sociale-non-e-un-bene-comune\/?utm_source=content&amp;utm_medium=related&amp;utm_campaign=middle\">Askatasuna, la ricreazione \u00e8 finita. Il sindaco Lo Russo ci ripensa: contrordine compagni, quel centro sociale non \u00e8 un bene comune<\/a><\/li>\n<\/ul>\n<\/div>\n<h2>Per la manifestazione nazionale sullo sgombero di Askatasuna, tre cortei riuniti in centro citt\u00e0<\/h2>\n<p>Insomma, sembra evidente che <strong>lo schema che si ripropone \u00e8 quello classico dei grandi vertici internazionali, mutuato da manuali para-militari: non un unico punto di raccolta, ma tre diversi cortei<\/strong> che partiranno simultaneamente da <em>Porta Nuova<\/em>, <em>Porta Susa<\/em> e <em>Palazzo Nuovo<\/em>. Una strategia studiata a tavolino per \u201csaturare\u201d la capacit\u00e0 di risposta delle divise, obbligandole a dividere i contingenti su pi\u00f9 fronti prima che i tre tronconi si ricongiungano in <em>Piazza Castello<\/em>. L\u2019obiettivo? <strong>Paralizzare il centro cittadino e puntare dritto verso Corso Regina Margherita, l\u00ec dove l\u2019immobile sgomberato \u00e8 diventato il totem di una sfida aperta allo Stato<\/strong>. Tutti riuniti, antagonisti, anarchici, e chi pi\u00f9 ne ha, pi\u00f9 ne metta, allo scopo di trasformare un legittimo sgombero di un locale occupato abusivamente come il pretesto per creare un fronte nazionale di opposizione sociale.<\/p>\n<h2>Da Askatasuna, l\u2019addestramento alla violenza: le istruzioni per l\u2019uso via social<\/h2>\n<p>Ci\u00f2 che per\u00f2 rende il clima ancora pi\u00f9 torbido sono i segnali che arrivano dai circuiti social e dalle \u201cpalestre popolari\u201d legate al movimento. In Toscana, collettivi universitari e antagonisti hanno promosso \u201callenamenti in piazza verso il corteo\u201d, con sessioni di boxe, karate e kick-boxing presentate non come sport, ma come preparazione funzionale allo scontro. \u00c8 il passaggio dalla protesta alla \u201cpratica\u201d della violenza: <strong>ci si prepara fisicamente a forzare i cordoni di polizia, mentre online circolano istruzioni su come trasformare un corteo in un campo di battaglia<\/strong>.<\/p>\n<h2>E con tanto di kit del perfetto attivista da centro sociale suggerito<\/h2>\n<p>Non solo. Per l\u2019occasione \u00e8 stata espressamente lanciata sui social la campagna \u201cCome prepararsi alla piazza?\u201d. Con tanto di indicazioni dettagliate e i consigli a dotarsi di un \u00ab<strong>kit medico personale<\/strong>\u00bb \u00abcos\u00ec aiuterai riot medic\u00bb (volontari non armati che operano durante manifestazioni, cortei o situazioni di conflitto sociale con il compito di fornire primo soccorso informale ai partecipanti, ndr) e \u00abgli altri manifestanti che sono in piazza\u00bb. E, a imprescindibile corredo, oltre a tutto questo, il kit di cui dotarsi per prepararsi alle manifestazioni comprenderebbe <strong>anche materiale vario da utilizzare durante gli scontri con le forze dell\u2019ordine<\/strong>.<\/p>\n<h2>Si consigliano giacchio e garze per le ferite e pali, bottiglie e sassi da lanciare\u2026<\/h2>\n<p>E quindi: <strong>mascherine e antiacido per proteggersi dai lacrimogeni<\/strong>. <strong>Ghiaccio secco o spray in caso di colpi sulla pelle che potrebbero arrivare da lontano<\/strong>. E ovviamente <strong>garze e bende a fronte di possibili ferite<\/strong>. Insomma, tutto quello che occorre per affrontare la guerriglia urbana, inclusi oggetti vari per aggredire le forze dell\u2019ordine. A tal proposito, allora, solitamente sono consigliate <strong>le aste delle bandiere<\/strong>,<strong> i pali della segnaletica stradale divelti per l\u2019occasione<\/strong>, oltre al materiale necessario per <strong>dare alle fiamme i<\/strong><strong>cassonetti<\/strong>. Ma anche<strong> bottiglie e sassi da lanciare<\/strong>. Perch\u00e9 nella narrazione della galassia antagonista \u00ab\u00e8 tempo di tenere insieme quello che loro vogliono allontanare, di rifiutare la loro divisione di bene e male e costruire un\u2019alternativa credibile. Resistere \u00e8 possibile, resistere \u00e8 un dovere\u00bb.<\/p>\n<h2>L\u2019Ateneo sotto scacco<\/h2>\n<p>E anche se sembra gi\u00e0 abbastanza, purtroppo non \u00e8 ancora tutto. Perch\u00e9 in questo scenario bellico non mancano, ovviamente,<strong> le intimidazioni istituzionali<\/strong>. La rettrice dell\u2019<em>Universit\u00e0 di Torino<\/em>, rea di aver negato gli spazi per una<a href=\"https:\/\/www.secoloditalia.it\/2026\/01\/askatasuna-ci-riprova-con-una-festa-serale-alluniversita-di-torino-fdi-fatto-gravissimo-e-inaccettabile\/\" target=\"_blank\" rel=\"noopener\"> festa organizzata<\/a> dai sodali di Askatasuna, \u00e8 finita nel mirino di insulti e minacce. Un clima di odio che ha costretto alla chiusura temporanea di Palazzo Nuovo, trasformato da luogo di cultura a potenziale base logistica per l\u2019insorgenza urbana. Come tutta Torino, che si prepara a fare da teatro di una battaglia con cui Askatasuna punta a trasformare la citt\u00e0 in un laboratorio di una nuova stagione di violenza.<\/p>\n<p>Sabato sar\u00e0 il banco di prova: da una parte chi vuole \u201criprendersi la citt\u00e0\u201d con la forza dei muscoli e la veemenza della guerriglia urbana antagonista. Dall\u2019altra, uno Stato che ha il dovere di non arretrare di un millimetro davanti a chi considera la legalit\u00e0 un optional, e le forze di polizia un bersaglio da colpire e affondare.<\/p>\n<\/div>\n<div class=\"commentSectionContainer\">\n<p class=\"comments-title\">Non ci sono commenti, inizia una discussione<\/p>\n<\/div>\n<div id=\"comments\" class=\"comments-area closed\">\n<div id=\"respond\" class=\"comment-respond\">\n<h3 id=\"reply-title\" class=\"comment-reply-title\">Lascia un commento <small><a rel=\"nofollow\" id=\"cancel-comment-reply-link\" href=\"https:\/\/www.secoloditalia.it\/2026\/01\/torino-askatasuna-pronta-a-scatenare-linferno-sul-web-le-istruzioni-per-luso-della-guerriglia-e-il-kit-della-violenza-pali-sassi-e-bottiglie\/#respond\">Annulla risposta<\/a><\/small><\/h3>\n<p class=\"comment-notes\"><span id=\"email-notes\">Il tuo indirizzo email non sar\u00e0 pubblicato.<\/span><span class=\"required-field-message\">I campi obbligatori sono contrassegnati <span class=\"required\">*<\/span><\/span><\/p>\n<\/div>\n<\/div>\n<div class=\"info-condivisione bottom\">\n<div>\n<p>di <span class=\"autore\">Lorenza Mariani<\/span> &#8211; <span class=\"data\">26 Gennaio 2026<\/span><\/p>\n<\/div>\n<\/div>\n<\/div>\n<\/article>\n<p> Source URL: https:\/\/www.secoloditalia.it\/2026\/01\/torino-askatasuna-pronta-a-scatenare-linferno-sul-web-le-istruzioni-per-luso-della-guerriglia-e-il-kit-della-violenza-pali-sassi-e-bottiglie\/<\/p>\n","protected":false},"excerpt":{"rendered":"<p>Corteo di sabato: la strategia Torino, Askatasuna pronta a scatenare l\u2019inferno, sul web le istruzioni per l\u2019uso della guerriglia e il kit della violenza: pali, sassi e bottiglie Per la manifestazione del 31 gennaio sono previsti tre &#8220;serpentoni&#8221; da far confluire in un unico flusso per paralizzare la citt\u00e0. L\u2019allarme corre sui social: l&#8217;universo antagonista [&hellip;]<\/p>\n","protected":false},"author":1,"featured_media":1407080,"comment_status":"open","ping_status":"","sticky":false,"template":"","format":"standard","meta":{"footnotes":""},"categories":[87],"tags":[123],"class_list":["post-1407079","post","type-post","status-publish","format-standard","has-post-thumbnail","hentry","category-italy","tag-secoloditalia-it"],"_links":{"self":[{"href":"https:\/\/analyse.optim.biz\/index.php?rest_route=\/wp\/v2\/posts\/1407079","targetHints":{"allow":["GET"]}}],"collection":[{"href":"https:\/\/analyse.optim.biz\/index.php?rest_route=\/wp\/v2\/posts"}],"about":[{"href":"https:\/\/analyse.optim.biz\/index.php?rest_route=\/wp\/v2\/types\/post"}],"author":[{"embeddable":true,"href":"https:\/\/analyse.optim.biz\/index.php?rest_route=\/wp\/v2\/users\/1"}],"replies":[{"embeddable":true,"href":"https:\/\/analyse.optim.biz\/index.php?rest_route=%2Fwp%2Fv2%2Fcomments&post=1407079"}],"version-history":[{"count":0,"href":"https:\/\/analyse.optim.biz\/index.php?rest_route=\/wp\/v2\/posts\/1407079\/revisions"}],"wp:featuredmedia":[{"embeddable":true,"href":"https:\/\/analyse.optim.biz\/index.php?rest_route=\/wp\/v2\/media\/1407080"}],"wp:attachment":[{"href":"https:\/\/analyse.optim.biz\/index.php?rest_route=%2Fwp%2Fv2%2Fmedia&parent=1407079"}],"wp:term":[{"taxonomy":"category","embeddable":true,"href":"https:\/\/analyse.optim.biz\/index.php?rest_route=%2Fwp%2Fv2%2Fcategories&post=1407079"},{"taxonomy":"post_tag","embeddable":true,"href":"https:\/\/analyse.optim.biz\/index.php?rest_route=%2Fwp%2Fv2%2Ftags&post=1407079"}],"curies":[{"name":"wp","href":"https:\/\/api.w.org\/{rel}","templated":true}]}}