{"id":1407066,"date":"2026-01-26T15:10:30","date_gmt":"2026-01-26T12:10:30","guid":{"rendered":"https:\/\/analyse.optim.biz\/?p=1407066"},"modified":"2026-01-26T15:10:30","modified_gmt":"2026-01-26T12:10:30","slug":"toghe-rozze-nordio-non-accetta-le-scuse-del-segretario-dellanm-post-indegno-inadeguato-alla-carica-che","status":"publish","type":"post","link":"https:\/\/analyse.optim.biz\/?p=1407066","title":{"rendered":"Toghe rozze, Nordio non accetta le scuse del segretario dell&#8217;Anm: post indegno, inadeguato alla carica che&#8230;"},"content":{"rendered":"<article id=\"post-1523725\" class=\"post-1523725 post type-post status-publish format-standard has-post-thumbnail hentry category-politica posizione-editoriale-apertura\">\n<div>\n<figure class=\"evidence-wrapper\"><img loading=\"lazy\" decoding=\"async\" width=\"860\" height=\"358\" src=\"https:\/\/analyse.optim.biz\/wp-content\/uploads\/2026\/01\/maruotti-secolo-860x358-1.jpg\" class=\"attachment-single size-single wp-post-image\" alt=\"Toghe rozze, Nordio non accetta le scuse del segretario dell\u2019Anm: post indegno, inadeguato alla carica che ricopre\" title=\"Toghe rozze, Nordio non accetta le scuse del segretario dell\u2019Anm: post indegno, inadeguato alla carica che ricopre\"><\/figure>\n<p class=\"occhiello\">A quando le dimissioni?<\/p>\n<h1>Toghe rozze, Nordio non accetta le scuse del segretario dell\u2019Anm: post indegno, inadeguato alla carica che ricopre<\/h1>\n<div class=\"info-condivisione\">\n<div>\n<p><span class=\"categoria\">Politica<\/span><\/p>\n<p>\t\t\t\t\t &#8211; di <span class=\"autore\">Romana Fabiani<\/span> &#8211; <span class=\"data\">26 Gennaio 2026 alle 16:10<\/span><\/p>\n<\/div>\n<\/div>\n<div class=\"contenuto\">\n<p>Quando il furore ideologico annebbia la vista e produce guai. Non sono bastate le goffe scuse e la marcia indietro, associata alla pi\u00f9 scontata delle giustificazioni (sono stato compreso male) per archiviare la \u201cpratica Maruotti\u201d. Quel post, poi rimosso, del segretario generale dell\u2019Anm, <strong>Rocco Maruotti<\/strong>, grida vendetta. Nel messaggio delirante si associa l\u2019immagine dell\u2019ultima vittima dell\u2019Ice a Minneapolis, Alex Jeffrey Pretti, ucciso dagli agenti federali, alla riforma della giustizia. A corredo della foto parole inequivocabili, giudicate \u2018disgustose\u2019 dal ministro Carlo Nordio. \u201cAnche questo omicidio di Stato \u2013 scrive Maruotti \u2013 rimarr\u00e0 impunito in quella democrazia al cui sistema giudiziario si ispira la riforma Meloni-Nordio\u201d.<\/p>\n<h2>Il post delirante del segretario generale dell\u2019Anm<\/h2>\n<p>Pi\u00f9 tardi il segretario-militante del sindacato delle toghe prova a mettere una pezza. \u201cMi scuso con chi vi ha letto un accostamento improprio. La critica era rivolta a ci\u00f2 che sta accadendo in questi giorni a Minneapolis\u201d. Ma la sparata resta e dimostra dove pu\u00f2 arrivare la strumentalizzazione ideologica del fronte del no che teme come la peste il via libera popolare alla riforma della giustizia.<\/p>\n<div class=\"code-block code-block-6\"><\/div>\n<h2>Nordio: comunicato indegno, scuse inaccettabili<\/h2>\n<p>Il ministro Nordio registra le scuse ma non cambia idea. \u201cPrendo atto della retromarcia tardiva e grottesca del segretario generale dell\u2019Associazione nazionale magistrati, Rocco Maruotti\u201d. Cos\u00ec il <strong>Guardasigilli<\/strong> da Londra che aggiunge: \u201cDopo il suo comunicato cos\u00ec indegno, le scuse, inaccettabili, rivelano o un intelletto inadeguato all\u2019importanza della carica o la debolezza di un cuore incapace di essere coerente con le proprie pulsioni\u201d. Parole durissime che dovrebbero portare il segretario dell\u2019Anm dritto dritto verso le dimissioni. Prima del dietrofront del giudice Nordio aveva detto di augurarsi che la maggioranza dei magistrati cestinino \u201cquesto disgustoso messaggio nella pattumiera della vergogna\u201d. Offende non solo governo e Parlamento \u2013 continua Nordio \u2013 ma anche chi amministra la giustizia.<\/p>\n<h2>Rampelli: nemmeno Conte e Schlein cos\u00ec in basso<\/h2>\n<p>Il <a href=\"https:\/\/www.secoloditalia.it\/2026\/01\/anm-da-follia-i-giudici-utilizzano-il-morto-di-minneapolis-per-fare-propaganda-al-no-negli-usa-si-ispirano-a-nordio\/\">post ha scatenato una lunga scia di reazioni del centrodestra<\/a> e non solo. Dal sottosegretario alla Giustizia,\u00a0 <strong>Andrea Delmastro<\/strong> a <strong>Fabio Rampelli<\/strong>, da <strong>Maurizio Gasparri<\/strong> a <strong>Giorgio Mul\u00e8<\/strong>. \u201cSi pu\u00f2 cancellare un post ma non la disumanit\u00e0 e l\u2019incivilt\u00e0 che lo ha ispirato\u201d, scrive sui social Delmastro. Usa un\u2019amara ironia il vicepresidente della Camera per il quale Rocco Maruotti \u201cforse nella notte ha sognato di essere un leader degli \u2018antagonisti\u2019. \u201cNemmeno Giuseppe Conte e Elly Schlein sono caduti cos\u00ec in basso. Ho ricercato il post\u00a0 ma non lo vedo pi\u00f9, avr\u00e0 indignato pure il presidente Parodi che glielo ha fatto rimuovere? O \u00e8 stato un \u2018consiglio\u2019 della corrente politica cui appartiene o perfino dei vertici di qualche partito amico? \u00c8 bene far presente \u2013 conclude Rampelli \u2013 che il dottor\u00a0 Rocco Maruotti \u00e8 un pubblico ministero. Ecco, siamo in queste mani\u201d.<\/p>\n<h2>Zanon: la magistratura una macchina di pressione politica<\/h2>\n<p>Fuori dalla politica il consigliere laico del Csm, <strong>Enirio Aimi,<\/strong> punta l\u2019indice sullo scivolone. \u201cNon costituisce un contributo al dibattito pubblico, ma un\u2019operazione di chiara militanza politica, condotta attraverso un linguaggio improprio e altamente divisivo\u201d. Per il presidente del comitato del no, <strong>Nicol\u00f2 Zanon<\/strong>, il post rimosso di Maruotti \u201c\u00e8 la conferma che in Italia la magistratura non \u00e8 solo un potere: \u00e8 una macchina di pressione politica. Usare un fatto drammatico accaduto negli Stati Uniti per spaventare gli italiani e condizionarne il voto non \u00e8 informazione: \u00e8 terrorismo mediatico. E non \u00e8 una \u2018dichiarazione\u2019 qualsiasi. \u00c8 un magistrato che parla\u201d.<\/p>\n<\/div>\n<div class=\"commentSectionContainer\">\n<p class=\"comments-title\">Non ci sono commenti, inizia una discussione<\/p>\n<\/div>\n<div id=\"comments\" class=\"comments-area closed\">\n<div id=\"respond\" class=\"comment-respond\">\n<h3 id=\"reply-title\" class=\"comment-reply-title\">Lascia un commento <small><a rel=\"nofollow\" id=\"cancel-comment-reply-link\" href=\"https:\/\/www.secoloditalia.it\/2026\/01\/toghe-rozze-nordio-non-accetta-le-scuse-del-segretario-dellanm-post-indegno-inadeguato-alla-carica-che-ricopre\/#respond\">Annulla risposta<\/a><\/small><\/h3>\n<p class=\"comment-notes\"><span id=\"email-notes\">Il tuo indirizzo email non sar\u00e0 pubblicato.<\/span><span class=\"required-field-message\">I campi obbligatori sono contrassegnati <span class=\"required\">*<\/span><\/span><\/p>\n<\/div>\n<\/div>\n<div class=\"info-condivisione bottom\">\n<div>\n<p>di <span class=\"autore\">Romana Fabiani<\/span> &#8211; <span class=\"data\">26 Gennaio 2026<\/span><\/p>\n<\/div>\n<\/div>\n<\/div>\n<\/article>\n<p> Source URL: https:\/\/www.secoloditalia.it\/2026\/01\/toghe-rozze-nordio-non-accetta-le-scuse-del-segretario-dellanm-post-indegno-inadeguato-alla-carica-che-ricopre\/<\/p>\n","protected":false},"excerpt":{"rendered":"<p>A quando le dimissioni? Toghe rozze, Nordio non accetta le scuse del segretario dell\u2019Anm: post indegno, inadeguato alla carica che ricopre Politica &#8211; di Romana Fabiani &#8211; 26 Gennaio 2026 alle 16:10 Quando il furore ideologico annebbia la vista e produce guai. Non sono bastate le goffe scuse e la marcia indietro, associata alla pi\u00f9 [&hellip;]<\/p>\n","protected":false},"author":1,"featured_media":1407067,"comment_status":"open","ping_status":"","sticky":false,"template":"","format":"standard","meta":{"footnotes":""},"categories":[87],"tags":[123],"class_list":["post-1407066","post","type-post","status-publish","format-standard","has-post-thumbnail","hentry","category-italy","tag-secoloditalia-it"],"_links":{"self":[{"href":"https:\/\/analyse.optim.biz\/index.php?rest_route=\/wp\/v2\/posts\/1407066","targetHints":{"allow":["GET"]}}],"collection":[{"href":"https:\/\/analyse.optim.biz\/index.php?rest_route=\/wp\/v2\/posts"}],"about":[{"href":"https:\/\/analyse.optim.biz\/index.php?rest_route=\/wp\/v2\/types\/post"}],"author":[{"embeddable":true,"href":"https:\/\/analyse.optim.biz\/index.php?rest_route=\/wp\/v2\/users\/1"}],"replies":[{"embeddable":true,"href":"https:\/\/analyse.optim.biz\/index.php?rest_route=%2Fwp%2Fv2%2Fcomments&post=1407066"}],"version-history":[{"count":0,"href":"https:\/\/analyse.optim.biz\/index.php?rest_route=\/wp\/v2\/posts\/1407066\/revisions"}],"wp:featuredmedia":[{"embeddable":true,"href":"https:\/\/analyse.optim.biz\/index.php?rest_route=\/wp\/v2\/media\/1407067"}],"wp:attachment":[{"href":"https:\/\/analyse.optim.biz\/index.php?rest_route=%2Fwp%2Fv2%2Fmedia&parent=1407066"}],"wp:term":[{"taxonomy":"category","embeddable":true,"href":"https:\/\/analyse.optim.biz\/index.php?rest_route=%2Fwp%2Fv2%2Fcategories&post=1407066"},{"taxonomy":"post_tag","embeddable":true,"href":"https:\/\/analyse.optim.biz\/index.php?rest_route=%2Fwp%2Fv2%2Ftags&post=1407066"}],"curies":[{"name":"wp","href":"https:\/\/api.w.org\/{rel}","templated":true}]}}