{"id":1407037,"date":"2026-01-26T16:10:09","date_gmt":"2026-01-26T13:10:09","guid":{"rendered":"https:\/\/analyse.optim.biz\/?p=1407037"},"modified":"2026-01-26T16:10:09","modified_gmt":"2026-01-26T13:10:09","slug":"lopposizione-fa-il-pugile-suonato-sullice-a-milano-cortina-il-viminale-ribadisce-non-operera-in","status":"publish","type":"post","link":"https:\/\/analyse.optim.biz\/?p=1407037","title":{"rendered":"L&#8217;opposizione fa il pugile suonato sull&#8217;Ice a Milano-Cortina. Il Viminale ribadisce: \u00abNon operer\u00e0 in&#8230;"},"content":{"rendered":"<article id=\"post-1523797\" class=\"post-1523797 post type-post status-publish format-standard has-post-thumbnail hentry category-politica posizione-editoriale-apertura-secondaria posizione-editoriale-centro-pagina\">\n<div>\n<figure class=\"evidence-wrapper\"><img loading=\"lazy\" decoding=\"async\" width=\"860\" height=\"358\" src=\"https:\/\/analyse.optim.biz\/wp-content\/uploads\/2026\/01\/ice-milano-cortina-860x358-1.jpg\" class=\"attachment-single size-single wp-post-image\" alt=\"Il Viminale ha smentito il fatto che l\u2019Ice Usa operer\u00e0 a Milano-Cortina\" title=\"Il Viminale ha smentito il fatto che l\u2019Ice Usa operer\u00e0 a Milano-Cortina\"><\/figure>\n<p class=\"occhiello\">Il nuovo tormentone<\/p>\n<h1>L\u2019opposizione fa il pugile suonato sull\u2019Ice a Milano-Cortina. Il Viminale ribadisce: \u00abNon operer\u00e0 in Italia\u00bb<\/h1>\n<p class=\"sottotitolo\">Il Dipartimento di pubblica sicurezza: \u00abOgni attivit\u00e0 di ordine e sicurezza pubblica in Italia \u00e8 gestita, senza possibilit\u00e0 di deroghe, dal ministero dell\u2019Interno e dalle articolazioni territoriali: prefetture e questure\u00bb<\/p>\n<div class=\"info-condivisione\">\n<div>\n<p><span class=\"categoria\">Politica<\/span><\/p>\n<p>\t\t\t\t\t &#8211; di <span class=\"autore\">Agnese Russo<\/span> &#8211; <span class=\"data\">26 Gennaio 2026 alle 17:10<\/span><\/p>\n<\/div>\n<\/div>\n<div class=\"contenuto\">\n<p>\u00ab<strong>Si smentisce che Ice Usa operer\u00e0 in Italia<\/strong>. Non ci sono ad oggi accordi di collaborazione sottoscritti per le Olimpiadi\u00bb. Fonti qualificate del Dipartimento di Pubblica Sicurezza del<strong> ministero dell\u2019Interno<\/strong> sono intervenute per sgombrare il campo dalle illazioni e dalle polemiche che ne sono seguite sulla possibile presenza di agenti dell\u2019<em>Immigration and Customs Enforcement<\/em> a Milano-Cortina. Nei giorni scorsi, anche il ministro <strong>Matteo Piantedosi<\/strong> aveva chiarito l\u2019assenza di riscontri, rispondendo alle domande dei giornalisti dopo un articolo del <em>Fatto quotidiano<\/em> dal titolo \u00abLa famigerata Ice arriva in Italia per le Olimpiadi\u00bb. \u00abNon mi risulta\u00bb, era stata la risposta del ministro.<\/p>\n<h2>La sinistra in allarme permanente effettivo<\/h2>\n<p>Ma la precisazione non \u00e8 bastata all\u2019opposizione, che ha preso a suonare la grancassa in ogni modo possibile: dal M5S e il Pd, che hanno annunciato interrogazioni, ad Azione, che ha promosso una raccolta di firme. A riattivare il dispositivo allarmistico della sinistra \u00e8 intervenuta oggi una dichiarazione del presidente della Regione Lombardia, Attilio Fontana, il quale, a margine di un evento a Milano, ha detto che \u00abla presenza degli agenti dell\u2019Ice \u00e8 limitata a fare la guardia del corpo al vicepresidente Vance e al segretario di Stato Marco Rubio\u00bb. \u00abQuindi \u2013 ha aggiunto Fontana \u2013 che ci siano loro o altri, il lavoro che devono fare \u00e8 sempre lo stesso: stare attenti che nessuno gli dia uno spintone o che gli succeda qualcosa\u00bb.<\/p>\n<div class=\"code-block code-block-6\"><\/div>\n<p>Ne \u00e8 seguito un profluvio di accuse, richieste di chiarimento al governo, richiami al rispetto delle regole, fino all\u2019annuncio, da parte del capogruppo Pd in Consiglio regionale della Lombardia, Pierfrancesco Majorino, sul fatto che \u00abse gli agenti dell\u2019Ice saranno presenti a Milano sar\u00e0 inevitabile trovarsi in piazza per dire loro una cosa semplice: tornatevene a casa. A Milano non vi vogliamo\u00bb.<\/p>\n<p>Regione Lombardia, nel frattempo, aveva precisato che \u00abil presidente Attilio Fontana, rispondendo a una domanda dei giornalisti che sottintendeva la presenza di Ice a Milano, non ha inteso confermare la presenza di tali agenti, in quanto non in possesso di informazioni al riguardo\u00bb. \u00abIl presidente Fontana \u2013 si legge nella nota \u2013 ha esclusivamente commentato, in via ipotetica, rispondendo a un\u2019affermazione dei giornalisti che, qualora fossero presenti agenti incaricati della sicurezza, il loro ruolo sarebbe limitato alla tutela delle personalit\u00e0 statunitensi eventualmente presenti, come il vicepresidente J.D. Vance e il segretario di Stato Marco Rubio, con l\u2019unico obiettivo di garantirne l\u2019incolumit\u00e0 personale\u00bb.<\/p>\n<h2>Il Viminale: \u00abSi smentisce che l\u2019Ice operer\u00e0 in Italia. La sicurezza \u00e8 in capo al ministero\u00bb<\/h2>\n<p>\u00abOgni altra interpretazione che attribuisca al presidente Fontana una conferma della presenza di agenti Ice non corrisponde a quanto dichiarato\u00bb, ha chiarito lo staff di Fontana. La sinistra, per\u00f2, \u00e8 andata avanti imperterrita, rendendo necessaria la precisazione del Viminale, sebbene fosse gi\u00e0 intervenuto il ministro.<\/p>\n<p>\u00abOgni attivit\u00e0 di ordine e sicurezza pubblica in Italia \u00e8 gestita, senza possibilit\u00e0 di deroghe, dal ministero dell\u2019Interno e dalle articolazioni territoriali: prefetture e questure\u00bb, hanno spiegato ancora le fonti, aggiungendo che \u00abnon risulta, al momento, che agenti di Ice Usa vengano al seguito della delegazione americana al fine di scortarla. La composizione della scorta Usa, infatti, non \u00e8 stata ancora comunicata dalle loro autorit\u00e0\u00bb.<\/p>\n<\/div>\n<div class=\"commentSectionContainer\">\n<p class=\"comments-title\">Non ci sono commenti, inizia una discussione<\/p>\n<\/div>\n<div id=\"comments\" class=\"comments-area closed\">\n<div id=\"respond\" class=\"comment-respond\">\n<h3 id=\"reply-title\" class=\"comment-reply-title\">Lascia un commento <small><a rel=\"nofollow\" id=\"cancel-comment-reply-link\" href=\"https:\/\/www.secoloditalia.it\/2026\/01\/lopposizione-fa-il-pugile-suonato-sullice-a-milano-cortina-il-viminale-ribadisce-non-operera-in-italia\/#respond\">Annulla risposta<\/a><\/small><\/h3>\n<p class=\"comment-notes\"><span id=\"email-notes\">Il tuo indirizzo email non sar\u00e0 pubblicato.<\/span><span class=\"required-field-message\">I campi obbligatori sono contrassegnati <span class=\"required\">*<\/span><\/span><\/p>\n<\/div>\n<\/div>\n<div class=\"info-condivisione bottom\">\n<div>\n<p>di <span class=\"autore\">Agnese Russo<\/span> &#8211; <span class=\"data\">26 Gennaio 2026<\/span><\/p>\n<\/div>\n<\/div>\n<\/div>\n<\/article>\n<p> Source URL: https:\/\/www.secoloditalia.it\/2026\/01\/lopposizione-fa-il-pugile-suonato-sullice-a-milano-cortina-il-viminale-ribadisce-non-operera-in-italia\/<\/p>\n","protected":false},"excerpt":{"rendered":"<p>Il nuovo tormentone L\u2019opposizione fa il pugile suonato sull\u2019Ice a Milano-Cortina. Il Viminale ribadisce: \u00abNon operer\u00e0 in Italia\u00bb Il Dipartimento di pubblica sicurezza: \u00abOgni attivit\u00e0 di ordine e sicurezza pubblica in Italia \u00e8 gestita, senza possibilit\u00e0 di deroghe, dal ministero dell\u2019Interno e dalle articolazioni territoriali: prefetture e questure\u00bb Politica &#8211; di Agnese Russo &#8211; 26 [&hellip;]<\/p>\n","protected":false},"author":1,"featured_media":1407038,"comment_status":"open","ping_status":"","sticky":false,"template":"","format":"standard","meta":{"footnotes":""},"categories":[87],"tags":[123],"class_list":["post-1407037","post","type-post","status-publish","format-standard","has-post-thumbnail","hentry","category-italy","tag-secoloditalia-it"],"_links":{"self":[{"href":"https:\/\/analyse.optim.biz\/index.php?rest_route=\/wp\/v2\/posts\/1407037","targetHints":{"allow":["GET"]}}],"collection":[{"href":"https:\/\/analyse.optim.biz\/index.php?rest_route=\/wp\/v2\/posts"}],"about":[{"href":"https:\/\/analyse.optim.biz\/index.php?rest_route=\/wp\/v2\/types\/post"}],"author":[{"embeddable":true,"href":"https:\/\/analyse.optim.biz\/index.php?rest_route=\/wp\/v2\/users\/1"}],"replies":[{"embeddable":true,"href":"https:\/\/analyse.optim.biz\/index.php?rest_route=%2Fwp%2Fv2%2Fcomments&post=1407037"}],"version-history":[{"count":0,"href":"https:\/\/analyse.optim.biz\/index.php?rest_route=\/wp\/v2\/posts\/1407037\/revisions"}],"wp:featuredmedia":[{"embeddable":true,"href":"https:\/\/analyse.optim.biz\/index.php?rest_route=\/wp\/v2\/media\/1407038"}],"wp:attachment":[{"href":"https:\/\/analyse.optim.biz\/index.php?rest_route=%2Fwp%2Fv2%2Fmedia&parent=1407037"}],"wp:term":[{"taxonomy":"category","embeddable":true,"href":"https:\/\/analyse.optim.biz\/index.php?rest_route=%2Fwp%2Fv2%2Fcategories&post=1407037"},{"taxonomy":"post_tag","embeddable":true,"href":"https:\/\/analyse.optim.biz\/index.php?rest_route=%2Fwp%2Fv2%2Ftags&post=1407037"}],"curies":[{"name":"wp","href":"https:\/\/api.w.org\/{rel}","templated":true}]}}