{"id":1407034,"date":"2026-01-26T16:42:48","date_gmt":"2026-01-26T13:42:48","guid":{"rendered":"https:\/\/analyse.optim.biz\/?p=1407034"},"modified":"2026-01-26T16:42:48","modified_gmt":"2026-01-26T13:42:48","slug":"collettivi-rossi-assediano-il-nazareno-nel-giorno-della-memoria-lo-sfogo-della-picierno-e-pericoloso","status":"publish","type":"post","link":"https:\/\/analyse.optim.biz\/?p=1407034","title":{"rendered":"Collettivi rossi assediano il Nazareno nel Giorno della Memoria. Lo sfogo della Picierno: \u00e8 pericoloso"},"content":{"rendered":"<article id=\"post-1523805\" class=\"post-1523805 post type-post status-publish format-standard has-post-thumbnail hentry category-politica posizione-editoriale-apertura-secondaria posizione-editoriale-centro-pagina\">\n<div>\n<figure class=\"evidence-wrapper\"><img loading=\"lazy\" decoding=\"async\" width=\"860\" height=\"358\" src=\"https:\/\/analyse.optim.biz\/wp-content\/uploads\/2026\/01\/tra-picierno-alla-schlein-tra-monito-e-solidarieta-860x358-1.jpg\" class=\"attachment-single size-single wp-post-image\" alt=\"Dalla Picierno alla Schlein tra monito e solidariet\u00e0\" title=\"Dalla Picierno alla Schlein tra monito e solidariet\u00e0\"><\/figure>\n<p class=\"occhiello\">Sfregio alla Memoria<\/p>\n<h1>Collettivi rossi assediano il Nazareno nel Giorno della Memoria. Lo sfogo della Picierno: \u00e8 pericoloso<\/h1>\n<p class=\"sottotitolo\">La vicepresidente dell&#8217;Eurocamera denuncia: \u00abAntisemitismo mascherato da antisionismo\u00bb. La piazza radicale &#8220;morde&#8221; i dem proprio il 27 gennaio: le parole della riformista alla segretaria travolta dai manifestanti anti-Israele<\/p>\n<div class=\"info-condivisione\">\n<div>\n<p><span class=\"categoria\">Politica<\/span><\/p>\n<p>\t\t\t\t\t &#8211; di <span class=\"autore\">Chiara Volpi<\/span> &#8211; <span class=\"data\">26 Gennaio 2026 alle 17:42<\/span><\/p>\n<\/div>\n<\/div>\n<div class=\"contenuto\">\n<p>Il <strong>Giorno della Memoria<\/strong>, per <strong>il Pd<\/strong> di <strong>Elly Schlein<\/strong>, si trasforma nel giorno del paradosso e dell\u2019assedio. Mentre il mondo ricorda l\u2019orrore del secolo scorso, davanti al Nazareno si danno appuntamento i collettivi della sinistra estrema per una manifestazione \u201ccontro il sionismo\u201d. Un affronto che ha fatto saltare i nervi a <strong>Pina Picierno<\/strong> in testa a tutti, che ha deciso di non usare mezzi termini.<\/p>\n<h2>Shoah, Picierno tra solidariet\u00e0 a Elly Schlein e monito al Pd<\/h2>\n<p>S\u00ec, perch\u00e9 in una nota la vicepresidente del Parlamento europeo non ha girato intorno a indignazione e sgomento suscitate (come in moltissimi altri e da pi\u00f9 fronti) dall\u2019iniziativa in merito al sit-in e ai presidi per la Palestina e contro il \u201csionismo\u201d annunciati. E picchiando duro ha messo nero su bianco: \u00ab<strong>La manifestazione annunciata da collettivi e sigle estremiste davanti alla sede del Pd nel Giorno della Memoria \u00e8 un\u2019iniziativa ridicola e pericolosa<\/strong>, figlia di <strong>un clima avvelenato<\/strong><strong>che<\/strong> in queste settimane <strong>sta alimentando soltanto odio e mistificazioni<\/strong>\u00bb.<\/p>\n<div class=\"code-block code-block-6\"><\/div>\n<div class=\"correlati_contento\"><span class=\"tecFont\">Leggi anche<\/span><\/p>\n<ul>\n<li><a href=\"https:\/\/www.secoloditalia.it\/2026\/01\/pd-e-giustizia-duro-botta-e-risposta-picierno-montanari-lui-vuole-epurare-i-riformisti-lei-lo-smonta-decide-dalla-cattedra-di-fuffologia\/?utm_source=content&amp;utm_medium=related&amp;utm_campaign=middle\">Pd e Giustizia, duro botta e risposta Picierno-Montanari: lui vuole epurare i riformisti. Lei lo smonta: decide dalla cattedra di fuffologia?<\/a><\/li>\n<li><a href=\"https:\/\/www.secoloditalia.it\/2025\/12\/antisemitismo-delrio-avverte-il-pd-non-capisco-le-critiche-nessuno-mi-puo-chiedere-abiure-non-torno-indietro\/?utm_source=content&amp;utm_medium=related&amp;utm_campaign=middle\">Antisemitismo, Delrio avverte il Pd &#8220;Non capisco le critiche. Nessuno mi pu\u00f2 chiedere abiure, non torno indietro&#8221;<\/a><\/li>\n<\/ul>\n<\/div>\n<h2>\u00abLa manifestazione davanti al Pd \u00e8 un\u2019iniziativa pericolosa\u00bb, \u00abuno sfregio alla Memoria\u00bb<\/h2>\n<p>Insomma, per la Picierno non ci sono scuse che tengano o giustificazioni etico-politiche o pseudo partitiche di sorta: utilizzare il simbolo dello sterminio per alimentare la propaganda anti-Israele \u00e8 solo \u00abuna nuova forma di antisemitismo che si maschera dietro l\u2019antisionismo\u00bb. Parole pesanti come pietre che arrivano proprio mentre il Pd della Schlein fatica a trovare una linea chiara per i dem, e il campo largo annesso, oscillando tra tutto il suo contrario. E \u2013 in questo caso \u2013 tra la condanna formale del terrore e la rincorsa alle piazze pi\u00f9 radicali. Pi\u00f9 precisamente, allora, nella nota la vicepresidente del Parlamento Europeo lo assevera chiaro e tondo: \u00ab<strong>Utilizzare il 27 gennaio per scendere in piazza \u201ccontro il sionismo\u201d \u00e8 uno sfregio alla memoria della Shoah, e non ha nulla a che vedere con la legittima solidariet\u00e0 al popolo palestinese<\/strong>\u00bb.<\/p>\n<h2>Picierno, Schlein e Pd assediato: \u00abUna nuova forma di antisemitismo mascherata dietro l\u2019antisionismo\u00bb<\/h2>\n<p>Sottolineando nelle more: \u00ab<strong>\u00c8 solamente una nuova forma di antisemitismo che si maschera dietro l\u2019antisionismo<\/strong>. Non \u00e8 casuale infatti che il bersaglio sia il Partito democratico. <strong>\u00c8 evidente il tentativo di colpire e destabilizzare chi oggi rappresenta un argine di massa contro il negazionismo e la cultura dell\u2019odio. A Elly la mia solidariet\u00e0, cos\u00ec come a tutta la comunit\u00e0 democratica del Pd, oggi pi\u00f9 che mai chiamata a difendere i valori della memoria, dell\u2019antifascismo e della convivenza civile<\/strong>\u00bb.<\/p>\n<h2>Un messaggio tra le righe?<\/h2>\n<p>Una sorta di messaggio solidale e, al tempo stesso, un monito silente a non finire vittima di strumentalizzazioni e estremisti. In realt\u00e0, per\u00f2, non possiamo fare a meno di pensare che questa \u201csolidariet\u00e0\u201d indirizzata a Elly Schlein possa nascondere (e rivelare?) un malessere molto pi\u00f9 profondo. D\u2019altro canto, come noto, la Picierno, <a href=\"https:\/\/www.secoloditalia.it\/2025\/06\/mezzo-pd-processa-elly-la-marziana-picierno-tutto-sbagliato-un-regalo-enorme-alla-destra\/\" target=\"_blank\" rel=\"noopener\">voce dei riformisti \u201csopravvissuti\u201d al \u201cnuovo corso\u201d del Pd<\/a>, da mesi denuncia un clima \u00abirrespirabile\u00bb al Nazareno. La nota di oggi, allora, appare in questa ottica soprattutto come l\u2019ultimo capitolo di una requisitoria che, dalle frange estreme ai corridoi del Nazareno, investe necessariamente la gestione della segretaria al centro di una trasformazione del partito in una \u201ccomunit\u00e0 muta\u201d. O, peggio, in \u201cun\u2019ancella\u201d del populismo movimentista contiano.<\/p>\n<p>Un cortocircuito evidente che porta a chiudere il cerchio di oggi con i collettivi che si sentono autorizzati a puntare il dito sul Nazareno proprio nel Giorno della Memoria, forse perch\u00e9 la \u201cnuova identit\u00e0\u201d dem \u00e8 al momento troppo fragile per rappresentare quell\u2019argine morale che la Picierno auspica.<\/p>\n<\/div>\n<div class=\"commentSectionContainer\">\n<p class=\"comments-title\">Non ci sono commenti, inizia una discussione<\/p>\n<\/div>\n<div id=\"comments\" class=\"comments-area closed\">\n<div id=\"respond\" class=\"comment-respond\">\n<h3 id=\"reply-title\" class=\"comment-reply-title\">Lascia un commento <small><a rel=\"nofollow\" id=\"cancel-comment-reply-link\" href=\"https:\/\/www.secoloditalia.it\/2026\/01\/collettivi-rossi-assediano-il-nazareno-nel-giorno-della-memoria-lo-sfogo-della-picierno-e-pericoloso\/#respond\">Annulla risposta<\/a><\/small><\/h3>\n<p class=\"comment-notes\"><span id=\"email-notes\">Il tuo indirizzo email non sar\u00e0 pubblicato.<\/span><span class=\"required-field-message\">I campi obbligatori sono contrassegnati <span class=\"required\">*<\/span><\/span><\/p>\n<\/div>\n<\/div>\n<div class=\"info-condivisione bottom\">\n<div>\n<p>di <span class=\"autore\">Chiara Volpi<\/span> &#8211; <span class=\"data\">26 Gennaio 2026<\/span><\/p>\n<\/div>\n<\/div>\n<\/div>\n<\/article>\n<p> Source URL: https:\/\/www.secoloditalia.it\/2026\/01\/collettivi-rossi-assediano-il-nazareno-nel-giorno-della-memoria-lo-sfogo-della-picierno-e-pericoloso\/<\/p>\n","protected":false},"excerpt":{"rendered":"<p>Sfregio alla Memoria Collettivi rossi assediano il Nazareno nel Giorno della Memoria. Lo sfogo della Picierno: \u00e8 pericoloso La vicepresidente dell&#8217;Eurocamera denuncia: \u00abAntisemitismo mascherato da antisionismo\u00bb. La piazza radicale &#8220;morde&#8221; i dem proprio il 27 gennaio: le parole della riformista alla segretaria travolta dai manifestanti anti-Israele Politica &#8211; di Chiara Volpi &#8211; 26 Gennaio 2026 [&hellip;]<\/p>\n","protected":false},"author":1,"featured_media":1407035,"comment_status":"open","ping_status":"","sticky":false,"template":"","format":"standard","meta":{"footnotes":""},"categories":[87],"tags":[123],"class_list":["post-1407034","post","type-post","status-publish","format-standard","has-post-thumbnail","hentry","category-italy","tag-secoloditalia-it"],"_links":{"self":[{"href":"https:\/\/analyse.optim.biz\/index.php?rest_route=\/wp\/v2\/posts\/1407034","targetHints":{"allow":["GET"]}}],"collection":[{"href":"https:\/\/analyse.optim.biz\/index.php?rest_route=\/wp\/v2\/posts"}],"about":[{"href":"https:\/\/analyse.optim.biz\/index.php?rest_route=\/wp\/v2\/types\/post"}],"author":[{"embeddable":true,"href":"https:\/\/analyse.optim.biz\/index.php?rest_route=\/wp\/v2\/users\/1"}],"replies":[{"embeddable":true,"href":"https:\/\/analyse.optim.biz\/index.php?rest_route=%2Fwp%2Fv2%2Fcomments&post=1407034"}],"version-history":[{"count":0,"href":"https:\/\/analyse.optim.biz\/index.php?rest_route=\/wp\/v2\/posts\/1407034\/revisions"}],"wp:featuredmedia":[{"embeddable":true,"href":"https:\/\/analyse.optim.biz\/index.php?rest_route=\/wp\/v2\/media\/1407035"}],"wp:attachment":[{"href":"https:\/\/analyse.optim.biz\/index.php?rest_route=%2Fwp%2Fv2%2Fmedia&parent=1407034"}],"wp:term":[{"taxonomy":"category","embeddable":true,"href":"https:\/\/analyse.optim.biz\/index.php?rest_route=%2Fwp%2Fv2%2Fcategories&post=1407034"},{"taxonomy":"post_tag","embeddable":true,"href":"https:\/\/analyse.optim.biz\/index.php?rest_route=%2Fwp%2Fv2%2Ftags&post=1407034"}],"curies":[{"name":"wp","href":"https:\/\/api.w.org\/{rel}","templated":true}]}}