{"id":1407023,"date":"2026-01-26T17:15:44","date_gmt":"2026-01-26T14:15:44","guid":{"rendered":"https:\/\/analyse.optim.biz\/?p=1407023"},"modified":"2026-01-26T17:15:44","modified_gmt":"2026-01-26T14:15:44","slug":"antisemitismo-e-pd-delrio-non-molla-il-dibattito-e-partito-male-non-polemizzo-con-schlein-pero","status":"publish","type":"post","link":"https:\/\/analyse.optim.biz\/?p=1407023","title":{"rendered":"Antisemitismo e Pd, Delrio non molla: &#8220;Il dibattito \u00e8 partito male. Non polemizzo con Schlein, per\u00f2&#8230;&#8221;"},"content":{"rendered":"<article id=\"post-1523841\" class=\"post-1523841 post type-post status-publish format-standard has-post-thumbnail hentry category-politica posizione-editoriale-apertura-secondaria\">\n<div>\n<figure class=\"evidence-wrapper\"><img loading=\"lazy\" decoding=\"async\" width=\"860\" height=\"358\" src=\"https:\/\/analyse.optim.biz\/wp-content\/uploads\/2026\/01\/delrio-secolo-1-860x358-1.jpg\" class=\"attachment-single size-single wp-post-image\" alt=\"Antisemitismo e Pd, Delrio non molla: \u201cIl dibattito \u00e8 partito male. Non polemizzo con Schlein, per\u00f2\u2026\u201d\" title=\"Antisemitismo e Pd, Delrio non molla: \u201cIl dibattito \u00e8 partito male. Non polemizzo con Schlein, per\u00f2\u2026\u201d\"><\/figure>\n<p class=\"occhiello\">Nazareno al bivio<\/p>\n<h1>Antisemitismo e Pd, Delrio non molla: \u201cIl dibattito \u00e8 partito male. Non polemizzo con Schlein, per\u00f2\u2026\u201d<\/h1>\n<div class=\"info-condivisione\">\n<div>\n<p><span class=\"categoria\">Politica<\/span><\/p>\n<p>\t\t\t\t\t &#8211; di <span class=\"autore\">Alessandra Danieli<\/span> &#8211; <span class=\"data\">26 Gennaio 2026 alle 18:15<\/span><\/p>\n<\/div>\n<\/div>\n<div class=\"contenuto\">\n<p><strong>Antisemitismo<\/strong>, non solo un fenomeno in crescita e una tragedia che si ripete ma un guaio per il Pd. Le divisioni tra massimalisti pro Pal e minoranza riformista non fanno che dilatarsi. Lo fa capire molto bene <strong>Graziano Delrio<\/strong>, esponente di spicco dei riformisti, messo in croce dalla dirigenza del Nazareno per la sua proposta di legge.\u00a0\u201cLe diversit\u00e0 di vedute nel Pd sono tutte legittime\u201d, premette diplomaticamente entrando in Sala Giustiniani per il convegno \u201c\u2018Antisemitismo. Una tragedia che non finisce. Quando la storia riaffiora e interroga il presente\u201d, promosso da <strong>Maurizio Gasparri.<\/strong><\/p>\n<h2>Antisemitismo, Delrio non molla: nel Pd il dibattito \u00e8 partito male<\/h2>\n<p>\u201cC\u2019\u00e8 chi nel Pd pensa che non sia giusto legiferare. C\u2019\u00e8 chi pensa che sia giusto legiferare sul discorso d\u2019odio. C\u2019\u00e8 chi pensa sia giusto legiferare specificamente sull\u2019antisemitismo, sono punti di vista rispettabili, ma purtroppo il dibattito \u00e8 partito male\u201d. Di sicuro Delrio non intende fare passi indietro. \u201cIl mio contributo \u2013 spiega \u2013\u00a0 \u00e8 nato dall\u2019incontro con dei giovani ebrei, dei giovani ragazzi universitari, dei giovani del liceo che, come la gran parte degli ebrei in tutta Europa. Il fatto che 97% degli ebrei in tutta Europa non pu\u00f2 manifestare la sua religione, la sua religiosit\u00e0, la sua cultura, \u00e8 un fatto che dovrebbe interrogarci. Perch\u00e9 \u00e8 cos\u00ec che sono partite le esperienze peggiori totalitarie in Europa\u201d.<\/p>\n<div class=\"code-block code-block-6\"><\/div>\n<h2>\u201cNon mi interessa la polemica con Schlein\u2026\u201d<\/h2>\n<p>La sua posizione \u00e8 stata duramente attaccata dalla segreteria, lo ha fatto Elly Schlein in persona e <strong>Francesco Boccia<\/strong> che ha definito la proposta di legge del senatore \u201cun\u2019iniziativa personale\u201d.\u00a0\u201cNon m\u2019interessa la polemica con il Partito democratico, se voglio fare polemica con Schlein chiamo il Corriere e mi danno due pagine per quello\u201d, dice ai cronisti gettando un po\u2019 di acqua sul fuoco.\u00a0 \u201cMi domando se appunto il legislatore non debba farsi interrogare dalle persone, non dalle dinamiche interne al Pd, <a href=\"https:\/\/www.secoloditalia.it\/2026\/01\/lantisemitismo-manda-in-tilt-il-pd-schlein-non-trova-la-quadra-contro-delrio-e-i-riformisti-preparano-le-contromosse\/\">di cui non mi frega assolutamente un cavolo<\/a>\u201c.<\/p>\n<h2>A Gasparri: dobbiamo scrivere 5 articoli, dare un segnale<\/h2>\n<p>Poi rivolgendosi a Gasparri, primo firmatario di una proposta di legge sull\u2019antisemitismo, dice: \u201cMaurizio, dobbiamo scrivere 5 articoli, dobbiamo dare un segnale, dobbiamo essere generosi verso l\u2019esterno. Il Parlamento italiano deve farsi sentire sulle discriminazioni antisemite che non dipendono da Netanyahu, magari, dipendessero da lui, perch\u00e9 finirebbero con il suo governo Netanyahu. Non sono d\u2019accordo sul penale \u2013 aggiunge \u2013 ma ci sta, non staremmo in due partiti diversi. Con uno sforzo si pu\u00f2 fare, io sono pronto a lavorare di notte,<a href=\"https:\/\/www.secoloditalia.it\/2026\/01\/il-pd-e-le-purghe-di-schlein-ce-odore-di-inquisizione-contro-i-compagni-del-si-delrio-e-caccia-al-riformista\/\"> la mia \u00e8 la sollecitudine di chi vuole rompere il silenzio<\/a>\u201c.<\/p>\n<\/div>\n<div class=\"commentSectionContainer\">\n<p class=\"comments-title\">Non ci sono commenti, inizia una discussione<\/p>\n<\/div>\n<div id=\"comments\" class=\"comments-area closed\">\n<div id=\"respond\" class=\"comment-respond\">\n<h3 id=\"reply-title\" class=\"comment-reply-title\">Lascia un commento <small><a rel=\"nofollow\" id=\"cancel-comment-reply-link\" href=\"https:\/\/www.secoloditalia.it\/2026\/01\/antisemitismo-delrio-non-molla-nel-pd-il-dibattito-e-partito-male-ma-non-polemizzo-con-schlein\/#respond\">Annulla risposta<\/a><\/small><\/h3>\n<p class=\"comment-notes\"><span id=\"email-notes\">Il tuo indirizzo email non sar\u00e0 pubblicato.<\/span><span class=\"required-field-message\">I campi obbligatori sono contrassegnati <span class=\"required\">*<\/span><\/span><\/p>\n<\/div>\n<\/div>\n<div class=\"info-condivisione bottom\">\n<div>\n<p>di <span class=\"autore\">Alessandra Danieli<\/span> &#8211; <span class=\"data\">26 Gennaio 2026<\/span><\/p>\n<\/div>\n<\/div>\n<\/div>\n<\/article>\n<p> Source URL: https:\/\/www.secoloditalia.it\/2026\/01\/antisemitismo-delrio-non-molla-nel-pd-il-dibattito-e-partito-male-ma-non-polemizzo-con-schlein\/<\/p>\n","protected":false},"excerpt":{"rendered":"<p>Nazareno al bivio Antisemitismo e Pd, Delrio non molla: \u201cIl dibattito \u00e8 partito male. Non polemizzo con Schlein, per\u00f2\u2026\u201d Politica &#8211; di Alessandra Danieli &#8211; 26 Gennaio 2026 alle 18:15 Antisemitismo, non solo un fenomeno in crescita e una tragedia che si ripete ma un guaio per il Pd. Le divisioni tra massimalisti pro Pal [&hellip;]<\/p>\n","protected":false},"author":1,"featured_media":1407024,"comment_status":"open","ping_status":"","sticky":false,"template":"","format":"standard","meta":{"footnotes":""},"categories":[87],"tags":[123],"class_list":["post-1407023","post","type-post","status-publish","format-standard","has-post-thumbnail","hentry","category-italy","tag-secoloditalia-it"],"_links":{"self":[{"href":"https:\/\/analyse.optim.biz\/index.php?rest_route=\/wp\/v2\/posts\/1407023","targetHints":{"allow":["GET"]}}],"collection":[{"href":"https:\/\/analyse.optim.biz\/index.php?rest_route=\/wp\/v2\/posts"}],"about":[{"href":"https:\/\/analyse.optim.biz\/index.php?rest_route=\/wp\/v2\/types\/post"}],"author":[{"embeddable":true,"href":"https:\/\/analyse.optim.biz\/index.php?rest_route=\/wp\/v2\/users\/1"}],"replies":[{"embeddable":true,"href":"https:\/\/analyse.optim.biz\/index.php?rest_route=%2Fwp%2Fv2%2Fcomments&post=1407023"}],"version-history":[{"count":0,"href":"https:\/\/analyse.optim.biz\/index.php?rest_route=\/wp\/v2\/posts\/1407023\/revisions"}],"wp:featuredmedia":[{"embeddable":true,"href":"https:\/\/analyse.optim.biz\/index.php?rest_route=\/wp\/v2\/media\/1407024"}],"wp:attachment":[{"href":"https:\/\/analyse.optim.biz\/index.php?rest_route=%2Fwp%2Fv2%2Fmedia&parent=1407023"}],"wp:term":[{"taxonomy":"category","embeddable":true,"href":"https:\/\/analyse.optim.biz\/index.php?rest_route=%2Fwp%2Fv2%2Fcategories&post=1407023"},{"taxonomy":"post_tag","embeddable":true,"href":"https:\/\/analyse.optim.biz\/index.php?rest_route=%2Fwp%2Fv2%2Ftags&post=1407023"}],"curies":[{"name":"wp","href":"https:\/\/api.w.org\/{rel}","templated":true}]}}