{"id":1407018,"date":"2026-01-26T17:38:34","date_gmt":"2026-01-26T14:38:34","guid":{"rendered":"https:\/\/analyse.optim.biz\/?p=1407018"},"modified":"2026-01-26T17:38:34","modified_gmt":"2026-01-26T14:38:34","slug":"maltempo-il-governo-stanzia-cento-milioni-meloni-anche-nelle-emergenze-siamo-una-grande-comunita","status":"publish","type":"post","link":"https:\/\/analyse.optim.biz\/?p=1407018","title":{"rendered":"Maltempo Il governo stanzia cento milioni, Meloni: &#8220;Anche nelle emergenze siamo una grande comunit\u00e0&#8221;"},"content":{"rendered":"<article id=\"post-1523853\" class=\"post-1523853 post type-post status-publish format-standard has-post-thumbnail hentry category-politica posizione-editoriale-apertura-secondaria\">\n<div>\n<figure class=\"evidence-wrapper\"><img loading=\"lazy\" decoding=\"async\" width=\"860\" height=\"358\" src=\"https:\/\/analyse.optim.biz\/wp-content\/uploads\/2026\/01\/sbarra-2026-01-26t174420-016-860x358-1.jpg\" class=\"attachment-single size-single wp-post-image\" alt=\"Musumeci\" title=\"Musumeci\"><\/figure>\n<p class=\"occhiello\">Per i danni del maltempo<\/p>\n<h1>Maltempo Il governo stanzia cento milioni, Meloni: \u201cAnche nelle emergenze siamo una grande comunit\u00e0\u201d<\/h1>\n<p class=\"sottotitolo\">I presidenti delle Regioni nominati commissari: avranno ampi poteri per la gestione delle risorse<\/p>\n<div class=\"info-condivisione\">\n<div>\n<p><span class=\"categoria\">Politica<\/span><\/p>\n<p>\t\t\t\t\t &#8211; di <span class=\"autore\">Paolo Desideri<\/span> &#8211; <span class=\"data\">26 Gennaio 2026 alle 18:38<\/span><\/p>\n<\/div>\n<\/div>\n<div class=\"contenuto\">\n<p><strong>Via libera dal governo al decreto di emergenza per\u00a0 le tre regioni<\/strong>, Calabria, Sicilia e Sardegna, colpite dal ciclone Harry, l\u2019ondata di maltempo eccezionale che ha causato danni rilevanti a diversi settori dell\u2019economia e ad abitazioni private e infrastrutture.<\/p>\n<p><a href=\"https:\/\/www.open.online\/2026\/01\/26\/sicilia-ciclone-harry-frana-niscemi-video\/\">I presidenti delle tre regioni,<\/a><strong>Occhiuto, Schifani e Todde,<\/strong> saranno i commissari che avranno ampi poteri nella distribuzione delle risorse e nella spesa, com\u2019\u00e8 stato fatto per l\u2019alluvione dell\u2019Emilia-Romagna.<\/p>\n<div class=\"code-block code-block-6\"><\/div>\n<div class=\"correlati_contento\"><span class=\"tecFont\">Leggi anche<\/span><\/p>\n<ul>\n<li><a href=\"https:\/\/www.secoloditalia.it\/2026\/01\/il-ciclone-harry-verso-il-suo-picco-sullitalia-allagamenti-e-frane-in-sardegna-sicilia-e-calabria\/?utm_source=content&amp;utm_medium=related&amp;utm_campaign=middle\">Il ciclone Harry verso il suo picco sull&#8217;Italia: allagamenti e frane in Sardegna, Sicilia e Calabria (video)<\/a><\/li>\n<li><a href=\"https:\/\/www.secoloditalia.it\/2026\/01\/maltempo-allerta-rossa-in-calabria-e-mareggiate-sicilia-centinaia-di-famiglie-evacuate-dalle-abitazioni\/?utm_source=content&amp;utm_medium=related&amp;utm_campaign=middle\">Maltempo, allerta rossa in Calabria e mareggiate Sicilia: centinaia di famiglie evacuate dalle abitazioni<\/a><\/li>\n<\/ul>\n<\/div>\n<h2>Le parole di Giorgia Meloni<\/h2>\n<p><strong>\u00a0La premier Giorgia Meloni<\/strong> ha rivendicato con orgoglio sui social il primo provvedimento adottato. \u201cNel Consiglio dei Ministri di oggi il Governo ha deliberato la dichiarazione dello stato di emergenza nazionale per Sicilia, Sardegna e Calabria, regioni maggiormente colpite dal maltempo di questi giorni- ha detto la Premier. <strong>Abbiamo contestualmente stanziato 100 milioni di euro per i primi interventi urgenti<\/strong>. <strong>Lo Stato \u00e8 vicino ai cittadini e ai territori<\/strong>. Le Regioni, con i loro Presidenti nominati commissari straordinari, avranno i mezzi e i poteri appropriati per intervenire in modo efficace e tempestivo.<strong> Vorrei ringraziare ancora una volta il Ministro Nello Musumeci, la Protezione Civile, le amministrazioni locali e tutti gli operatori dedicati al settore. Nelle emergenze, l\u2019Italia sa essere una comunit\u00e0 ancora pi\u00f9 unita<\/strong>\u201c.<\/p>\n<h2>Musumeci: \u201cSiamo sul punto\u201d<\/h2>\n<p><strong>\u201cIn questo momento sono 100 milioni per le tre regioni<\/strong>. Servono essenzialmente per fare fronte alle prime spese sostenute dai comuni, cio\u00e8 la rimozione di detriti e il ripristino della funzionalit\u00e0 di alcuni servizi essenziali. Non appena dalle Regioni arriver\u00e0 un quadro dettagliato dei danni potremo procedere all\u2019ulteriore stanziamento che invece servir\u00e0 alla ricostruzione\u201d<strong>. Lo ha detto il ministro per la Protezione civile e le politiche del mare Nello Musumeci.<\/strong><\/p>\n<h2>Presto il provvedimento interministeriale<\/h2>\n<p>\u201cVerr\u00e0 adottato un provvedimento interministeriale perch\u00e9 su questo tema della ricostruzione interverranno pi\u00f9 ministeri \u2013 ha aggiunto Musumeci \u2013 E si potr\u00e0 procedere in deroga alla ricostruzione delle infrastrutture danneggiate. <strong>Ove le opere fossero alcune particolarmente complesse, si attiverebbe la legge 40 che \u00e8 lo stato di ricostruzione, quindi cessa lo stato di emergenza e si apre lo stato di ricostruzione<\/strong> per il quale il competente non sar\u00e0 pi\u00f9 il commissario delegato, cio\u00e8 il presidente della Regione, ma un commissario straordinario, esattamente come abbiamo fatto nel centro Italia e in Emilia Romagna\u201d.<\/p>\n<h2>Gli incontri con Anas e Ferrovie<\/h2>\n<p>\u201cNei prossimi giorni incontrer\u00f2 Anas e con Ferrovie per rivedere la collocazione del sedime ferroviario e stradale\u201d poich\u00e9 \u201cle mareggiate torneranno. Sono arrivate gi\u00e0 a casa nostra\u201d,<strong> ha detto ancora Nello Musumeci.<\/strong> \u201cNon possiamo immaginare che un sedime ferroviario possa essere collocato a cinque metri dal mare\u201d, ha concluso il ministro.<\/p>\n<h2>Ferro: \u201cRisposta immediata\u201d<\/h2>\n<p>\u201c<strong>La dichiarazione dello stato di emergenza nazionale per la Calabria, la Sicilia e la Sardegna<\/strong>, deliberata oggi dal Consiglio dei ministri, rappresenta<a href=\"https:\/\/www.secoloditalia.it\/2026\/01\/maltempo-il-ciclone-harry-e-un-ricordo-limpegno-straordinario-del-governo-e-il-ritorno-alla-normalita\/\"> una risposta immediata, concreta<\/a> e necessaria ai territori colpiti dal violento maltempo dei giorni scorsi e conferma ancora una volta che il Governo guidato da Giorgia Meloni mantiene gli impegni assunti\u201d, ha detto la sottosegretaria agli interni di FdI, <strong>Wanda Ferro<\/strong>.\u00a0<strong>\u201cLa nomina dei presidenti di Regione quali commissari delegati, con ampi poteri di deroga<\/strong> \u2013 ha concluso il sottosegretario \u2013 \u00e8 una scelta che va nella direzione della massima rapidit\u00e0 ed efficacia dell\u2019azione amministrativa, valorizzando la conoscenza diretta dei territori e assicurando risposte concrete ai cittadini\u201d.<\/p>\n<p>\u00a0<\/p>\n<p>\u00a0<\/p>\n<p>\u00a0<\/p>\n<\/div>\n<div class=\"commentSectionContainer\">\n<p class=\"comments-title\">Non ci sono commenti, inizia una discussione<\/p>\n<\/div>\n<div id=\"comments\" class=\"comments-area closed\">\n<div id=\"respond\" class=\"comment-respond\">\n<h3 id=\"reply-title\" class=\"comment-reply-title\">Lascia un commento <small><a rel=\"nofollow\" id=\"cancel-comment-reply-link\" href=\"https:\/\/www.secoloditalia.it\/2026\/01\/maltempo-il-governo-stanzia-cento-milioni-meloni-anche-nelle-emergenze-siamo-una-grande-comunita\/#respond\">Annulla risposta<\/a><\/small><\/h3>\n<p class=\"comment-notes\"><span id=\"email-notes\">Il tuo indirizzo email non sar\u00e0 pubblicato.<\/span><span class=\"required-field-message\">I campi obbligatori sono contrassegnati <span class=\"required\">*<\/span><\/span><\/p>\n<\/div>\n<\/div>\n<div class=\"info-condivisione bottom\">\n<div>\n<p>di <span class=\"autore\">Paolo Desideri<\/span> &#8211; <span class=\"data\">26 Gennaio 2026<\/span><\/p>\n<\/div>\n<\/div>\n<div class=\"correlati\">\n<p>Leggi anche<\/p>\n<div>\n<article>\n<figure><a href=\"https:\/\/www.secoloditalia.it\/2026\/01\/maltempo-il-ciclone-harry-e-un-ricordo-limpegno-straordinario-del-governo-e-il-ritorno-alla-normalita\/\" aria-label=\"Maltempo, il ciclone Harry \u00e8 un ricordo. L'impegno straordinario del governo e il ritorno alla normalit\u00e0\" class=\"lower\"><img loading=\"lazy\" decoding=\"async\" width=\"370\" height=\"154\" src=\"https:\/\/analyse.optim.biz\/wp-content\/uploads\/2026\/01\/sbarra-2026-01-23t172100-189-370x154-1.jpg\" class=\"attachment-standard-lower size-standard-lower wp-post-image\" alt=\"Musumeci\" title=\"Musumeci\"><\/a><\/figure>\n<div>\n<p class=\"occhiello\">Al sud<\/p>\n<p><a href=\"https:\/\/www.secoloditalia.it\/2026\/01\/maltempo-il-ciclone-harry-e-un-ricordo-limpegno-straordinario-del-governo-e-il-ritorno-alla-normalita\/?utm_source=content&amp;utm_medium=related&amp;utm_campaign=bottom\"><\/p>\n<h3>Maltempo, il ciclone Harry \u00e8 un ricordo. L&#8217;impegno straordinario del governo e il ritorno alla normalit\u00e0<\/h3>\n<p><\/a><\/div>\n<\/article>\n<article>\n<figure><a href=\"https:\/\/www.secoloditalia.it\/2026\/01\/da-ustica-a-lampedusa-si-fa-la-conta-dei-danni-provocati-dal-ciclone-harry-a-linosa-la-situazione-piu-drammatica-video\/\" aria-label=\"Da Ustica a Lampedusa, si fa la conta dei danni provocati dal ciclone Harry: a Linosa la situazione pi\u00f9 drammatica (video)\" class=\"lower\"><img loading=\"lazy\" decoding=\"async\" width=\"370\" height=\"154\" src=\"https:\/\/analyse.optim.biz\/wp-content\/uploads\/2026\/01\/linosa-370x154-1.jpg\" class=\"attachment-standard-lower size-standard-lower wp-post-image\" alt=\"Musumeci\" title=\"Musumeci\"><\/a><\/figure>\n<div>\n<p class=\"occhiello\">Il day after<\/p>\n<p><a href=\"https:\/\/www.secoloditalia.it\/2026\/01\/da-ustica-a-lampedusa-si-fa-la-conta-dei-danni-provocati-dal-ciclone-harry-a-linosa-la-situazione-piu-drammatica-video\/?utm_source=content&amp;utm_medium=related&amp;utm_campaign=bottom\"><\/p>\n<h3>Da Ustica a Lampedusa, si fa la conta dei danni provocati dal ciclone Harry: a Linosa la situazione pi\u00f9 drammatica (video)<\/h3>\n<p><\/a><\/div>\n<\/article>\n<\/div>\n<\/div>\n<\/div>\n<\/article>\n<p> Source URL: https:\/\/www.secoloditalia.it\/2026\/01\/maltempo-il-governo-stanzia-cento-milioni-meloni-anche-nelle-emergenze-siamo-una-grande-comunita\/<\/p>\n","protected":false},"excerpt":{"rendered":"<p>Per i danni del maltempo Maltempo Il governo stanzia cento milioni, Meloni: \u201cAnche nelle emergenze siamo una grande comunit\u00e0\u201d I presidenti delle Regioni nominati commissari: avranno ampi poteri per la gestione delle risorse Politica &#8211; di Paolo Desideri &#8211; 26 Gennaio 2026 alle 18:38 Via libera dal governo al decreto di emergenza per\u00a0 le tre [&hellip;]<\/p>\n","protected":false},"author":1,"featured_media":1407019,"comment_status":"open","ping_status":"","sticky":false,"template":"","format":"standard","meta":{"footnotes":""},"categories":[87],"tags":[123],"class_list":["post-1407018","post","type-post","status-publish","format-standard","has-post-thumbnail","hentry","category-italy","tag-secoloditalia-it"],"_links":{"self":[{"href":"https:\/\/analyse.optim.biz\/index.php?rest_route=\/wp\/v2\/posts\/1407018","targetHints":{"allow":["GET"]}}],"collection":[{"href":"https:\/\/analyse.optim.biz\/index.php?rest_route=\/wp\/v2\/posts"}],"about":[{"href":"https:\/\/analyse.optim.biz\/index.php?rest_route=\/wp\/v2\/types\/post"}],"author":[{"embeddable":true,"href":"https:\/\/analyse.optim.biz\/index.php?rest_route=\/wp\/v2\/users\/1"}],"replies":[{"embeddable":true,"href":"https:\/\/analyse.optim.biz\/index.php?rest_route=%2Fwp%2Fv2%2Fcomments&post=1407018"}],"version-history":[{"count":0,"href":"https:\/\/analyse.optim.biz\/index.php?rest_route=\/wp\/v2\/posts\/1407018\/revisions"}],"wp:featuredmedia":[{"embeddable":true,"href":"https:\/\/analyse.optim.biz\/index.php?rest_route=\/wp\/v2\/media\/1407019"}],"wp:attachment":[{"href":"https:\/\/analyse.optim.biz\/index.php?rest_route=%2Fwp%2Fv2%2Fmedia&parent=1407018"}],"wp:term":[{"taxonomy":"category","embeddable":true,"href":"https:\/\/analyse.optim.biz\/index.php?rest_route=%2Fwp%2Fv2%2Fcategories&post=1407018"},{"taxonomy":"post_tag","embeddable":true,"href":"https:\/\/analyse.optim.biz\/index.php?rest_route=%2Fwp%2Fv2%2Ftags&post=1407018"}],"curies":[{"name":"wp","href":"https:\/\/api.w.org\/{rel}","templated":true}]}}