{"id":140698,"date":"2017-05-30T17:00:29","date_gmt":"2017-05-30T14:00:29","guid":{"rendered":"https:\/\/analyse.optim.biz\/?p=140698"},"modified":"2017-05-30T17:00:29","modified_gmt":"2017-05-30T14:00:29","slug":"cazul-bejinariu-presedintia-e-inadmisibil-replica-lui-liviu-dragnea","status":"publish","type":"post","link":"https:\/\/analyse.optim.biz\/?p=140698","title":{"rendered":"Cazul Bejinariu. Pre\u0219edin\u021bia: E inadmisibil! Replica lui Liviu Dragnea"},"content":{"rendered":"<div class=\"entry data-app-meta data-app-meta-article\" data-embed-base-url-canonical=\"https:\/\/www.digi24.ro\/embed\/stiri\/actualitate\/politica\/cazul-bejinariu-presedintia-e-inadmisibil-replica-lui-liviu-dragnea-734296\">\n<p data-index=\"1\"><strong>Purt\u0103torul de cuv\u00e2nt al pre\u015fedintelui Klaus Iohannis, M\u0103d\u0103lina Dobrovolschi, spune c\u0103<a href=\"https:\/\/www.digi24.ro\/stiri\/actualitate\/justitie\/dosarul-microsoft-al-treilea-vot-in-parlament-in-cazul-bejenariu-733942\" target=\"_blank\" rel=\"noopener noreferrer\" data-skip-linkfix=\"1\"> respingerea cererii de urm\u0103rire penal\u0103<\/a> a fostului ministru Eugen Bejinariu dovede\u015fte \u00eenc\u0103 o dat\u0103 \u201edispre\u0163ul\u201d majorit\u0103\u0163ii parlamentare fa\u0163\u0103 de justi\u0163ie, consider\u00e2nd c\u0103 este \u201einadmisibil\u201d ca senatorii \u015fi deputa\u0163ii s\u0103 se erijeze \u00een judec\u0103tori. Sunt \u201ecuvinte cam grele\u201d, a fost reac\u021bia pre\u0219edintelui PSD, Liviu Dragnea.<\/strong><\/p>\n<p data-index=\"2\"><img loading=\"lazy\" decoding=\"async\" class=\"alignnone size-full wp-image-625872\" src=\"https:\/\/analyse.optim.biz\/wp-content\/uploads\/2024\/09\/mdamagfzad05mtm2mty0n2q2njk5ota0zgq4ogvkzte2n2y3ywq2mg-thumb_.jpg\" width=\"457\" height=\"378\" data-skip-htmlfix=\"1\" title=\"mdamagfzad05mtm2mty0n2q2njk5ota0zgq4ogvkzte2n2y3ywq2mg-thumb_\"><\/p>\n<p data-index=\"3\">\u201eVotul de ast\u0103zi (mar\u0163i &#8211; n.r.) din Parlament \u00een cazul cererii de urm\u0103rire penal\u0103 a deputatului PSD Eugen Bejinariu dovede\u015fte \u00eenc\u0103 o dat\u0103 dispre\u0163ul majorit\u0103\u0163ii fa\u0163\u0103 de Justi\u0163ie. Este inadmisibil ca unii deputa\u0163i \u015fi senatori s\u0103 se erijeze \u00een judec\u0103tori \u015fi s\u0103 hot\u0103rasc\u0103 prin vot blocarea actului de justi\u0163ie\u201d, a spus Dobrovolschi pentru News.ro.<\/p>\n<p data-index=\"4\">Purt\u0103torul de cuv\u00e2nt al pre\u015fedintelui afirm\u0103 c\u0103 \u015feful statului a afirmat \u00een multe r\u00e2nduri c\u0103 instan\u0163a este singura abilitat\u0103 s\u0103 se pronun\u0163e \u00een leg\u0103tur\u0103 cu vinov\u0103\u0163ia sau nevinov\u0103\u0163ia unei persoane, iar acest principiu \u201enu este negociabil\u201d.<\/p>\n<p data-index=\"5\">\u201eFaptul c\u0103 majoritatea parlamentar\u0103 nu \u00een\u0163elege s\u0103 ac\u0163ioneze conform normelor care stau la baza statului de drept duce la accentuarea sc\u0103derii \u00eencrederii cet\u0103\u0163enilor \u00een Legislativ\u201d, a mai spus M\u0103d\u0103lina Dobrovolschi.<\/p>\n<p data-index=\"6\">Pre\u0219edintele PSD Liviu Dragnea a comentat aceast\u0103 reac\u021bie: \u201eSunt cuvinte cam grele\u201d, a spus el.<\/p>\n<p data-index=\"7\">\u201eDac\u0103 domnul pre\u015fedinte vrea s\u0103 fim parteneri \u00een acest demers de modificare a Constitu\u0163iei, a\u015fa cum a spus \u00een noiembrie 2014, cu tot dragul vom modifica Constitu\u0163ia \u015fi, printre alte prevederi, s\u0103 scoatem \u015fi aceast\u0103 prevedere cu privire la imunitate\u201d, a mai spus pre\u0219edintele PSD.<br \/> El a ad\u0103ugat c\u0103 a votat pentru ridicarea imunit\u0103\u021bii lui Eugen Bejinariu \u0219i c\u0103 le-a cerut social-deputa\u021bilor s\u0103 fac\u0103 acela\u0219i lucru.<\/p>\n<p data-index=\"8\">\u201eLe-am cerut colegilor mei s\u0103 voteze \u00een conformitate cu legea, probabil c\u0103 au ascultat argumente \u015fi dintr-o parte \u015fi din alta \u015fi observ\u00e2nd num\u0103rul masiv de voturi \u00ab\u00eempotriv\u0103\u00bb, au votat de la toate partidele \u00een sensul \u0103sta. Nimeni \u00een astfel de situa\u0163ii nu se poate impune. E un vot total secret \u015fi, c\u00e2nd e vorba de persoane, deputa\u0163ii \u015fi senatorii au cu totul \u015fi cu totul alt\u0103 abordare. Nu pot s\u0103 \u00eei for\u0163ez s\u0103 stea to\u0163i cu bilele la vedere\u201d, a completat pre\u015fedintele PSD.<\/p>\n<p data-index=\"9\">Camera Deputa\u0163ilor a respins, mar\u0163i, cererea de urm\u0103rire penal\u0103 a deputatului PSD Eugen Bejinariu.<\/p>\n<p data-index=\"10\">Rezultatul votului a fost 88 de voturi pentru, 183 \u00eempotriv\u0103 \u015fi dou\u0103 ab\u0163ineri. Votul a fost secret, exprimat cu bile.<\/p>\n<p data-index=\"11\">PNL \u015fi USR au anun\u0163at c\u0103 vor vota pentru urm\u0103rirea penal\u0103 a lui Eugen Bejinariu, PSD, ALDE \u015fi PMP nu s-au exprimat, iar UDMR a criticat cererea procurorilor, f\u0103r\u0103 \u00eens\u0103 a preciza ce pozi\u0163ie vor avea.<\/p>\n<\/div>\n<p> Source URL: https:\/\/www.digi24.ro\/stiri\/actualitate\/politica\/cazul-bejinariu-presedintia-e-inadmisibil-replica-lui-liviu-dragnea-734296<\/p>\n","protected":false},"excerpt":{"rendered":"<p>Purt\u0103torul de cuv\u00e2nt al pre\u015fedintelui Klaus Iohannis, M\u0103d\u0103lina Dobrovolschi, spune c\u0103 respingerea cererii de urm\u0103rire penal\u0103 a fostului ministru Eugen Bejinariu dovede\u015fte \u00eenc\u0103 o dat\u0103 \u201edispre\u0163ul\u201d majorit\u0103\u0163ii parlamentare fa\u0163\u0103 de justi\u0163ie, consider\u00e2nd c\u0103 este \u201einadmisibil\u201d ca senatorii \u015fi deputa\u0163ii s\u0103 se erijeze \u00een judec\u0103tori. Sunt \u201ecuvinte cam grele\u201d, a fost reac\u021bia pre\u0219edintelui PSD, Liviu Dragnea. [&hellip;]<\/p>\n","protected":false},"author":1,"featured_media":140699,"comment_status":"open","ping_status":"","sticky":false,"template":"","format":"standard","meta":{"footnotes":""},"categories":[2],"tags":[11],"class_list":["post-140698","post","type-post","status-publish","format-standard","has-post-thumbnail","hentry","category-politics","tag-digi24"],"_links":{"self":[{"href":"https:\/\/analyse.optim.biz\/index.php?rest_route=\/wp\/v2\/posts\/140698","targetHints":{"allow":["GET"]}}],"collection":[{"href":"https:\/\/analyse.optim.biz\/index.php?rest_route=\/wp\/v2\/posts"}],"about":[{"href":"https:\/\/analyse.optim.biz\/index.php?rest_route=\/wp\/v2\/types\/post"}],"author":[{"embeddable":true,"href":"https:\/\/analyse.optim.biz\/index.php?rest_route=\/wp\/v2\/users\/1"}],"replies":[{"embeddable":true,"href":"https:\/\/analyse.optim.biz\/index.php?rest_route=%2Fwp%2Fv2%2Fcomments&post=140698"}],"version-history":[{"count":0,"href":"https:\/\/analyse.optim.biz\/index.php?rest_route=\/wp\/v2\/posts\/140698\/revisions"}],"wp:featuredmedia":[{"embeddable":true,"href":"https:\/\/analyse.optim.biz\/index.php?rest_route=\/wp\/v2\/media\/140699"}],"wp:attachment":[{"href":"https:\/\/analyse.optim.biz\/index.php?rest_route=%2Fwp%2Fv2%2Fmedia&parent=140698"}],"wp:term":[{"taxonomy":"category","embeddable":true,"href":"https:\/\/analyse.optim.biz\/index.php?rest_route=%2Fwp%2Fv2%2Fcategories&post=140698"},{"taxonomy":"post_tag","embeddable":true,"href":"https:\/\/analyse.optim.biz\/index.php?rest_route=%2Fwp%2Fv2%2Ftags&post=140698"}],"curies":[{"name":"wp","href":"https:\/\/api.w.org\/{rel}","templated":true}]}}