{"id":140687,"date":"2017-05-30T18:28:27","date_gmt":"2017-05-30T15:28:27","guid":{"rendered":"https:\/\/analyse.optim.biz\/?p=140687"},"modified":"2017-05-30T18:28:27","modified_gmt":"2017-05-30T15:28:27","slug":"liviu-dragnea-am-renuntat-la-tva-zero-pentru-imobiliare","status":"publish","type":"post","link":"https:\/\/analyse.optim.biz\/?p=140687","title":{"rendered":"Liviu Dragnea: Am renun\u0163at la TVA zero pentru imobiliare"},"content":{"rendered":"<div class=\"entry data-app-meta data-app-meta-article\" data-embed-base-url-canonical=\"https:\/\/www.digi24.ro\/embed\/stiri\/actualitate\/politica\/liviu-dragnea-am-renuntat-la-tva-zero-pentru-imobiliare-734342\">\n<p data-index=\"1\"><strong>Pre\u015fedintele PSD, Liviu Dragnea, spune c\u0103 s-a renun\u0163at la ini\u0163iativa pentru TVA zero pentru imobiliare \u015fi publicitate, \u00een condi\u0163iile \u00een care cei din aceste domenii au spus c\u0103 m\u0103sura poate avea efecte bune, dar \u015fi \u201eperverse\u201d, deoarece s-ar a\u015ftepta mult la rambursarea de TVA.<\/strong><\/p>\n<p data-index=\"2\">\u00centrebat de pres\u0103 dac\u0103 este adev\u0103rat c\u0103 a renun\u0163at la TVA zero pentru imobiliare \u015fi publicitate, Liviu Dragnea a r\u0103spuns: \u201eDa, este, de asta am \u015fi lungit-o at\u00e2t de mult. Cei din domeniul publicit\u0103\u0163ii \u015fi din zona presei au spus c\u0103 aceast\u0103 m\u0103sur\u0103, chiar dac\u0103 poate avea efecte bune, poate avea \u015fi efecte perverse, \u00een sensul c\u0103 ar trebui s\u0103 a\u015ftepte mult la rambursarea de TVA \u015fi cei din zona de construc\u0163ii de locuin\u0163e la fel\u201d.<\/p>\n<p data-index=\"3\">\u201eDin moment cei ei, cei care erau beneficiarii, nu sunt de acord, r\u0103m\u00e2nem doar cu zero la input-urile \u00een agricultur\u0103 pentru c\u0103 acolo situa\u0163ia este invers\u0103. Ei sunt obliga\u0163i s\u0103 v\u00e2nd\u0103 cu TVA zero produsele, \u00een schimb input-urile intr\u0103 cu TVA \u015fi tot a\u015fa a\u015fteapt\u0103 un an sau doi p\u00e2n\u0103 se ramburseaz\u0103 TVA\u201d, a ad\u0103ugat \u0219eful PSD.<\/p>\n<p data-index=\"4\">Surse: Digi24, News.ro<\/p>\n<\/div>\n<p> Source URL: https:\/\/www.digi24.ro\/stiri\/actualitate\/politica\/liviu-dragnea-am-renuntat-la-tva-zero-pentru-imobiliare-734342<\/p>\n","protected":false},"excerpt":{"rendered":"<p>Pre\u015fedintele PSD, Liviu Dragnea, spune c\u0103 s-a renun\u0163at la ini\u0163iativa pentru TVA zero pentru imobiliare \u015fi publicitate, \u00een condi\u0163iile \u00een care cei din aceste domenii au spus c\u0103 m\u0103sura poate avea efecte bune, dar \u015fi \u201eperverse\u201d, deoarece s-ar a\u015ftepta mult la rambursarea de TVA. \u00centrebat de pres\u0103 dac\u0103 este adev\u0103rat c\u0103 a renun\u0163at la TVA [&hellip;]<\/p>\n","protected":false},"author":1,"featured_media":140688,"comment_status":"open","ping_status":"","sticky":false,"template":"","format":"standard","meta":{"footnotes":""},"categories":[2],"tags":[11],"class_list":["post-140687","post","type-post","status-publish","format-standard","has-post-thumbnail","hentry","category-politics","tag-digi24"],"_links":{"self":[{"href":"https:\/\/analyse.optim.biz\/index.php?rest_route=\/wp\/v2\/posts\/140687","targetHints":{"allow":["GET"]}}],"collection":[{"href":"https:\/\/analyse.optim.biz\/index.php?rest_route=\/wp\/v2\/posts"}],"about":[{"href":"https:\/\/analyse.optim.biz\/index.php?rest_route=\/wp\/v2\/types\/post"}],"author":[{"embeddable":true,"href":"https:\/\/analyse.optim.biz\/index.php?rest_route=\/wp\/v2\/users\/1"}],"replies":[{"embeddable":true,"href":"https:\/\/analyse.optim.biz\/index.php?rest_route=%2Fwp%2Fv2%2Fcomments&post=140687"}],"version-history":[{"count":0,"href":"https:\/\/analyse.optim.biz\/index.php?rest_route=\/wp\/v2\/posts\/140687\/revisions"}],"wp:featuredmedia":[{"embeddable":true,"href":"https:\/\/analyse.optim.biz\/index.php?rest_route=\/wp\/v2\/media\/140688"}],"wp:attachment":[{"href":"https:\/\/analyse.optim.biz\/index.php?rest_route=%2Fwp%2Fv2%2Fmedia&parent=140687"}],"wp:term":[{"taxonomy":"category","embeddable":true,"href":"https:\/\/analyse.optim.biz\/index.php?rest_route=%2Fwp%2Fv2%2Fcategories&post=140687"},{"taxonomy":"post_tag","embeddable":true,"href":"https:\/\/analyse.optim.biz\/index.php?rest_route=%2Fwp%2Fv2%2Ftags&post=140687"}],"curies":[{"name":"wp","href":"https:\/\/api.w.org\/{rel}","templated":true}]}}