{"id":140676,"date":"2017-05-30T19:55:03","date_gmt":"2017-05-30T16:55:03","guid":{"rendered":"https:\/\/analyse.optim.biz\/?p=140676"},"modified":"2017-05-30T19:55:03","modified_gmt":"2017-05-30T16:55:03","slug":"e-miorita-un-bun-brand-de-tara-ce-spun-expertii","status":"publish","type":"post","link":"https:\/\/analyse.optim.biz\/?p=140676","title":{"rendered":"E \u201eMiori\u021ba\u201d un bun brand de \u021bar\u0103? Ce spun exper\u021bii"},"content":{"rendered":"<div class=\"entry data-app-meta data-app-meta-article\" data-embed-base-url-canonical=\"https:\/\/www.digi24.ro\/embed\/stiri\/actualitate\/e-miorita-un-bun-brand-de-tara-ce-spun-expertii-734451\">\n<p data-index=\"1\"><strong>Frunza de aproape un milion de euro s-a cam uscat. Am putea arunca \u00een lupt\u0103 oaia. Este ideea ministrului Turismului, care ar vrea un nou brand turistic. Are \u015fi un sus\u0163in\u0103tor puternic, ministrul Agriculturii, care vine cu argumentele: \u201eFrunza o are toat\u0103 lumea, dar oi ca \u00een Rom\u00e2nia nu\u201d \u015fi&#8230; \u201e<a href=\"https:\/\/www.digi24.ro\/stiri\/actualitate\/politica\/ministrul-agriculturii-oaia-este-o-statuie-vie-734216\" data-skip-linkfix=\"1\">Oaia e o statuie vie<\/a>\u201d.<\/strong><\/p>\n<p data-index=\"2\">Rom\u00e2nia e obligat\u0103 s\u0103 p\u0103streze frunza ca brand de \u0163ar\u0103 \u00eenc\u0103 trei ani. Timp suficient pentru ca oaia s\u0103 prind\u0103 puteri \u015fi s\u0103 \u00eei ia locul. De ce oaia? Fiindc\u0103 e \u201estatuie vie\u201d, spune ministrul Agriculturii. Iar colegul de la turism \u00eel completeaz\u0103: e simbol na\u0163ional.<\/p>\n<p data-index=\"3\">\u201e<span lang=\"ro-RO\">Domnule e un simbol, ne e ru\u015fine cu Miori\u0163a? Mie nu \u00eemi e ru\u015fine. Nu mai avem simboluri \u00een Rom\u00e2nia? Nu \u00eel avem \u015fi pe Dracula? \u00cel avem. Nu ne putem folosi \u015fi de acesta \u015fi de simbolul miori\u0163a, e vreo problem\u0103? Am venit cu o idee, aceea mi-a trecut prin cap la o discu\u0163ie principial\u0103, nici m\u0103car nu era oficial\u0103\u201d, a spus Mircea Dobre, ministrul Turismului. <\/span><\/p>\n<p data-index=\"4\">\u201eEu zic c\u0103 este un pas \u00eenapoi, adic\u0103 Rom\u00e2nia ar trebui s\u0103 se modernizeze\u201d, este \u00eens\u0103 p\u0103rerea unui rom\u00e2n.<\/p>\n<p data-index=\"5\">\u201e<span lang=\"ro-RO\">Cred c\u0103 ne-ar strica imaginea foarte mult\u201d, spune un altul.<\/span><\/p>\n<p data-index=\"6\">Imediat dup\u0103 anun\u0163ul ministrului, <a href=\"https:\/\/www.digi24.ro\/stiri\/sci-tech\/lumea-digitala\/oaia-brand-de-tara-cele-mai-bune-glume-pe-facebook-734304\" target=\"_blank\" rel=\"noopener noreferrer\" data-skip-linkfix=\"1\">oaia a \u00eenceput s\u0103 zburde pe re\u0163elele de socializare<\/a>. Mai to\u0163i \u015fi-au imaginat-o cum m\u0103n\u00e2nc\u0103 frunza de stejar, brandul de \u0163ar\u0103 de acum.<\/p>\n<p class=\"gdpr-placeholder gdpr-social-media gdpr-iframe-fix\" data-index=\"8\"> Setarile tale privind cookie-urile nu permit afisarea continutul din aceasta sectiune. Poti actualiza setarile modulelor coookie direct din browser sau de <a class=\"ot-sdk-show-settings\" data-skip-linkfix=\"1\">aici<\/a> \u2013 e nevoie sa accepti cookie-urile social media<\/p>\n<p data-index=\"9\">Dincolo de glume, speciali\u015ftii \u00een comunicare atrag aten\u0163ia c\u0103 oaia &#8211; cu trimitere direct\u0103 la Miori\u0163a &#8211; nu e chiar cea mai inspirat\u0103 alegere.<\/p>\n<p data-index=\"10\">\u201e<span lang=\"ro-RO\">E vorba de ce vindem celor pe care ni-i dorim aici, nu vindem numai pentru rom\u00e2ni. Nici m\u0103car pentru rom\u00e2ni nu este o imagine \u0219i o poveste foarte vesel\u0103. Nu e exact imaginea pe care ne-o doream acum, c\u00e2nd ne reafirm\u0103m sau dorim s\u0103 ne reafirm\u0103m \u00een lume\u201d, spune Anca Nedea Pavel, fost \u0219ef ANT.<\/span><\/p>\n<p data-index=\"11\">Asocierea unui astfel de simbol cu Rom\u00e2nia trimite la ideea c\u0103 suntem o \u0163ar\u0103 pastoral\u0103. Adic\u0103 exact opusul imaginii pe care vrem s\u0103 o vindem &#8211; aceea a unei societ\u0103\u0163i dinamice, \u00een transformare.<\/p>\n<p data-index=\"12\">\u201e<span lang=\"ro-RO\">Probabil c\u0103 singura metod\u0103 este asta: s\u0103 le spunem c\u0103 sunt pro\u015fti. Nu mai trebuie s\u0103 ne ferim \u015fi este o form\u0103 de activism, dac\u0103 vrei, social s\u0103 le spunem: trebuie s\u0103 v\u0103 duce\u0163i la \u015fcoal\u0103, s\u0103 \u00eenv\u0103\u0163a\u0163i, s\u0103 citi\u021bi\u201d, spune Aneta Bogdan, expert \u00een branding. <\/span><\/p>\n<p data-index=\"13\">\u201e<span lang=\"ro-RO\">Discu\u021bia pe care a avut-o \u00een acel comitet, nu de schimbare a siglei, ci de promovare a unor lucruri foarte cunoscute, cum ar fi Dracula, Miori\u021ba \u0219i a\u0219a mai departe. De aici \u0219i p\u00e2n\u0103 la schimbarea siglei eu zic c\u0103 e cale lung\u0103\u201d, a fost reac\u021bia premierului Grindeanu.<\/span><\/p>\n<p data-index=\"14\"><span lang=\"ro-RO\">Actualul brand turistic al Rom\u00e2niei a fost realizat \u00een 2010 \u015fi a fost proiectul Elenei Udrea, la vremea aceea \u00een fruntea Turismului. A costat 900.000 de euro. S-au mai dat \u00eenc\u0103 75 de milioane de euro, bani din fonduri europene, pentru promovare. <\/span><\/p>\n<p data-index=\"15\"><span lang=\"ro-RO\">Nici atunci nu au lipsit controversele. Presa a scris c\u0103 frunza folosit\u0103 ca logo nu este un desen original, ci a fost cump\u0103rat\u0103 dintr-o banc\u0103 de imagini cu c\u00e2teva sute de dolari.<\/span><\/p>\n<\/div>\n<p> Source URL: https:\/\/www.digi24.ro\/stiri\/actualitate\/e-miorita-un-bun-brand-de-tara-ce-spun-expertii-734451<\/p>\n","protected":false},"excerpt":{"rendered":"<p>Frunza de aproape un milion de euro s-a cam uscat. Am putea arunca \u00een lupt\u0103 oaia. Este ideea ministrului Turismului, care ar vrea un nou brand turistic. Are \u015fi un sus\u0163in\u0103tor puternic, ministrul Agriculturii, care vine cu argumentele: \u201eFrunza o are toat\u0103 lumea, dar oi ca \u00een Rom\u00e2nia nu\u201d \u015fi&#8230; \u201eOaia e o statuie vie\u201d. [&hellip;]<\/p>\n","protected":false},"author":1,"featured_media":140677,"comment_status":"open","ping_status":"","sticky":false,"template":"","format":"standard","meta":{"footnotes":""},"categories":[2],"tags":[11],"class_list":["post-140676","post","type-post","status-publish","format-standard","has-post-thumbnail","hentry","category-politics","tag-digi24"],"_links":{"self":[{"href":"https:\/\/analyse.optim.biz\/index.php?rest_route=\/wp\/v2\/posts\/140676","targetHints":{"allow":["GET"]}}],"collection":[{"href":"https:\/\/analyse.optim.biz\/index.php?rest_route=\/wp\/v2\/posts"}],"about":[{"href":"https:\/\/analyse.optim.biz\/index.php?rest_route=\/wp\/v2\/types\/post"}],"author":[{"embeddable":true,"href":"https:\/\/analyse.optim.biz\/index.php?rest_route=\/wp\/v2\/users\/1"}],"replies":[{"embeddable":true,"href":"https:\/\/analyse.optim.biz\/index.php?rest_route=%2Fwp%2Fv2%2Fcomments&post=140676"}],"version-history":[{"count":0,"href":"https:\/\/analyse.optim.biz\/index.php?rest_route=\/wp\/v2\/posts\/140676\/revisions"}],"wp:featuredmedia":[{"embeddable":true,"href":"https:\/\/analyse.optim.biz\/index.php?rest_route=\/wp\/v2\/media\/140677"}],"wp:attachment":[{"href":"https:\/\/analyse.optim.biz\/index.php?rest_route=%2Fwp%2Fv2%2Fmedia&parent=140676"}],"wp:term":[{"taxonomy":"category","embeddable":true,"href":"https:\/\/analyse.optim.biz\/index.php?rest_route=%2Fwp%2Fv2%2Fcategories&post=140676"},{"taxonomy":"post_tag","embeddable":true,"href":"https:\/\/analyse.optim.biz\/index.php?rest_route=%2Fwp%2Fv2%2Ftags&post=140676"}],"curies":[{"name":"wp","href":"https:\/\/api.w.org\/{rel}","templated":true}]}}