{"id":140673,"date":"2017-05-31T10:23:18","date_gmt":"2017-05-31T07:23:18","guid":{"rendered":"https:\/\/analyse.optim.biz\/?p=140673"},"modified":"2017-05-31T10:23:18","modified_gmt":"2017-05-31T07:23:18","slug":"actualizare-oprea-iordanescu-si-ontanu-au-refuzat-sa-dea-declaratii-in-fata-comisiei-de-ancheta-privind-alegerile-din-2009","status":"publish","type":"post","link":"https:\/\/analyse.optim.biz\/?p=140673","title":{"rendered":"ACTUALIZARE. Oprea, Iord\u0103nescu \u015fi On\u0163anu au refuzat s\u0103 dea declara\u0163ii \u00een fa\u0163a comisiei de anchet\u0103 privind alegerile din 2009"},"content":{"rendered":"<div class=\"entry data-app-meta data-app-meta-article\" data-embed-base-url-canonical=\"https:\/\/www.digi24.ro\/embed\/stiri\/actualitate\/politica\/o-noua-lovitura-pentru-comisia-de-ancheta-privind-alegerile-din-2009-gabriel-oprea-a-refuzat-sa-vina-la-audieri-734658\">\n<p data-index=\"1\"><strong>Fostul vicepremier nu vine\u00a0la audierile comisiei\u00a0conduse de senatorul PSD Mihai Fifor. \u00cen schimb, Gabriel Oprea le-a trimis parlamentarilor o scrisoare \u00een care sus\u0163ine c\u0103 trebuie solicitat acordul prealabil al Parchetului de pe l\u00e2ng\u0103 \u00cenalta Curte de Casa\u0163ie \u015fi Justi\u0163ie.<\/strong><\/p>\n<p data-index=\"2\"><img loading=\"lazy\" decoding=\"async\" class=\"alignnone size-full wp-image-571844\" src=\"https:\/\/analyse.optim.biz\/wp-content\/uploads\/2024\/09\/odawjmhhc2g9ndzizjlkzdg4nzlindfhnwfjmtzkymfinzvly2ixndc-thumb_.jpg\" width=\"3635\" height=\"2424\" data-skip-htmlfix=\"1\" title=\"odawjmhhc2g9ndzizjlkzdg4nzlindfhnwfjmtzkymfinzvly2ixndc-thumb_\"><\/p>\n<p data-index=\"3\"><strong>ACTUALIZARE. 14.00\u00a0<\/strong>Pre\u015fedintele Comisiei de anchet\u0103 privind alegerile din 2009, Mihai Fifor, a declarat, miercuri, c\u0103 la \u00eenceputul s\u0103pt\u0103m\u00e2nii viitoare se va decide dac\u0103 va fi sau nu sesizat Parchetul pentru un punct de vedere ca urmare a refuzului lui Gabriel Oprea, Anghel Iord\u0103nescu \u015fi Neculai On\u0163anu de a da declara\u0163ii la audieri, coment\u00e2nd c\u0103 atitudinea lor a sem\u0103nat &#8220;izbitor&#8221;. Potrivit News.ro,\u00a0\u00centrebat dac\u0103 i s-a p\u0103rut c\u0103 atitudinea celor trei a p\u0103rut o sfidare, Fifor a comentat c\u0103 unii membrii ai Comisiei au catalogat comportamentul lui Oprea, On\u0163anu \u015fi Iord\u0103nescu \u00een acest fel.<\/p>\n<p data-index=\"4\">&#8212;&#8212;&#8212;&#8212;&#8212;&#8212;&#8212;&#8212;&#8212;&#8212;&#8212;&#8212;&#8212;&#8212;&#8212;&#8212;&#8212;&#8212;&#8212;&#8212;&#8212;&#8212;&#8212;&#8212;&#8212;&#8212;&#8212;&#8212;&#8212;&#8212;&#8212;&#8212;&#8212;&#8212;&#8212;&#8212;&#8212;&#8212;&#8212;&#8212;&#8212;&#8212;&#8212;&#8212;&#8212;&#8212;&#8212;&#8212;&#8212;&#8212;&#8212;&#8212;&#8212;&#8212;&#8212;<\/p>\n<p data-index=\"5\">&#8220;Este op\u0163iunea domniei sale&#8221;, a comentat, \u00een acest context, pre\u015fedintele comisiei, Mihai Fifor. Gabriel Oprea este al doilea oficial care a anun\u0163at c\u0103 nu va merge la audieri, dup\u0103 un gest similar f\u0103cut de <a href=\"https:\/\/www.digi24.ro\/stiri\/actualitate\/politica\/alegeri-2009-primul-oficial-care-a-refuzat-sa-fie-audiat-de-comisia-de-ancheta-reactii-733398\" data-skip-linkfix=\"1\">Ana Maria P\u0103tru<\/a>, fosta \u015fef\u0103 a Autorit\u0103\u0163ii Electorale Permanente (AEP). Aceasta le-a trimis parlamentarilor o scrisoare de zece pagini \u00een care \u00ee\u015fi exprim\u0103 \u015fi explic\u0103 refuzul.<\/p>\n<p data-index=\"6\">Scrisoarea va fi discutat\u0103 azi \u00een comisie \u015fi tot azi va fi abordat \u015fi cazul lui Gabriel Oprea, a declarat Mihai Fifor, \u00eentrebat de jurnali\u015fti ce va face \u00een situa\u0163ia de fa\u0163\u0103? F\u0103r\u0103 a spune concret ce pa\u015fi va urma comisia dac\u0103 fostul vicepremier\u00a0va refuza \u00een mod repetat s\u0103 se prezinte, Mihai Fifor a ad\u0103ugat c\u0103 lui Oprea i se va trimie o nou\u0103 scrisoare de invita\u0163ie.<\/p>\n<h3>Scrisoarea lui Oprea \u015fi lista zilei<\/h3>\n<p data-index=\"7\">Gabriel Oprea a trimis o scrisoare Comisiei de anchet\u0103 privind alegerile preziden\u0163iale din 2009, \u00een care le cere membrilor comisiei s\u0103 solicite acordul prealabil al organului judiciar competent \u00een vederea audierii sale \u00een Parlament, av\u00e2nd \u00een vedere c\u0103 a fost audiat la P\u00ceCCJ, \u00een calitate de martor, cu privire la acela\u015fi subiect, \u00eentr-un dosar \u00een care s-a dispus \u00eenceperea urm\u0103ririi penale in rem.\u00a0\u201eReferitor la solicitarea dumneavoastr\u0103 de a m\u0103 prezenta \u00een fa\u0163a Comisiei parlamentare, v\u0103 aduc la cuno\u015ftin\u0163\u0103 c\u0103 \u00een luna aprilie 2017 am fost audiat \u00een calitate de martor la P\u00ceCCJ cu privire la acela\u015fi subiect, \u00eentr-un dosar \u00een care s-a dispus \u00eenceperea urm\u0103ririi penale in rem\u201d, \u00ee\u015fi \u00eencepe scrisoarea Gabriel Oprea, potrivit News.ro.<\/p>\n<p data-index=\"8\">\u201eFa\u0163\u0103 de \u00eemprejurarea c\u0103 sunt subiect procesual \u00eentr-o cauz\u0103 penal\u0103, \u00een sensul art. 34 Cod procedur\u0103 penal\u0103 \u015fi dat fiind caracterul nepublic al procedurii judiciare impus de art. 285 alin, 2 din acela\u015fi Cod, pentru a preveni eventuala \u00eenc\u0103lcare a caracterului nepublic al procedurii de urm\u0103rire penal\u0103 \u00een care am fost solicitat s\u0103 dau declara\u0163ie \u00een calitate de martor, v\u0103 supun aten\u0163iei necesitatea solicit\u0103rii de c\u0103tre dumneavoastr\u0103 a acordului prealabil al organului judiciar competent \u00een vederea audierii mele\u201d, a conchis fostul vicepremier.<\/p>\n<p data-index=\"9\">\u00cen afar\u0103 de Oprea, care ar fi trebuit s\u0103 fie audiat \u00een aceast\u0103 diminea\u0163\u0103, ast\u0103zi mai sunt\u00a0a\u015ftepta\u0163i fostul ministru de Externe, Teodor Baconschi, fostul primar al sectorului 2, Neculai On\u0163anu, \u015fi fostul senator Anghel Iord\u0103nescu.\u00a0<\/p>\n<h3>Cine a fost audiat p\u00e2n\u0103 acum \u015fi ce au declarat Geoan\u0103 \u015fi Andronic<\/h3>\n<p data-index=\"10\">P\u00e2n\u0103 acum au mai fost audia\u0163i Dan Andronic, Viorel Hrebenciuc, fostul pre\u015fedinte al AEP, Octavian Opri\u015f, vicepre\u015fedintele AEP, Marian Muhule\u0163, \u015fi Mircea Geoan\u0103.\u00a0<\/p>\n<p data-index=\"11\">Fostul candidat PSD la preziden\u0163ialele din 2009 le-a spus parlamentarilor\u00a0c\u0103 vizita la Sorin Ovidiu V\u00eentu de dinainte de alegeri a avut un impact \u201emodest\u201d asupra rezultatului scrutinului, mult mai important fiind cine \u015fi cum l-a filat.\u00a0<\/p>\n<p data-index=\"12\">\u00cens\u0103 primul audiat de comisia parlamentar\u0103 a fost jurnalistul <a href=\"https:\/\/www.digi24.ro\/stiri\/actualitate\/politica\/alegeri-2009-andronic-nu-am-niciun-element-ca-s-a-pus-la-cale-fraudarea-alegerilor-728881\" data-skip-linkfix=\"1\">Dan Andronic<\/a>. Acesta a precizat c\u0103 nu are elemente care s\u0103 contureze ideea c\u0103 \u00een cadrul acelei \u00eent\u00e2lniri de la Gabriel Oprea, din seara turului doi al alegerilor pentru Pre\u0219edin\u021bie, s-ar fi ac\u021bionat pentru fraudarea alegerilor sau modificarea rezultatului scrutinului.<\/p>\n<h3>Ideea lui Dragnea \u015fi T\u0103riceanu<\/h3>\n<p data-index=\"13\"><a href=\"https:\/\/www.digi24.ro\/stiri\/actualitate\/politica\/zi-importanta-in-parlament-vot-pentru-alegerile-din-2009-revocarea-lui-negritoiu-nou-sef-la-ancom-721970\" data-skip-linkfix=\"1\">Constituirea comisiei<\/a> conduse de Mihai Fifor a fost votat\u0103 \u00een urm\u0103 cu trei s\u0103pt\u0103m\u00e2ni, \u00eentr-o \u015fedin\u0163\u0103 comun\u0103 a celor dou\u0103 camere. Din ea fac parte \u015fapte parlamentari PSD, trei de la PNL, doi de la USR, iar de la ALDE, PMP \u015fi UDMR, c\u00e2te unul. <a href=\"https:\/\/www.digi24.ro\/stiri\/actualitate\/politica\/tariceanu-si-dragnea-vor-ancheta-parlamentara-pe-alegerile-din-2009-705610\" data-skip-linkfix=\"1\">Ideea a fost lansat\u0103 \u00een aprilie<\/a> de liderii coali\u0163iei PSD-ALDE, Liviu Dragnea \u015fi C\u0103lin Popescu T\u0103riceanu. Cei doi politicieni au folosit ca pretext afirma\u0163iile lui Dan Andronic, potrivit c\u0103ruia \u00een noaptea turului II al alegerilor preziden\u021biale din 2009, ar fi participat, acas\u0103 la Gabriel Oprea, la o \u00eent\u00e2lnire la care erau prezen\u021bi \u0219i \u0219efii SRI \u0219i DNA.<\/p>\n<p data-index=\"14\">La doar c\u00e2teva ore dup\u0103 ce Dragnea \u015fi T\u0103riceanu au cerut \u00eenfiin\u0163area comisiei, pre\u015fedintele PSD\u00a0\u0219i-a dezvoltat <a href=\"https:\/\/www.digi24.ro\/stiri\/actualitate\/politica\/dragnea-vrea-sa-fie-seful-comisiei-de-ancheta-pe-alegeri-ce-spun-regulamentele-706091\" data-skip-linkfix=\"1\">planul<\/a>: de a prelua conducerea acesteia. A renun\u0163at pe parcurs, f\u0103r\u0103 a da prea multe detalii. \u00cen cele din urm\u0103, \u015fefia comisiei parlamentare de anchet\u0103 privind ascrutinul preziden\u0163ial din 2009 i-a revenit social-democratului Mihai Fifor.<\/p>\n<\/div>\n<p> Source URL: https:\/\/www.digi24.ro\/stiri\/actualitate\/politica\/o-noua-lovitura-pentru-comisia-de-ancheta-privind-alegerile-din-2009-gabriel-oprea-a-refuzat-sa-vina-la-audieri-734658<\/p>\n","protected":false},"excerpt":{"rendered":"<p>Fostul vicepremier nu vine\u00a0la audierile comisiei\u00a0conduse de senatorul PSD Mihai Fifor. \u00cen schimb, Gabriel Oprea le-a trimis parlamentarilor o scrisoare \u00een care sus\u0163ine c\u0103 trebuie solicitat acordul prealabil al Parchetului de pe l\u00e2ng\u0103 \u00cenalta Curte de Casa\u0163ie \u015fi Justi\u0163ie. ACTUALIZARE. 14.00\u00a0Pre\u015fedintele Comisiei de anchet\u0103 privind alegerile din 2009, Mihai Fifor, a declarat, miercuri, c\u0103 la [&hellip;]<\/p>\n","protected":false},"author":1,"featured_media":140674,"comment_status":"open","ping_status":"","sticky":false,"template":"","format":"standard","meta":{"footnotes":""},"categories":[2],"tags":[11],"class_list":["post-140673","post","type-post","status-publish","format-standard","has-post-thumbnail","hentry","category-politics","tag-digi24"],"_links":{"self":[{"href":"https:\/\/analyse.optim.biz\/index.php?rest_route=\/wp\/v2\/posts\/140673","targetHints":{"allow":["GET"]}}],"collection":[{"href":"https:\/\/analyse.optim.biz\/index.php?rest_route=\/wp\/v2\/posts"}],"about":[{"href":"https:\/\/analyse.optim.biz\/index.php?rest_route=\/wp\/v2\/types\/post"}],"author":[{"embeddable":true,"href":"https:\/\/analyse.optim.biz\/index.php?rest_route=\/wp\/v2\/users\/1"}],"replies":[{"embeddable":true,"href":"https:\/\/analyse.optim.biz\/index.php?rest_route=%2Fwp%2Fv2%2Fcomments&post=140673"}],"version-history":[{"count":0,"href":"https:\/\/analyse.optim.biz\/index.php?rest_route=\/wp\/v2\/posts\/140673\/revisions"}],"wp:featuredmedia":[{"embeddable":true,"href":"https:\/\/analyse.optim.biz\/index.php?rest_route=\/wp\/v2\/media\/140674"}],"wp:attachment":[{"href":"https:\/\/analyse.optim.biz\/index.php?rest_route=%2Fwp%2Fv2%2Fmedia&parent=140673"}],"wp:term":[{"taxonomy":"category","embeddable":true,"href":"https:\/\/analyse.optim.biz\/index.php?rest_route=%2Fwp%2Fv2%2Fcategories&post=140673"},{"taxonomy":"post_tag","embeddable":true,"href":"https:\/\/analyse.optim.biz\/index.php?rest_route=%2Fwp%2Fv2%2Ftags&post=140673"}],"curies":[{"name":"wp","href":"https:\/\/api.w.org\/{rel}","templated":true}]}}