{"id":140517,"date":"2017-06-03T18:07:50","date_gmt":"2017-06-03T15:07:50","guid":{"rendered":"https:\/\/analyse.optim.biz\/?p=140517"},"modified":"2017-06-03T18:07:50","modified_gmt":"2017-06-03T15:07:50","slug":"parlamentul-romaniei-cheltuieli-costisitoare-pentru-adunarea-nato-din-toamna","status":"publish","type":"post","link":"https:\/\/analyse.optim.biz\/?p=140517","title":{"rendered":"Parlamentul Rom\u00e2niei, cheltuieli costisitoare pentru Adunarea NATO din toamn\u0103"},"content":{"rendered":"<div class=\"entry data-app-meta data-app-meta-article\" data-embed-base-url-canonical=\"https:\/\/www.digi24.ro\/embed\/stiri\/actualitate\/politica\/parlamentul-romaniei-cheltuieli-costisitoare-pentru-adunarea-nato-din-toamna-736566\">\n<p data-index=\"1\"><strong>Adunarea Parlamentar\u0103 NATO din acest\u0103 toamn\u0103 de la Bucure\u015fti cost\u0103 mult Camera Deputa\u0163ilor. Ale\u015fii cump\u0103r\u0103 un nou sistem de iluminat pentru sala de plen, aparatura audio-video performant\u0103 \u015fi videproiectoare. \u00cen plus, Parlamentul va achizi\u0163iona ma\u015fini de protocol pentru care va pl\u0103ti un milion de euro. Guvernul a suplimentar deja bugetul Parlamentului cu 14 milioane de lei.<\/strong><\/p>\n<p data-index=\"2\">Ale\u015fii \u00ee\u015fi propun s\u0103 organizeze irepro\u015fabil adunarea anual\u0103 a parlamentarilor NATO, care are loc \u00een acest an la Bucure\u015fti. De\u015fi evenimentul va avea loc \u00een octombrie, Camera Deputa\u0163ilor \u015fi-a suplimentat deja bugetul \u015fi s-a apucat de cump\u0103r\u0103turi.<\/p>\n<p data-index=\"3\">Cele mai importante achizi\u021bii vizeaz\u0103 dot\u0103rile s\u0103lii de plen. Un sistem nou de iluminat dar \u015fi un sistem audio video performant, \u00een valoare de aproape 2 milioane de lei care s\u0103 poat\u0103 oferi imagini din orice col\u021b al s\u0103lii de plen. De asemenea, 8 videoproiectoare \u0219i dotari noi pentru centrele de pres\u0103 care vor fi amenajate special pentru eveniment.<\/p>\n<p data-index=\"4\"><strong>Achizi\u0163ii pentru Adunarea Parlamentar\u0103 NATO:<\/strong><\/p>\n<ul>\n<li>Sistem de iluminat &#8211; sala de plen: 168.000 lei<\/li>\n<li>8 proiectoare video pentru s\u0103li de reuniune: 219.000 lei<\/li>\n<li>2 surse de alimentare cu energie electric\u0103: 142.000 lei<\/li>\n<li>Sistem audio-video pentru sala de plen: 1.900.000 lei<br \/><em>sursa: cdep.ro<\/em><\/li>\n<\/ul>\n<p data-index=\"5\">Alexandru T\u0103nase, director Direc\u021bia Tehnic\u0103: <strong>Toate cele 512 locuri pe care le avem \u00een sala de plen trebuie s\u0103 fie afi\u0219ate pe acest ecran \u00een func\u021bie de cine ia cuv\u00e2ntul.<\/strong><\/p>\n<p data-index=\"6\">Camelia Gavril\u0103, deputat PSD: <strong>Este o sal\u0103 mare, suntem peste 300 de deputa\u021bi, vizibilitatea, \u00eentr-adev\u0103r, este deficitar\u0103. Suntem totu\u0219i \u00een secolul 21, suntem \u00een Parlamentul Rom\u00e2niei, cred c\u0103 \u0219i o updatare, o upgradare este necesar\u0103.<\/strong><\/p>\n<p data-index=\"7\">Cea mai important\u0103 investi\u0163ie pe care o face Camera deputa\u0163ilor o reprezint\u0103 \u00eens\u0103 ma\u015finile de protocol. Pentru 25 de autovehicule care s\u0103 deserveasc\u0103 oficialii NATO, parlamentul va pl\u0103ti peste un milion de euro.<\/p>\n<p data-index=\"8\"><span lang=\"ro-RO\">Pentru trei dintre ma\u0219inile de protocol, Parlamentul este dispus s\u0103 dea 120.000 euro. Parlamentarii vor limuzine performante, cu geamuri fumurii \u00een spate, tapi\u021berie de piele, scaune \u00eenc\u0103lzite, clim\u0103 individual\u0103, cutii frigorifice \u0219i sistem wi-fi.<\/span><\/p>\n<p data-index=\"9\">Aceast\u0103 achizi\u0163ie a \u00eencins spiritele \u00een Parlament, dar \u00een cele din urm\u0103 a fost aprobat\u0103.<\/p>\n<p data-index=\"10\"><span lang=\"ro-RO\">Claudiu Nasui, deputat USR: <strong>\u00cen\u021beleg c\u0103 se cump\u0103r\u0103 trei ma\u0219ini care au fost numite \u00een pres\u0103 mega limuzine, de 450 de cai putere, pentru trei zile, c\u00e2nd acestea ar putea fi \u00eenchiriate.<\/strong><\/span><\/p>\n<p data-index=\"11\">Iulius Firczak, deputat minorit\u0103\u021bi: <strong>Vrem s\u0103 facem economie, dar nu pot s\u0103 duc oameni de un asemenea statut cu ma\u0219ini \u00eenchiriate. \u0218i ca nivel de securitate \u0219i ca nivel de prestan\u021b\u0103 \u0219i pozi\u021bie.<\/strong><\/p>\n<p data-index=\"12\">Ma\u015finile vor r\u0103m\u00e2ne la Parlament dup\u0103 finalizarea evenimentului. La \u00eent\u00e2lnirea ale\u015filor NATO vin peste 700 de invita\u0163i din statele membre ale alian\u0163ei.<\/p>\n<\/div>\n<p> Source URL: https:\/\/www.digi24.ro\/stiri\/actualitate\/politica\/parlamentul-romaniei-cheltuieli-costisitoare-pentru-adunarea-nato-din-toamna-736566<\/p>\n","protected":false},"excerpt":{"rendered":"<p>Adunarea Parlamentar\u0103 NATO din acest\u0103 toamn\u0103 de la Bucure\u015fti cost\u0103 mult Camera Deputa\u0163ilor. Ale\u015fii cump\u0103r\u0103 un nou sistem de iluminat pentru sala de plen, aparatura audio-video performant\u0103 \u015fi videproiectoare. \u00cen plus, Parlamentul va achizi\u0163iona ma\u015fini de protocol pentru care va pl\u0103ti un milion de euro. Guvernul a suplimentar deja bugetul Parlamentului cu 14 milioane de [&hellip;]<\/p>\n","protected":false},"author":1,"featured_media":140518,"comment_status":"open","ping_status":"","sticky":false,"template":"","format":"standard","meta":{"footnotes":""},"categories":[2],"tags":[11],"class_list":["post-140517","post","type-post","status-publish","format-standard","has-post-thumbnail","hentry","category-politics","tag-digi24"],"_links":{"self":[{"href":"https:\/\/analyse.optim.biz\/index.php?rest_route=\/wp\/v2\/posts\/140517","targetHints":{"allow":["GET"]}}],"collection":[{"href":"https:\/\/analyse.optim.biz\/index.php?rest_route=\/wp\/v2\/posts"}],"about":[{"href":"https:\/\/analyse.optim.biz\/index.php?rest_route=\/wp\/v2\/types\/post"}],"author":[{"embeddable":true,"href":"https:\/\/analyse.optim.biz\/index.php?rest_route=\/wp\/v2\/users\/1"}],"replies":[{"embeddable":true,"href":"https:\/\/analyse.optim.biz\/index.php?rest_route=%2Fwp%2Fv2%2Fcomments&post=140517"}],"version-history":[{"count":0,"href":"https:\/\/analyse.optim.biz\/index.php?rest_route=\/wp\/v2\/posts\/140517\/revisions"}],"wp:featuredmedia":[{"embeddable":true,"href":"https:\/\/analyse.optim.biz\/index.php?rest_route=\/wp\/v2\/media\/140518"}],"wp:attachment":[{"href":"https:\/\/analyse.optim.biz\/index.php?rest_route=%2Fwp%2Fv2%2Fmedia&parent=140517"}],"wp:term":[{"taxonomy":"category","embeddable":true,"href":"https:\/\/analyse.optim.biz\/index.php?rest_route=%2Fwp%2Fv2%2Fcategories&post=140517"},{"taxonomy":"post_tag","embeddable":true,"href":"https:\/\/analyse.optim.biz\/index.php?rest_route=%2Fwp%2Fv2%2Ftags&post=140517"}],"curies":[{"name":"wp","href":"https:\/\/api.w.org\/{rel}","templated":true}]}}