{"id":140506,"date":"2017-06-03T18:30:36","date_gmt":"2017-06-03T15:30:36","guid":{"rendered":"https:\/\/analyse.optim.biz\/?p=140506"},"modified":"2017-06-03T18:30:36","modified_gmt":"2017-06-03T15:30:36","slug":"proiect-amenzi-pentru-sedintele-secrete-ale-consiliilor-locale","status":"publish","type":"post","link":"https:\/\/analyse.optim.biz\/?p=140506","title":{"rendered":"Proiect | Amenzi pentru sedin\u021bele secrete ale consiliilor locale"},"content":{"rendered":"<div class=\"entry data-app-meta data-app-meta-article\" data-embed-base-url-canonical=\"https:\/\/www.digi24.ro\/embed\/stiri\/actualitate\/politica\/proiect-amenzi-pentru-sedintele-secrete-ale-consiliilor-locale-736578\">\n<p data-index=\"1\"><strong>Amenzi pentru ale\u015fii locali dac\u0103 pun piedici cet\u0103\u0163enilor care vor s\u0103 participe la \u015fedin\u0163ele consiilor locale ori jude\u0163ene. Este dorin\u0163a deputatul liberal Ovidiu Rae\u0163chi, care a depus un proiect de lege \u00een acest sens. Parlamentarul spune c\u0103 societatea civil\u0103 se pl\u00e2nge c\u0103 nu are accees la \u015fedin\u0163e, de\u015fi legea prevede c\u0103 sunt publice.<\/strong><\/p>\n<p data-index=\"2\"><span lang=\"ro-RO\">Irina Zamfirescu \u00eencearc\u0103 de \u015fase luni s\u0103 participe la \u015fedin\u0163ele Prim\u0103riei Capitalei. De fiecare dat\u0103 a fost oprit\u0103 pentru c\u0103 nu ar mai fi avut loc \u00een sal\u0103. <\/span><\/p>\n<p data-index=\"3\"><span lang=\"ro-RO\">Irina Zamfirescu, activist civic: Nu este vorba de capacitatea s\u0103lii. Este vorba pur \u015fi simplu de reaua-credin\u0163\u0103. Acces \u00een sala de \u015fedin\u0163\u0103 din p\u0103cate o au doar persoanele prezumate a avea un punct de vedere oportun proiectelor propuse de doamna primar. <\/span><\/p>\n<p data-index=\"4\"><span lang=\"ro-RO\">Ovidiu Rae\u0163chi, ini\u0163iator al legii, deputat PNL: Aceast\u0103 lege vine \u00een urma unor abuzuri. Ce mi-a\u015f dori eu este ca \u00eenainte ca legea s\u0103 intre efectiv \u00een vigoare: doamna Firea \u015fi al\u0163i primari din \u0163ar\u0103 care fac astfel de abuzuri s\u0103 \u00een\u0163eleag\u0103 c\u0103 e normal ca un cet\u0103\u0163ean care contribuie cu bani la ce se \u00eent\u00e2mpl\u0103 \u00een sala respectiv\u0103 s\u0103 aib\u0103 tot dreptul s\u0103 fie acolo \u00een sal\u0103. <\/span><\/p>\n<p data-index=\"5\"><span lang=\"ro-RO\">Arina Delcea, reporter Digi 24: Dac\u0103 acest proiect se transform\u0103 \u00een lege, atunci ar urma ca \u00een fiecare sal\u0103 de Consiliu Jude\u0163ean de exemplu sau de Consiliu de Sector, ca aceasta \u00een care ne afl\u0103m noi, cet\u0103\u0163enii s\u0103 aib\u0103 cel pu\u0163in 50 de locuri rezervate pentru ei. Dac\u0103 ne raport\u0103m la sala asta, ar \u00eensemna cele trei r\u00e2nduri, iat\u0103. \u00cen cazul \u00een care administra\u0163iile publice nu se supun noilor reguli, risc\u0103 amenzi ustur\u0103toare: de la o mie la cinci mii de lei.<\/span><\/p>\n<p data-index=\"6\">Primarii nu v\u0103d cu ochi buni propunerea.<\/p>\n<p data-index=\"7\"><span lang=\"ro-RO\">Dan Tudorache, primarul sectorului 1 al Capitalei: Eu zic c\u0103 nu e necesar pentru c\u0103 eu, cel pu\u0163in \u00een Bucure\u015fti, acest lucru se \u00eent\u00e2mpl\u0103. C\u00e2nd este o solicitare mai mare de locuri sunt introduse mai multe scaune \u00een sal\u0103, deci \u00een permanen\u0163\u0103, cel pu\u0163in 30. Dac\u0103 sunt solicit\u0103ri de mai multe locuri, se suplimenteaz\u0103 locurile. <\/span><\/p>\n<p data-index=\"8\">Consilierii Opozi\u0163iei spun c\u0103 este necesar s\u0103 se instituie un num\u0103r minim de locuri pentru cet\u0103\u0163eni, de\u015fi nu toate consiliile au aceast\u0103 problem\u0103.<\/p>\n<p data-index=\"9\"><span lang=\"ro-RO\">\u015etef\u0103nel Dan Marin, consilier local al Sectorului 4: \u00cen sala de \u015fedin\u0163e a Consiliului Local Sector 4, primele dou\u0103 r\u00e2nduri sunt dedicate consilierilor locali, iar mijlocul s\u0103lii, aproximativ o sut\u0103 de locuri sunt dedicate persoanelor care vor s\u0103 participe. <\/span><\/p>\n<p data-index=\"10\">Legea abia a fost depus\u0103. Urmeaz\u0103 s\u0103 fie dezb\u0103tut\u0103 \u015fi votat\u0103 de Camera Deputa\u0163ilor \u015fi de Senat.<\/p>\n<\/div>\n<p> Source URL: https:\/\/www.digi24.ro\/stiri\/actualitate\/politica\/proiect-amenzi-pentru-sedintele-secrete-ale-consiliilor-locale-736578<\/p>\n","protected":false},"excerpt":{"rendered":"<p>Amenzi pentru ale\u015fii locali dac\u0103 pun piedici cet\u0103\u0163enilor care vor s\u0103 participe la \u015fedin\u0163ele consiilor locale ori jude\u0163ene. Este dorin\u0163a deputatul liberal Ovidiu Rae\u0163chi, care a depus un proiect de lege \u00een acest sens. Parlamentarul spune c\u0103 societatea civil\u0103 se pl\u00e2nge c\u0103 nu are accees la \u015fedin\u0163e, de\u015fi legea prevede c\u0103 sunt publice. Irina Zamfirescu [&hellip;]<\/p>\n","protected":false},"author":1,"featured_media":140507,"comment_status":"open","ping_status":"","sticky":false,"template":"","format":"standard","meta":{"footnotes":""},"categories":[2],"tags":[11],"class_list":["post-140506","post","type-post","status-publish","format-standard","has-post-thumbnail","hentry","category-politics","tag-digi24"],"_links":{"self":[{"href":"https:\/\/analyse.optim.biz\/index.php?rest_route=\/wp\/v2\/posts\/140506","targetHints":{"allow":["GET"]}}],"collection":[{"href":"https:\/\/analyse.optim.biz\/index.php?rest_route=\/wp\/v2\/posts"}],"about":[{"href":"https:\/\/analyse.optim.biz\/index.php?rest_route=\/wp\/v2\/types\/post"}],"author":[{"embeddable":true,"href":"https:\/\/analyse.optim.biz\/index.php?rest_route=\/wp\/v2\/users\/1"}],"replies":[{"embeddable":true,"href":"https:\/\/analyse.optim.biz\/index.php?rest_route=%2Fwp%2Fv2%2Fcomments&post=140506"}],"version-history":[{"count":0,"href":"https:\/\/analyse.optim.biz\/index.php?rest_route=\/wp\/v2\/posts\/140506\/revisions"}],"wp:featuredmedia":[{"embeddable":true,"href":"https:\/\/analyse.optim.biz\/index.php?rest_route=\/wp\/v2\/media\/140507"}],"wp:attachment":[{"href":"https:\/\/analyse.optim.biz\/index.php?rest_route=%2Fwp%2Fv2%2Fmedia&parent=140506"}],"wp:term":[{"taxonomy":"category","embeddable":true,"href":"https:\/\/analyse.optim.biz\/index.php?rest_route=%2Fwp%2Fv2%2Fcategories&post=140506"},{"taxonomy":"post_tag","embeddable":true,"href":"https:\/\/analyse.optim.biz\/index.php?rest_route=%2Fwp%2Fv2%2Ftags&post=140506"}],"curies":[{"name":"wp","href":"https:\/\/api.w.org\/{rel}","templated":true}]}}