{"id":140503,"date":"2017-06-03T20:00:56","date_gmt":"2017-06-03T17:00:56","guid":{"rendered":"https:\/\/analyse.optim.biz\/?p=140503"},"modified":"2017-06-03T20:00:56","modified_gmt":"2017-06-03T17:00:56","slug":"scandalul-discutiilor-pe-whatsapp-usr-planul-psd-de-a-organiza-contramanifestatii-e-de-factura-putiniana","status":"publish","type":"post","link":"https:\/\/analyse.optim.biz\/?p=140503","title":{"rendered":"Scandalul discu\u021biilor pe WhatsApp | USR: Planul PSD de a organiza contramanifesta\u0163ii e de factur\u0103 putinian\u0103"},"content":{"rendered":"<div class=\"entry data-app-meta data-app-meta-article\" data-embed-base-url-canonical=\"https:\/\/www.digi24.ro\/embed\/stiri\/actualitate\/politica\/scandalul-discutiilor-pe-whatsapp-usr-planul-psd-de-a-organiza-contramanifestatii-e-de-factura-putiniana-736605\">\n<p data-index=\"1\"><strong>USR comenteaz\u0103 dezv\u0103luirile prezentate de Rise Project privind discu\u0163iile din PSD de la momentul protestelor fa\u0163\u0103 de OUG 13, consider\u00e2nd c\u0103 ele arat\u0103 c\u0103 social-democra\u0163ii au o \u201ementalitate totalitar\u0103\u201d \u015fi ac\u0163ioneaz\u0103 \u201ede factur\u0103 putinian\u0103\u201d, informeaz\u0103 <a href=\"https:\/\/www.news.ro\/politic-intern\/usr-planul-psd-de-a-organiza-contramanifestatii-impotriva-protestelor-rezist-este-de-factura-putiniana-arata-mentalitate-totalitara-1922403603242017061417017162\" data-skip-linkfix=\"1\">News.ro.<\/a><\/strong><\/p>\n<p data-index=\"2\"><img loading=\"lazy\" decoding=\"async\" class=\"alignnone size-full wp-image-736607\" src=\"https:\/\/analyse.optim.biz\/wp-content\/uploads\/2024\/09\/mdamagfzad0zyte4mgy1ody0njkzotq1odyymtk0otu4nzvlyzlmyw-thumb_.jpg\" width=\"787\" height=\"554\" data-skip-htmlfix=\"1\" title=\"mdamagfzad0zyte4mgy1ody0njkzotq1odyymtk0otu4nzvlyzlmyw-thumb_\"><\/p>\n<p data-index=\"3\">\u201eUSR condamn\u0103 practicile de guvernare ale PSD care amenin\u0163\u0103 s\u0103 transforme Rom\u00e2nia \u00eentr-un stat captiv. Conversa\u0163iile \u00eentre liderii PSD, dezv\u0103luite de Rise Project, arat\u0103 c\u0103 Rom\u00e2nia este condus\u0103 de un partid cu mentalit\u0103\u0163i totalitare care ac\u0163ioneaz\u0103, de fapt, ca un grup infrac\u0163ional. Planul de a organiza contramanifesta\u0163ii \u00eempotriva protestelor #rezist este de factur\u0103 putinian\u0103 \u015fi nu are nicio leg\u0103tur\u0103 cu un stat democratic, membru al NATO \u015fi al Uniunii Europene\u201d, se arat\u0103 \u00eentr-un comunicat USR.<\/p>\n<p data-index=\"4\">Liderii partidului acuz\u0103 c\u0103 PSD este dispus s\u0103 \u201earunce \u0163ara \u00een haos \u015fi conflicte civile\u201d pentru a sc\u0103pa de \u00eenchisoare persoane condamnate pentru corup\u0163ie, \u00eens\u0103 \u201emarele noroc\u201d al Rom\u00e2niei este c\u0103 are \u201ecet\u0103\u0163eni mai responsabili\u201d dec\u00e2t partidul aflat la guvernare.<\/p>\n<p data-index=\"5\">\u201eAncheta publicat\u0103 ieri de RiseProject nu face dec\u00e2t s\u0103 confirme cet\u0103\u0163enilor rom\u00e2ni ca toat\u0103 povestea cu programul minunat cu grafice colorate, prezentat de PSD \u00een campanie, a fost de fapt o mare scamatorie, miza real\u0103 fiind \u00een tot acest interval men\u0163inerea conect\u0103rii la furtul banului public \u015fi modificarea legilor din Justi\u0163ie pentru protejarea sau eliberarea corup\u0163ilor\u201d, afirm\u0103 Dan Barna, purt\u0103torul de cuv\u00e2nt al USR.<\/p>\n<p data-index=\"6\">Forma\u0163iunea consider\u0103 c\u0103 dezv\u0103luirile Rise Project privind PSD arat\u0103 c\u0103, pe l\u00e2ng \u201esabotarea Justi\u0163iei\u201d, social-democra\u0163ii au o miz\u0103 \u015fi \u00een \u201efurtul banilor publici\u201d:<\/p>\n<p data-index=\"7\">RISE Project dezv\u0103luie o discu\u0163ie de pe grupul de WhatsApp al PSD din noaptea \u00een care a fost aprobat\u0103 OUG 13, \u00een cursul c\u0103reia Liviu Dragnea cere ca pre\u015fedin\u0163ii de organiza\u0163ii s\u0103 se preg\u0103teasc\u0103 pentru \u201dun miting pentru ap\u0103rarea Rom\u00e2niei\u201d.<\/p>\n<\/div>\n<p> Source URL: https:\/\/www.digi24.ro\/stiri\/actualitate\/politica\/scandalul-discutiilor-pe-whatsapp-usr-planul-psd-de-a-organiza-contramanifestatii-e-de-factura-putiniana-736605<\/p>\n","protected":false},"excerpt":{"rendered":"<p>USR comenteaz\u0103 dezv\u0103luirile prezentate de Rise Project privind discu\u0163iile din PSD de la momentul protestelor fa\u0163\u0103 de OUG 13, consider\u00e2nd c\u0103 ele arat\u0103 c\u0103 social-democra\u0163ii au o \u201ementalitate totalitar\u0103\u201d \u015fi ac\u0163ioneaz\u0103 \u201ede factur\u0103 putinian\u0103\u201d, informeaz\u0103 News.ro. \u201eUSR condamn\u0103 practicile de guvernare ale PSD care amenin\u0163\u0103 s\u0103 transforme Rom\u00e2nia \u00eentr-un stat captiv. Conversa\u0163iile \u00eentre liderii PSD, [&hellip;]<\/p>\n","protected":false},"author":1,"featured_media":140504,"comment_status":"open","ping_status":"","sticky":false,"template":"","format":"standard","meta":{"footnotes":""},"categories":[2],"tags":[11],"class_list":["post-140503","post","type-post","status-publish","format-standard","has-post-thumbnail","hentry","category-politics","tag-digi24"],"_links":{"self":[{"href":"https:\/\/analyse.optim.biz\/index.php?rest_route=\/wp\/v2\/posts\/140503","targetHints":{"allow":["GET"]}}],"collection":[{"href":"https:\/\/analyse.optim.biz\/index.php?rest_route=\/wp\/v2\/posts"}],"about":[{"href":"https:\/\/analyse.optim.biz\/index.php?rest_route=\/wp\/v2\/types\/post"}],"author":[{"embeddable":true,"href":"https:\/\/analyse.optim.biz\/index.php?rest_route=\/wp\/v2\/users\/1"}],"replies":[{"embeddable":true,"href":"https:\/\/analyse.optim.biz\/index.php?rest_route=%2Fwp%2Fv2%2Fcomments&post=140503"}],"version-history":[{"count":0,"href":"https:\/\/analyse.optim.biz\/index.php?rest_route=\/wp\/v2\/posts\/140503\/revisions"}],"wp:featuredmedia":[{"embeddable":true,"href":"https:\/\/analyse.optim.biz\/index.php?rest_route=\/wp\/v2\/media\/140504"}],"wp:attachment":[{"href":"https:\/\/analyse.optim.biz\/index.php?rest_route=%2Fwp%2Fv2%2Fmedia&parent=140503"}],"wp:term":[{"taxonomy":"category","embeddable":true,"href":"https:\/\/analyse.optim.biz\/index.php?rest_route=%2Fwp%2Fv2%2Fcategories&post=140503"},{"taxonomy":"post_tag","embeddable":true,"href":"https:\/\/analyse.optim.biz\/index.php?rest_route=%2Fwp%2Fv2%2Ftags&post=140503"}],"curies":[{"name":"wp","href":"https:\/\/api.w.org\/{rel}","templated":true}]}}