{"id":140171,"date":"2017-06-09T08:34:07","date_gmt":"2017-06-09T05:34:07","guid":{"rendered":"https:\/\/analyse.optim.biz\/?p=140171"},"modified":"2017-06-09T08:34:07","modified_gmt":"2017-06-09T05:34:07","slug":"sprijin-in-congresul-sua-pentru-ridicarea-vizelor","status":"publish","type":"post","link":"https:\/\/analyse.optim.biz\/?p=140171","title":{"rendered":"Sprijin \u00een Congresul SUA pentru ridicarea vizelor"},"content":{"rendered":"<div class=\"entry data-app-meta data-app-meta-article\" data-embed-base-url-canonical=\"https:\/\/www.digi24.ro\/embed\/stiri\/actualitate\/politica\/sprijin-in-congresul-sua-pentru-ridicarea-vizelor-739741\">\n<p data-index=\"1\"><strong>Ridicarea vizelor pentru rom\u00e2ni a fost unul dintre subiectele discutate, ieri, la Washington, de pre\u015fedintele Klaus Iohannis. \u015eeful statului a scris \u00een aceast\u0103 diminea\u0163\u0103 pe Facebook c\u0103 le-a transmis congresmenilor cu care s-a \u00eent\u00e2lnit c\u00e2t este de important\u0103 includerea \u00een programul Visa Waiver. Membrii legislativului l-au asigurat pe Klaus Iohannis c\u0103 sprijin\u0103 ridicarea vizelor pentru rom\u00e2ni. \u00cen legislativul de la Washington exist\u0103 \u015fi un grup de prietenie cu Rom\u00e2nia, care promoveaz\u0103 interesele \u0163\u0103rii noastre la v\u00e2rful puterii americani. Unii membri ai acestui grup au fost onora\u0163i de \u015feful statului.<\/strong><\/p>\n<p data-index=\"2\">\u201e<span lang=\"ro-RO\">\u00centr-adev\u0103r, Rom\u00e2nia este cel mai bun partener pe care Statele Unite \u00eel pot avea\u201d, a declarat Klaus Iohannis, pre\u015fedintele Rom\u00e2niei.<\/span><\/p>\n<p lang=\"ro-RO\" data-index=\"3\">\u00cent\u00e2lnirea de la Capitoliu a fost o nou\u0103 ocazie pentru Klaus Iohannis s\u0103 aminteasc\u0103 faptul c\u0103 Rom\u00e2nia poate contribui la \u00eent\u0103rirea rela\u021biei transatlantice.<\/p>\n<p lang=\"ro-RO\" data-index=\"4\">\u015eeful statului a atras aten\u0163ia c\u0103 o rela\u021bie puternic\u0103 dintre SUA \u0219i UE este vital\u0103 pentru viitorul civiliza\u021biei democratice.<\/p>\n<p lang=\"ro-RO\" data-index=\"5\">Membrii Congresului american s-au ar\u0103tat interesa\u0163i \u015fi preocupa\u0163i de situa\u0163ia de securitate din regiunea extins\u0103 a M\u0103rii Negre \u015fi au apreciat rolul Rom\u00e2niei \u00een men\u0163inerea stabilit\u0103\u0163ii zonei.<\/p>\n<p lang=\"ro-RO\" data-index=\"6\">\u201eV\u0103 afla\u0163i \u00eentr-o zon\u0103 dur\u0103 a lumii, \u00een contextul \u00een care agresiunea Rusiei continu\u0103 s\u0103 fie o problem\u0103. Ne baz\u0103m pe Alia\u0163ii din estul Europei. \u015ei ne baz\u0103m pe Rom\u00e2nia \u015fi vom fi acolo pentru a v\u0103 sprijini\u201d, a declarat Devin Nunes, pre\u015fedinte al Comitetului pentru Informa\u0163ii din Camera Reprezentan\u0163ilor.<\/p>\n<p lang=\"ro-RO\" data-index=\"7\">\u00a0<\/p>\n<p class=\"gdpr-placeholder gdpr-social-media gdpr-iframe-fix\" data-index=\"8\"> Setarile tale privind cookie-urile nu permit afisarea continutul din aceasta sectiune. Poti actualiza setarile modulelor coookie direct din browser sau de <a class=\"ot-sdk-show-settings\" data-skip-linkfix=\"1\">aici<\/a> \u2013 e nevoie sa accepti cookie-urile social media<\/p>\n<p lang=\"ro-RO\" data-index=\"9\">La r\u00e2ndul s\u0103u, Klaus Iohannis a precizat c\u0103 Rom\u00e2nia \u0219i statele pe Flancul Estic al NATO se bazeaz\u0103 pe angajamentul continuu al Statelor Unite.<\/p>\n<p lang=\"ro-RO\" data-index=\"10\">\u00centrevederea de aproximativ o jum\u0103tate de or\u0103 a fost urmat\u0103 de o ceremonie organizat\u0103 \u00een Capitoliu. Klaus Iohannis a decorat cu Ordinul Na\u021bional \u201eSteaua Rom\u00e2niei\u201d mai mul\u0163i membri ai Congresului american, cu prilejul anivers\u0103rii a 20 de ani de Parteneriat Strategic.<\/p>\n<p lang=\"ro-RO\" data-index=\"11\">\u201eApreciez foarte mult \u015fi sunt con\u015ftient de eforturile pe care le depune\u0163i, pentru a face cunoscut\u0103 Rom\u00e2nia \u015fi importan\u0163a pe care o are pentru Statele Unite, aici \u00een Washington, \u00een Capitoliu \u015fi la nivelul administra\u0163iei. Aceste decora\u0163ii sunt adev\u0103rate simboluri ale \u00eencrederii dintre \u0163\u0103rile noastre \u015fi dintre na\u0163iunile noastre\u201d, a afirmat pre\u0219edintele rom\u00e2n.<\/p>\n<p lang=\"ro-RO\" data-index=\"12\">A fost un gest de apreciere pentru implicarea personal\u0103 a oficialilor americani \u00een cadrul cooper\u0103rii politice, militare \u0219i economice dintre Rom\u00e2nia \u015fi Statele Unite.<\/p>\n<p data-index=\"13\">\u201e<span lang=\"ro-RO\">Domnule pre\u015fedinte, v\u0103 mul\u0163umesc foarte bine \u015fi Dumnezeu s\u0103 binecuv\u00e2nteze Rom\u00e2nia!\u201d, a spus Jackie Walorski, membru \u00een Grupul de Prietenie pentru Rom\u00e2nia.<\/span><\/p>\n<p data-index=\"14\"><span lang=\"ro-RO\">Ast\u0103zi, pre\u015fedintele Klaus Iohannis va fi primit la Casa Alb\u0103 de pre\u015fedintele american Donald Trump. Este cel mai important moment al vizitei pe care liderul de la Cotroceni o face \u00een Statele Unite ale Americii. Cei doi \u015fefi de stat vor discuta, printre altele, despre problemele de securitate pe flancul estic \u015fi vor aborda \u015fi chestiuni economice.<\/span><\/p>\n<p data-index=\"15\">\u00a0<\/p>\n<\/div>\n<p> Source URL: https:\/\/www.digi24.ro\/stiri\/actualitate\/politica\/sprijin-in-congresul-sua-pentru-ridicarea-vizelor-739741<\/p>\n","protected":false},"excerpt":{"rendered":"<p>Ridicarea vizelor pentru rom\u00e2ni a fost unul dintre subiectele discutate, ieri, la Washington, de pre\u015fedintele Klaus Iohannis. \u015eeful statului a scris \u00een aceast\u0103 diminea\u0163\u0103 pe Facebook c\u0103 le-a transmis congresmenilor cu care s-a \u00eent\u00e2lnit c\u00e2t este de important\u0103 includerea \u00een programul Visa Waiver. Membrii legislativului l-au asigurat pe Klaus Iohannis c\u0103 sprijin\u0103 ridicarea vizelor pentru [&hellip;]<\/p>\n","protected":false},"author":1,"featured_media":140172,"comment_status":"open","ping_status":"","sticky":false,"template":"","format":"standard","meta":{"footnotes":""},"categories":[2],"tags":[11],"class_list":["post-140171","post","type-post","status-publish","format-standard","has-post-thumbnail","hentry","category-politics","tag-digi24"],"_links":{"self":[{"href":"https:\/\/analyse.optim.biz\/index.php?rest_route=\/wp\/v2\/posts\/140171","targetHints":{"allow":["GET"]}}],"collection":[{"href":"https:\/\/analyse.optim.biz\/index.php?rest_route=\/wp\/v2\/posts"}],"about":[{"href":"https:\/\/analyse.optim.biz\/index.php?rest_route=\/wp\/v2\/types\/post"}],"author":[{"embeddable":true,"href":"https:\/\/analyse.optim.biz\/index.php?rest_route=\/wp\/v2\/users\/1"}],"replies":[{"embeddable":true,"href":"https:\/\/analyse.optim.biz\/index.php?rest_route=%2Fwp%2Fv2%2Fcomments&post=140171"}],"version-history":[{"count":0,"href":"https:\/\/analyse.optim.biz\/index.php?rest_route=\/wp\/v2\/posts\/140171\/revisions"}],"wp:featuredmedia":[{"embeddable":true,"href":"https:\/\/analyse.optim.biz\/index.php?rest_route=\/wp\/v2\/media\/140172"}],"wp:attachment":[{"href":"https:\/\/analyse.optim.biz\/index.php?rest_route=%2Fwp%2Fv2%2Fmedia&parent=140171"}],"wp:term":[{"taxonomy":"category","embeddable":true,"href":"https:\/\/analyse.optim.biz\/index.php?rest_route=%2Fwp%2Fv2%2Fcategories&post=140171"},{"taxonomy":"post_tag","embeddable":true,"href":"https:\/\/analyse.optim.biz\/index.php?rest_route=%2Fwp%2Fv2%2Ftags&post=140171"}],"curies":[{"name":"wp","href":"https:\/\/api.w.org\/{rel}","templated":true}]}}