{"id":140138,"date":"2017-06-09T13:56:18","date_gmt":"2017-06-09T10:56:18","guid":{"rendered":"https:\/\/analyse.optim.biz\/?p=140138"},"modified":"2017-06-09T13:56:18","modified_gmt":"2017-06-09T10:56:18","slug":"dragnea-toti-ministrii-si-au-depus-demisiile-in-alb-si-premierul-din-cate-am-auzit-da","status":"publish","type":"post","link":"https:\/\/analyse.optim.biz\/?p=140138","title":{"rendered":"Dragnea: To\u0163i mini\u015ftrii \u015fi-au depus demisiile \u00een alb. \u015ei premierul? \u201eDin c\u00e2te am auzit, da\u201d"},"content":{"rendered":"<div class=\"entry data-app-meta data-app-meta-article\" data-embed-base-url-canonical=\"https:\/\/www.digi24.ro\/embed\/stiri\/actualitate\/politica\/liviu-dragnea-toti-ministrii-au-demisiile-in-alb-scrise-739967\">\n<p data-index=\"1\"><strong>Evaluarea Guvernului va fi gata s\u0103pt\u0103m\u00e2na viitoare, spune pre\u015fedintele PSD, Liviu Dragnea, care precizieaz\u0103 c\u0103 rezultatele vor fi analizate \u00eentr-o \u015fedin\u0163\u0103 a conducerii partidului. Se va urm\u0103ri \u00een principal dac\u0103 programul de guvernare a fost respectat de Cabinetul Grindeanu \u015fi, \u00een func\u0163ie de asta, se va stabili dac\u0103 se pune problema unei remanieri, a mai explicat \u015feful social-democra\u0163ilor.<\/strong><\/p>\n<p data-index=\"2\">\u201eDuminic\u0103 seara sper ca raportul s\u0103 fie gata. Nu e o evaluare a mini\u0219trilor, ci a programului de guvernare. Nu \u0219tim dac\u0103 vom propune schimb\u0103ri \u00een guvern, indiferent despre cine ar fi vorba, cel mai important e programul de guvernare, s\u0103 vedem dac\u0103 sunt \u00eent\u00e2rzieri \u00een implementarea lui\u201d, a spus Liviu Dragnea.<\/p>\n<p data-index=\"3\">\u201e<span lang=\"ro-RO\">Faptul c\u0103 am decis s\u0103 facem evalu\u0103ri periodice nu v\u0103d de ce ar pune presiuni pe mini\u0219tri, eu nu-i \u0219tiam at\u00e2t de fragili, sau poate discu\u021bia asta a mai trezit pe unii dintre ei\u201d, a ad\u0103ugat pre\u0219edintele PSD.<\/span><\/p>\n<p data-index=\"4\"><span lang=\"ro-RO\">\u00centrebat dac\u0103 to\u021bi mini\u0219trii \u0219i-au depus demisiile \u00een alb, a\u0219a cum a spus c\u0103 a f\u0103cut Lia Olgu\u021ba Vasilescu, ministrul Muncii, Liviu Dragnea a precizat: \u201eTo\u021bi, c\u00e2nd \u0219i-au primit mandatele. Nu \u0219tiu unde sunt depozitate demisiile \u00een alb. Au f\u0103cut gestul \u0103sta, dar eu nu le folosesc\u201d.<\/span><\/p>\n<p data-index=\"5\"><span lang=\"ro-RO\">Liviu Dragnea a ad\u0103ugat c\u0103 \u0219i premierul Sorin Grindeanu are scris\u0103 demisia \u00een alb. \u201eDin c\u00e2te am auzit, da\u201d, a spus el<\/span><\/p>\n<\/div>\n<p> Source URL: https:\/\/www.digi24.ro\/stiri\/actualitate\/politica\/liviu-dragnea-toti-ministrii-au-demisiile-in-alb-scrise-739967<\/p>\n","protected":false},"excerpt":{"rendered":"<p>Evaluarea Guvernului va fi gata s\u0103pt\u0103m\u00e2na viitoare, spune pre\u015fedintele PSD, Liviu Dragnea, care precizieaz\u0103 c\u0103 rezultatele vor fi analizate \u00eentr-o \u015fedin\u0163\u0103 a conducerii partidului. Se va urm\u0103ri \u00een principal dac\u0103 programul de guvernare a fost respectat de Cabinetul Grindeanu \u015fi, \u00een func\u0163ie de asta, se va stabili dac\u0103 se pune problema unei remanieri, a mai [&hellip;]<\/p>\n","protected":false},"author":1,"featured_media":140139,"comment_status":"open","ping_status":"","sticky":false,"template":"","format":"standard","meta":{"footnotes":""},"categories":[2],"tags":[11],"class_list":["post-140138","post","type-post","status-publish","format-standard","has-post-thumbnail","hentry","category-politics","tag-digi24"],"_links":{"self":[{"href":"https:\/\/analyse.optim.biz\/index.php?rest_route=\/wp\/v2\/posts\/140138","targetHints":{"allow":["GET"]}}],"collection":[{"href":"https:\/\/analyse.optim.biz\/index.php?rest_route=\/wp\/v2\/posts"}],"about":[{"href":"https:\/\/analyse.optim.biz\/index.php?rest_route=\/wp\/v2\/types\/post"}],"author":[{"embeddable":true,"href":"https:\/\/analyse.optim.biz\/index.php?rest_route=\/wp\/v2\/users\/1"}],"replies":[{"embeddable":true,"href":"https:\/\/analyse.optim.biz\/index.php?rest_route=%2Fwp%2Fv2%2Fcomments&post=140138"}],"version-history":[{"count":0,"href":"https:\/\/analyse.optim.biz\/index.php?rest_route=\/wp\/v2\/posts\/140138\/revisions"}],"wp:featuredmedia":[{"embeddable":true,"href":"https:\/\/analyse.optim.biz\/index.php?rest_route=\/wp\/v2\/media\/140139"}],"wp:attachment":[{"href":"https:\/\/analyse.optim.biz\/index.php?rest_route=%2Fwp%2Fv2%2Fmedia&parent=140138"}],"wp:term":[{"taxonomy":"category","embeddable":true,"href":"https:\/\/analyse.optim.biz\/index.php?rest_route=%2Fwp%2Fv2%2Fcategories&post=140138"},{"taxonomy":"post_tag","embeddable":true,"href":"https:\/\/analyse.optim.biz\/index.php?rest_route=%2Fwp%2Fv2%2Ftags&post=140138"}],"curies":[{"name":"wp","href":"https:\/\/api.w.org\/{rel}","templated":true}]}}