{"id":140135,"date":"2017-06-09T15:53:47","date_gmt":"2017-06-09T12:53:47","guid":{"rendered":"https:\/\/analyse.optim.biz\/?p=140135"},"modified":"2017-06-09T15:53:47","modified_gmt":"2017-06-09T12:53:47","slug":"dragnea-psd-ar-putea-discuta-cooptarea-udmr-la-guvernare","status":"publish","type":"post","link":"https:\/\/analyse.optim.biz\/?p=140135","title":{"rendered":"Dragnea: PSD ar putea discuta cooptarea UDMR la guvernare"},"content":{"rendered":"<div class=\"entry data-app-meta data-app-meta-article\" data-embed-base-url-canonical=\"https:\/\/www.digi24.ro\/embed\/stiri\/actualitate\/politica\/dragnea-conducerea-psd-ar-putea-discuta-cooptarea-udmr-la-guvernare-740054\">\n<p data-index=\"1\"><strong>Pre\u015fedintele PSD, Liviu Dragnea, a afirmat, vineri, la Parlament, c\u0103 \u00een cadrul \u015fedin\u0163ei Comitetului Executiv Na\u0163ional se poate lua \u00een discu\u0163ie invitarea UDMR la guvernare, \u00een condi\u0163iile \u00een care el nu exclude aceast\u0103 posibilitate. Declara\u021bia lui Dragnea vine la c\u00e2teva ore dup\u0103 ce pre\u0219edintele UDMR, Kelemen Hunor, a spus\u00a0c\u0103 Uniunea\u00a0nu a fost solicitat\u0103 s\u0103 intre la guvernare \u0219i c\u0103 la unele ministere \u201elucrurile sunt catastrofale\u201d.\u00a0<\/strong><strong>\u00cenaintea alegerilor parlamentare din decembrie 2016, \u0219eful social-democra\u021bilor spunea: \u201eEu nu vreau s\u0103 facem alian\u021b\u0103 cu UDMR la guvernare. Punct!\u201d.<\/strong><\/p>\n<figure class=\"article-thumb\"><img decoding=\"async\" src=\"https:\/\/analyse.optim.biz\/wp-content\/uploads\/2024\/09\/yz0xjmhhc2g9odrjm2myztq1zgvimdg5njkymzzkmwyxzwrioge4nji-thumb_-1.jpg\" alt=\"Dragnea Tariceanu Kelemen_agerpres\" data-skip-htmlfix=\"1\" title=\"yz0xjmhhc2g9odrjm2myztq1zgvimdg5njkymzzkmwyxzwrioge4nji-thumb_-1\"><figcaption> Surs\u0103 foto: Agerpres <\/figcaption><\/figure>\n<p data-index=\"2\">Dragnea a precizat c\u0103 p\u00e2n\u0103 la aceast\u0103 or\u0103 nu s-ar fi discutat \u00een PSD cooptarea UDMR la guvernare, dar c\u0103 aceste lucru se poate face \u00een urm\u0103toarea \u0219edin\u021b\u0103 a Comitetului Executiv.<\/p>\n<p data-index=\"3\">\u201e<strong>Am spus c\u0103 nu exclud aceast\u0103 posibilitate. Spun \u00eenc\u0103 o dat\u0103: UDMR \u00eentotdeauna a propus oameni buni, oameni competen\u0163i \u00een posturile guvernamentale, at\u00e2t \u00een interiorul guvernului, c\u00e2t \u015fi \u00een celelalte structuri guvernamentale<\/strong>\u201d, a declarat \u0219eful PSD.<\/p>\n<p data-index=\"4\">\u00cent\u00e2mpl\u0103tor sau nu, tot vineri, la <a href=\"http:\/\/www.rfi.ro\/politica-95700-kelemen-hunor-rfi-premier-remaniere\" data-skip-linkfix=\"1\">RFI<\/a>, pre\u0219edintele UDMR, Kelemen Hunor, declara c\u0103 UDMR nu a fost solicitat s\u0103 intre la guvernare \u0219i c\u0103 la unele ministere \u201elucrurile sunt catastrofale\u201d.<\/p>\n<p data-index=\"5\">\u201eSunt c\u00e2teva portofolii unde lucrurile au mers relativ bine, de exemplu la Dezvoltare Regional\u0103, la doamna Sevil Shhaideh. \u0218i sunt ministere, unde cel pu\u0163in din informa\u0163iile noastre \u015fi ceea ce am v\u0103zut, <strong>lucrurile sunt catastrofale, la Fondurile Europene, Ministerul de Externe<\/strong>, de exemplu, este invizibil (&#8230;). Sunt portofolii \u015fi domenii unde o schimbare, o modificare ar fi extrem de important\u0103 \u015fi necesar\u0103\u201d, a spus Hunor.<\/p>\n<p data-index=\"6\">C\u00e2t despre posibilitatea ca UDMR s\u0103 intre la guvernare, Kelemen Hunor a precizat c\u0103 nu a primit \u00eenc\u0103 o asemenea solicitare. \u201e<strong>Nu am avut o astfel de solicitare.<\/strong> La Congresul nostru de la Zal\u0103u, pre\u015fedintele PSD, Liviu Dragnea, a f\u0103cut \u00eentr-adev\u0103r un anun\u0163, a spus o propozi\u0163ie care poate fi interpretat\u0103 \u015fi \u00een acest sens, dar era la Congres, era \u00een discursul de salut \u015fi nu a fost o altfel de solicitare, o alt\u0103 ini\u0163iativ\u0103. <strong>\u00cen acest moment, nu am discutat a\u015fa ceva. P\u00e2n\u0103 c\u00e2nd nu exist\u0103 o astfel de solicitare, eu \u00een specula\u0163ii nu pot s\u0103 intru<\/strong>\u201d, a spus Hunor.<\/p>\n<p data-index=\"7\">La mijlocul lunii mai, c\u00e2nd a participat la Congresul UDMR de la Zal\u0103u, Dragnea a sugerat c\u0103 ar trebui s\u0103 devin\u0103 \u201emai str\u00e2ns\u0103\u201d colaborarea dintre cele dou\u0103 partide. \u201eAm o rela\u0163ie personal\u0103 cu Kelemen Hunor foarte bun\u0103, unii spun c\u0103 prea bun\u0103. Cred c\u0103 \u00een politic\u0103 o str\u00e2ngere de m\u00e2n\u0103 e mai important\u0103 dec\u00e2t un protocol cu multe pagini. Dac\u0103 am g\u0103sit acest fundament solid de \u00eencredere \u00eentre noi \u015fi UDMR, cred c\u0103 putem extinde acest model la \u00eentreaga societate, s\u0103 \u00eencepem s\u0103 construim o \u00eencredere serioas\u0103 \u00eentre cet\u0103\u0163enii rom\u00e2ni de etnie maghiar\u0103 \u015fi ceilal\u0163i cet\u0103\u0163eni rom\u00e2ni. Am avut mai multe \u00eent\u00e2lniri cu Hunor \u00eenainte \u015fi dup\u0103 alegeri \u015fi am decis s\u0103 avem o colaborare parlamentar\u0103 care se dovede\u015fte eficient\u0103 \u015fi <strong>cred c\u0103 ar trebui s\u0103 ne g\u00e2ndim, Hunor, dac\u0103 nu cumva e oportun s\u0103 facem pasul urm\u0103tor<\/strong>\u201d, spunea pre\u0219edintele PSD.<\/p>\n<p data-index=\"8\">La momentul respectiv, pe surse politice se contura ideea c\u0103 ne\u00een\u021belegerile dintre PSD \u0219i ALDE ar fi fost motivul curt\u0103rii UDMR, cooptarea Uniunii urm\u00e2nd s\u0103 scad\u0103 importan\u021ba partidului condus de C\u0103lin Popescu T\u0103riceanu \u00een ecua\u021bia guvern\u0103rii.<\/p>\n<p data-index=\"9\">\u00cen noiembrie 2016, \u00eenainte de alegerile parlamentare, Dragnea refuza categoric scenariul unei colabor\u0103ri cu UDMR la guvernare. \u201eEu nu vreau s\u0103 facem alian\u0163\u0103 cu UDMR-ul la guvernare. Punct! Eu cred \u015fi sper c\u0103 rom\u00e2nii vor acorda suficiente voturi PSD-ului \u015fi colegilor de la ALDE, \u00een a\u015fa fel \u00eenc\u00e2t \u00eempreun\u0103 s\u0103 putem guverna \u00een Rom\u00e2nia a\u015fa cum \u00ee\u015fi doresc rom\u00e2nii, pentru o via\u0163\u0103 mai bun\u0103\u201d, declara atunci liderul PSD.<\/p>\n<p data-index=\"10\">Ulterior, dup\u0103 alegeri, <a href=\"https:\/\/www.digi24.ro\/stiri\/actualitate\/politica\/psd-alde-si-udmr-au-semnat-un-protocol-de-colaborare-parlamentara-636527\" data-skip-linkfix=\"1\">PSD, ALDE \u0219i UDMR au semnat un acord de colaborare parlamentar\u0103<\/a>. Obiectivele principale erau asigurarea stabilit\u0103\u0163ii politice \u015fi macroeconomice a Rom\u00e2niei \u015fi existen\u0163ei unei largi sus\u0163ineri parlamentare \u00een mandatul 2016 &#8211; 2020, precum \u015fi \u00eent\u0103rirea rolului, prestan\u0163ei \u015fi responsabilit\u0103\u0163ii activit\u0103\u0163ii Parlamentului.<\/p>\n<\/div>\n<p> Source URL: https:\/\/www.digi24.ro\/stiri\/actualitate\/politica\/dragnea-conducerea-psd-ar-putea-discuta-cooptarea-udmr-la-guvernare-740054<\/p>\n","protected":false},"excerpt":{"rendered":"<p>Pre\u015fedintele PSD, Liviu Dragnea, a afirmat, vineri, la Parlament, c\u0103 \u00een cadrul \u015fedin\u0163ei Comitetului Executiv Na\u0163ional se poate lua \u00een discu\u0163ie invitarea UDMR la guvernare, \u00een condi\u0163iile \u00een care el nu exclude aceast\u0103 posibilitate. Declara\u021bia lui Dragnea vine la c\u00e2teva ore dup\u0103 ce pre\u0219edintele UDMR, Kelemen Hunor, a spus\u00a0c\u0103 Uniunea\u00a0nu a fost solicitat\u0103 s\u0103 intre [&hellip;]<\/p>\n","protected":false},"author":1,"featured_media":140136,"comment_status":"open","ping_status":"","sticky":false,"template":"","format":"standard","meta":{"footnotes":""},"categories":[2],"tags":[11],"class_list":["post-140135","post","type-post","status-publish","format-standard","has-post-thumbnail","hentry","category-politics","tag-digi24"],"_links":{"self":[{"href":"https:\/\/analyse.optim.biz\/index.php?rest_route=\/wp\/v2\/posts\/140135","targetHints":{"allow":["GET"]}}],"collection":[{"href":"https:\/\/analyse.optim.biz\/index.php?rest_route=\/wp\/v2\/posts"}],"about":[{"href":"https:\/\/analyse.optim.biz\/index.php?rest_route=\/wp\/v2\/types\/post"}],"author":[{"embeddable":true,"href":"https:\/\/analyse.optim.biz\/index.php?rest_route=\/wp\/v2\/users\/1"}],"replies":[{"embeddable":true,"href":"https:\/\/analyse.optim.biz\/index.php?rest_route=%2Fwp%2Fv2%2Fcomments&post=140135"}],"version-history":[{"count":0,"href":"https:\/\/analyse.optim.biz\/index.php?rest_route=\/wp\/v2\/posts\/140135\/revisions"}],"wp:featuredmedia":[{"embeddable":true,"href":"https:\/\/analyse.optim.biz\/index.php?rest_route=\/wp\/v2\/media\/140136"}],"wp:attachment":[{"href":"https:\/\/analyse.optim.biz\/index.php?rest_route=%2Fwp%2Fv2%2Fmedia&parent=140135"}],"wp:term":[{"taxonomy":"category","embeddable":true,"href":"https:\/\/analyse.optim.biz\/index.php?rest_route=%2Fwp%2Fv2%2Fcategories&post=140135"},{"taxonomy":"post_tag","embeddable":true,"href":"https:\/\/analyse.optim.biz\/index.php?rest_route=%2Fwp%2Fv2%2Ftags&post=140135"}],"curies":[{"name":"wp","href":"https:\/\/api.w.org\/{rel}","templated":true}]}}