{"id":140117,"date":"2017-06-09T18:26:21","date_gmt":"2017-06-09T15:26:21","guid":{"rendered":"https:\/\/analyse.optim.biz\/?p=140117"},"modified":"2017-06-09T18:26:21","modified_gmt":"2017-06-09T15:26:21","slug":"d-trump-apreciez-eforturile-pentru-lupta-contra-coruptiei-si-apararea-statului-de-drept","status":"publish","type":"post","link":"https:\/\/analyse.optim.biz\/?p=140117","title":{"rendered":"D. Trump: Apreciez eforturile pentru lupta contra corup\u0163iei \u015fi ap\u0103rarea statului de drept"},"content":{"rendered":"<div class=\"entry data-app-meta data-app-meta-article\" data-embed-base-url-canonical=\"https:\/\/www.digi24.ro\/embed\/stiri\/actualitate\/corespondenta-din-sua-iohannis-primul-lider-est-european-primit-de-donald-trump-740190\">\n<p data-index=\"1\"><strong><span lang=\"ro-RO\">Moment important ast\u0103zi, la Washington, pentru rela\u0163iile dintre Rom\u00e2nia \u015fi Statele Unite. Pre\u015fedintele Klaus Iohannis a fost\u00eent\u00e2mpinat la Casa Alb\u0103 de Donald Trump. Cei doi \u015fefi de stat vor avea apoi o discu\u0163ie privat\u0103 \u00een Biroul Oval. Klaus Iohannis este primul lider est-european primit de pre\u015fedintele Statelor Unite de la \u00eenvestirea sa \u00een func\u0163ie.<\/span><\/strong><\/p>\n<p data-index=\"2\">\n<figure class=\"article-thumb article-thumb-gallery article-thumb-gallery-alt\"><a href=\"https:\/\/www.digi24.ro\/galerie-foto\/1\/stiri\/actualitate\/corespondenta-din-sua-iohannis-primul-lider-est-european-primit-de-donald-trump-740190\" data-skip-linkfix=\"1\"><img decoding=\"async\" src=\"https:\/\/analyse.optim.biz\/wp-content\/uploads\/2024\/09\/zmu4n2qzmdhkmdhjnwrlmtuyzdlknjqxztk3yg-thumb_.jpg\" alt=\"iohannis trump FB\" data-skip-htmlfix=\"1\" title=\"zmu4n2qzmdhkmdhjnwrlmtuyzdlknjqxztk3yg-thumb_\"><figcaption>iohannis trump FB<\/figcaption><\/a><\/p>\n<div class=\"read-more-cta\"><a href=\"https:\/\/www.digi24.ro\/galerie-foto\/1\/stiri\/actualitate\/corespondenta-din-sua-iohannis-primul-lider-est-european-primit-de-donald-trump-740190\" title=\"Deschide galeria foto\" class=\"read-more\" data-skip-linkfix=\"1\">Deschide galeria foto<\/a><\/div>\n<\/figure>\n<div class=\"swiper-gallery-nav article-thumb\">\n<div class=\"swiper-container\">\n<div class=\"swiper-wrapper\"><a href=\"https:\/\/www.digi24.ro\/galerie-foto\/1\/stiri\/actualitate\/corespondenta-din-sua-iohannis-primul-lider-est-european-primit-de-donald-trump-740190#1\" class=\"swiper-slide\" data-skip-linkfix=\"1\"><img decoding=\"async\" src=\"https:\/\/analyse.optim.biz\/wp-content\/uploads\/2024\/09\/zge0otcwztkwotq3yjuwntfimwvlyjlhymqwma-thumb_.jpg\" alt=\"iohannis trump FB | Poza 1 din 3\" data-skip-htmlfix=\"1\" title=\"zge0otcwztkwotq3yjuwntfimwvlyjlhymqwma-thumb_\"><figcaption class=\"hide\">iohannis trump FB<\/figcaption><\/a><a href=\"https:\/\/www.digi24.ro\/galerie-foto\/1\/stiri\/actualitate\/corespondenta-din-sua-iohannis-primul-lider-est-european-primit-de-donald-trump-740190#2\" class=\"swiper-slide\" data-skip-linkfix=\"1\"><img decoding=\"async\" src=\"https:\/\/analyse.optim.biz\/wp-content\/uploads\/2024\/09\/pti4odhmnzhjndjknwzintzhmmrmyja1mzblmzljmjfl-thumb_.jpg\" alt=\"iohannis trump FB.jpg 2 | Poza 2 din 3\" data-skip-htmlfix=\"1\" title=\"pti4odhmnzhjndjknwzintzhmmrmyja1mzblmzljmjfl-thumb_\"><figcaption class=\"hide\">iohannis trump FB.jpg 2<\/figcaption><\/a><a href=\"https:\/\/www.digi24.ro\/galerie-foto\/1\/stiri\/actualitate\/corespondenta-din-sua-iohannis-primul-lider-est-european-primit-de-donald-trump-740190#3\" class=\"swiper-slide\" data-skip-linkfix=\"1\"><img decoding=\"async\" src=\"https:\/\/analyse.optim.biz\/wp-content\/uploads\/2024\/09\/pwm2owexzdixotdinji0y2y3n2zjnwqxogviodhlyzi1-thumb_.jpg\" alt=\"iohannis trump FB.jpg 3 | Poza 3 din 3\" data-skip-htmlfix=\"1\" title=\"pwm2owexzdixotdinji0y2y3n2zjnwqxogviodhlyzi1-thumb_\"><figcaption class=\"hide\">iohannis trump FB.jpg 3<\/figcaption><\/a>, <\/div>\n<\/div>\n<\/div>\n<p data-index=\"3\">\u00a0<\/p>\n<p data-index=\"4\"><strong>ACTUALIZARE 22:40 &#8211;<\/strong> La r\u00e2ndul s\u0103u, <strong>pre\u0219edintele Klaus Iohannis i s-a adresat pre\u0219edintelui Donald Trump:<\/strong><\/p>\n<p data-index=\"5\">\u201eDomnule pre\u0219edinte Trump,<\/p>\n<p data-index=\"6\">V\u0103 mul\u021bumesc foarte mult pentru cuvintele pe care le-a\u021bi g\u0103sit pentru Rom\u00e2nia, pe care le-a\u021bi spus poporului rom\u00e2n \u0219i mie, v\u0103 mul\u021bumesc foarte mult pentru aceast\u0103 invita\u021bie de a veni aici, de a fi al\u0103turi de dumneavoastr\u0103, v\u0103 mul\u021bumesc pentru ca a\u021bi aranjat ca vremea s\u0103 fie bun\u0103 \u00een acest moment.<\/p>\n<p data-index=\"7\">Domnule pre\u0219edinte, m\u0103 bucur foarte tare pentru c\u0103 am avut o \u00eent\u00e2lnire foarte bun\u0103 \u0219i acest lucru se datoreaz\u0103 puterii dumneavoastr\u0103 de a conduce \u0219i totodat\u0103 parteneriatului nostru puternic. Desigur, faptul c\u0103 s\u0103rb\u0103torim anul acesta 20 de ani de parteneriat strategic \u00eentre \u021b\u0103rile noastre este important pentru ambele na\u021biuni \u0219i vreau s\u0103 subliniez c\u0103 acest parteneriat cu Statele Unite modeleaz\u0103 Rom\u00e2nia a\u015fa cum este ea ast\u0103zi, o Rom\u00e2nie cu o democra\u0163ie solid\u0103, o Rom\u00e2nie care este al\u0103turi de trupele americane \u00een Afganistan \u015fi \u00een Irak. Acest parteneriat a contribuit la ceea ce Rom\u00e2nia este ast\u0103zi \u015fi cred c\u0103 acest parteneriat trebuie s\u0103 devin\u0103 \u0219i mai puternic.<\/p>\n<p data-index=\"8\">M\u0103 bucur c\u0103 implicarea dumneavoastr\u0103 \u00een lupta contra terorismului a determinat mai multe na\u021biuni s\u0103 fie con\u0219tiente de faptul c\u0103 trebuie s\u0103 \u00eemp\u0103r\u021bim cheltuielile \u00een interiorul NATO, de aceea Rom\u00e2nia a decis s\u0103 creasc\u0103 contribu\u021bia pentru ap\u0103rare la 2% \u0219i cred c\u0103 suntem prima \u021bar\u0103 din mandatul dumneavoastr\u0103 care face acest lucru.<\/p>\n<p data-index=\"9\">O parte important\u0103 din acest buget merge c\u0103tre achizi\u021biile strategice \u0219i sper c\u0103 vom g\u0103si \u00eempreun\u0103 metode bune de a cheltui ace\u0219ti bani.<\/p>\n<p data-index=\"10\">Rom\u00e2nia este foarte con\u015ftient\u0103 de faptul c\u0103 suntem \u00een est \u015fi c\u0103 ne baz\u0103m foarte mult pe parteneriatul cu dumneavoastr\u0103 pentru c\u0103 nu putem s\u0103 rezist\u0103m acolo f\u0103r\u0103 SUA, nu putem rezista acolo singuri. Pe de alt\u0103 parte, parteneriatul nostru are oportunit\u0103\u021bi imense, nu doar \u00een chestiuni de siguran\u021b\u0103, ci \u0219i de natur\u0103 comercial\u0103, economic\u0103.<\/p>\n<p data-index=\"11\">Rom\u00e2nia este membr\u0103 a UE \u0219i cred c\u0103 este \u00een interesul ei ca Uniunea s\u0103 fie un partener puternic al SUA. Leg\u0103turile transatlantice sunt vitale. SUA \u0219i UE nu trebuie s\u0103 concureze una \u00eempotriva celeilalte, ci trebuie s\u0103 lucreze \u00eempreun\u0103.\u201e<\/p>\n<p data-index=\"12\"><strong>ACTUALIZARE 22.00. Discursul pre\u015fedintelui Donald Trump:<\/strong><\/p>\n<p data-index=\"13\">&#8220;Este o onoare s\u0103 primesc un prieten at\u00e2t de bun al Americii la Casa Alb\u0103.<\/p>\n<p data-index=\"14\">Poporul rom\u00e2n \u015fi cel american au foarte multe \u00een comun, rela\u0163ia dintre cele dou\u0103 state se \u00eentinde de peste un secol, dar azi s\u0103rb\u0103torim parteneiratul nostru strategic care a \u00eenceput cu 20 de ani \u00een urm\u0103.<\/p>\n<p data-index=\"15\">Vizita dvs vine \u00eentr-un moment important, pentru toate na\u0163iunile responsabile din lume.<\/p>\n<p data-index=\"16\">M-am intors dintr-o c\u0103l\u0103torie istoric\u0103 din Orientul mijlociu, s\u0103 \u00eei unesc pe toti oamenii civiliza\u0163i \u00een lupta contra terorismului.<\/p>\n<p data-index=\"17\">Nicio na\u0163iune civilizat\u0103 nu poate permite r\u0103sp\u00e2ndirea acestei ideologii, am vorbit cu lideri musulmani, importan\u0163i din Orientul Mijlociu, liderii au spus c\u0103 sunt gata s\u0103 nu mai sus\u0163in\u0103 fianciar \u015fi moral terorismul.<\/p>\n<p data-index=\"18\">Qatar, din p\u0103cate a fost un fondator al terorismului la un nivel foarte \u00eenalt.<\/p>\n<p data-index=\"19\">Trebuie s\u0103 oprim finan\u0163area terorismului, am decis \u00eempreun\u0103 cu secretarul de stat cu generalii no\u015ftri din armat\u0103, cu oamenii no\u015ftri minuna\u0163i c\u0103 a venit timpul s\u0103 spunem Qatarului s\u0103 termine cu finan\u0163area terorismului \u015fi cu finan\u0163area extremismului.<\/p>\n<p data-index=\"20\">Vreau s\u0103 fac apel c\u0103tre toate na\u0163iunile s\u0103 nu mai sus\u0163in\u0103 terorismul. Nu voi numi aceste state dar nu am terminat cu rezovarea problemelor, dar le vom rezolva nu avem \u00eencotro, este prioritatea mea. Pentru c\u0103 prima mea datorie ca pre\u015fedinte este s\u0103 \u00eei \u0163in \u00een sigura\u0163\u0103 pe americani, pe tot timpul campaniei am pus accentul pe lupta contra terosimului \u015fi acum la fel.<\/p>\n<p data-index=\"21\">Pentru a face lucru trebuie oprit\u0103 finan\u0163area terorismului, s\u0103 nu mai \u00eev\u0103\u0163\u0103m ura.<\/p>\n<p data-index=\"22\">Facem apel la Qatar \u015fi alte na\u0163iuni s\u0103 fac\u0103 mai multe \u015fi mai repede<\/p>\n<p data-index=\"23\">Vreau s\u0103 multumesc Arabiei Saudite \u015fi prietenului meu regele. A fost un summit cu adev\u0103rat istoric, s\u0103 sper\u0103m c\u0103 va fi \u00eenceput., \u00eencheierea finan\u0163\u0103rii terorimsului \u015fi \u00eenceputul sf\u00e2r\u015fitului terorismului.<\/p>\n<p data-index=\"24\">Nu mai finan\u0163a\u0163i!<\/p>\n<p data-index=\"25\">Vreau s\u0103 mul\u0163umesc pooporului rom\u00e2n pentru tot ce au f\u0103cut \u015fi au contribuit contra acestui pericol.<\/p>\n<p data-index=\"26\">Au propriile lor probleme, au f\u0103cut foarte multe \u00een aceast\u0103 privin\u0163\u0103, Rom\u00e2nia e un membru important al coali\u0163iei contra ISI, al patrulea contributor cu trupe \u00een Afganistan.<\/p>\n<p data-index=\"27\">23 dintre cet\u0103\u0163enii vo\u015ftri au pl\u0103tit pre\u0163ul \u015fi SUA onoreaz\u0103 sacrificiul lor.<\/p>\n<p data-index=\"28\">Recunosc puterea de conducere a lui Klaus Iohannis \u015fi c\u0103 Rom\u00e2nia a decis s\u0103 creasc\u0103 contribu\u0163ia bugetului ap\u0103r\u0103rii. Sper\u0103m c\u0103 \u015fi celelalte state din NATO vor urma exemplu Rom\u00e2niei \u015fi c\u0103 \u00ee\u015fi vor \u00eendeplini partea financiar\u0103.<\/p>\n<p data-index=\"29\">Datorit\u0103 ac\u0163iunilor noastre banii \u00eencep s\u0103 vin\u0103 la NATO, alte state \u00eencep s\u0103 realizeze c\u0103 a venit timpul s\u0103 \u00ee\u015fi respecte obliga\u0163iile.<\/p>\n<p data-index=\"30\">\u00cempreun\u0103 putem face fa\u0163\u0103 provoc\u0103rilor din lume.<\/p>\n<p data-index=\"31\">Apreciez eforturile pentru lupta contra corup\u0163iei \u015fi ap\u0103rarea statului de drept, mediu \u00een care investi\u0163iile pot \u00eenflori, abia astept s\u0103 \u00eenflorim aceste leg\u0103turi economice \u015fi culturale dintre noi. Rom\u00e2nii au f\u0103cut contribu\u0163ii foarte importante, printe ele premiul Nobel lui Elie Wiesel, s\u0103pt\u0103m\u00e2na aceasta comunitatea evreiasc\u0103 din SUA i-au acordat pre\u015fedintelui Iohannis \u00eenalt\u0103 distinc\u0163ie pentru munca sa.<\/p>\n<p data-index=\"32\">Viitoarele rela\u0163ii dintre Rom\u00e2nia \u015fi SUA sunt luminoase, v\u0103 mul\u0163umesc pentru conducerea dvs \u015fi c\u0103 a\u0163i venit aici, abia a\u015ftept s\u0103 \u00eent\u0103rim rela\u0163iile cu poporul dvs, rela\u0163ia a fost bun\u0103 dar acum e mai puternic\u0103 ca niciodat\u0103\u201d.<\/p>\n<p data-index=\"33\"><strong>ACTUALIZARE 21.20<\/strong>. \u00cen primele minute ale \u00eent\u00e2lnirii, la care \u015fi presa a avut acces, Donald Trump a urat bun venit unui mare aliat si a vorbit despre un parteneriat excelent dintre Rom\u00e2nia \u015fi SUA.<\/p>\n<p data-index=\"34\">\u00a0<\/p>\n<p data-index=\"35\">Donald Trump: Este o mare onoare s\u0103 v\u0103 primesc, un aliat adev\u0103rat, o \u0163ar\u0103 minunat\u0103, o rela\u0163ie care devine din ce \u00een ce mai bun\u0103. V\u0103 mul\u0163umesc mult c\u0103 sunte\u0163i aici<\/p>\n<p data-index=\"36\">Klaus Iohannis: Este o mare pl\u0103cere \u015fi o onoare s\u0103 fiu aici \u015fi abia astept s\u0103 \u00eencepem discu\u0163iile despre parteneriatul nostru<\/p>\n<p data-index=\"37\">Donald Trump: Este un parteneriat m\u0103re\u0163.<\/p>\n<p data-index=\"38\">Au fost primele cuvinte \u00eenaintea \u00eent\u00e2lnirii tete-a-tete.<\/p>\n<p data-index=\"39\"><em><strong>Imagini WhatsApp<\/strong><\/em><\/p>\n<p data-index=\"40\"><strong>ACTUALIZARE 21.00. Klaus Iohannis a ajuns la Casa Alb\u0103. A fost \u00eent\u00e2mpinat de pre\u015fedintele Donald Trump.<\/strong><\/p>\n<hr>\n<p data-index=\"41\"><em>Coresponden\u021b\u0103 din SUA, de la jurnalistul Digi24 Raluca Lunculescu<\/em><\/p>\n<p data-index=\"42\"><span lang=\"ro-RO\">\u015eeful statului rom\u00e2n se afl\u0103 de mai multe zile \u00een vizit\u0103 \u00een SUA. EL s-a \u00eent\u00e2lnit deja cu \u015feful CIA \u015fi cu congresmani americani. \u00cenainte de Donald Trump, s-a \u00eent\u00e2lnit cu secretarul de Stat Rex Tillerson.<\/span><\/p>\n<p data-index=\"43\"><span lang=\"ro-RO\">Klaus Iohannis va fi primit la Casa Alb\u0103 de c\u0103tre Donald Trump la ora local\u0103 14:00 (21:00, ora Rom\u00e2niei). Dup\u0103 ce va semna \u00een Cartea de Onoare, pre\u015fedintele rom\u00e2n va avea convorbiri tete-\u00e0-t\u00eate cu Donald Trump timp de zece minute. Ulterior, vor \u00eencepe convorbirile oficiale care vor dura p\u00e2n\u0103 la ora 15:05.<\/span><\/p>\n<p data-index=\"44\"><span lang=\"ro-RO\">Cei doi pre\u0219edin\u021bi vor avea o declara\u0163ie de pres\u0103 comun\u0103 dup\u0103 convorbirile de la Casa Alb\u0103, la ora 21:45 (ora Rom\u00e2niei).<\/span><\/p>\n<p data-index=\"45\"><span lang=\"ro-RO\">Convorbirile dintre Trump \u015fi Iohannis reprezint\u0103 finalul unei vizite prelungite a \u015fefului statului rom\u00e2n \u00een Statele Unite ale Americii.<\/span><\/p>\n<p data-index=\"46\"><span lang=\"ro-RO\">Pre\u015fedintele Klaus Iohannis a declarat, la Washington, c\u0103 \u00eent\u00e2lnirea pe care o va avea vineri cu pre\u015fedintele SUA, Donald Trump, este \u201eextrem, extrem de important\u0103\u201d \u015fi c\u0103, pe bun\u0103 dreptate, lumea are a\u015ftept\u0103ri mari, \u015feful statului rom\u00e2n exprim\u00e2ndu-\u015fi \u00eencrederea c\u0103 \u00eentrevederea ca decurge foarte bine.<\/span><\/p>\n<p data-index=\"47\"><strong><span lang=\"ro-RO\">\u00cen aceast\u0103 sear\u0103, de la ora 21, vom discuta despre \u00eent\u00e2lnirea pre\u015fedintelui Rom\u00e2niei cu Donald Trump, iar de la ora 21:45, Digi24 HD \u0219i <a href=\"https:\/\/www.digi24.ro\/\" data-skip-linkfix=\"1\">www.digi24.ro<\/a> vor transmite integral, \u00een direct, conferin\u0163a de pres\u0103 a celor doi. Apoi Tudor Mu\u015fat v\u0103 a\u015fteapt\u0103 al\u0103turi de invita\u0163ii s\u0103i la o edi\u0163ie special\u0103 \u00een care vor discuta despre concluziile \u00eent\u00e2lnirii \u015fi consecin\u0163ele ei pentru Rom\u00e2nia, pentru Europa de sud-est \u015fi pentru zona M\u0103rii Negre. Continu\u0103m maratonul Digi24, cu dezbateri pe larg \u00een jurnalele de \u015ftiri, \u00een care vor fi invita\u0163i anali\u015fti \u015fi politicieni.<\/span><\/strong><\/p>\n<\/div>\n<p> Source URL: https:\/\/www.digi24.ro\/stiri\/actualitate\/corespondenta-din-sua-iohannis-primul-lider-est-european-primit-de-donald-trump-740190<\/p>\n","protected":false},"excerpt":{"rendered":"<p>Moment important ast\u0103zi, la Washington, pentru rela\u0163iile dintre Rom\u00e2nia \u015fi Statele Unite. Pre\u015fedintele Klaus Iohannis a fost\u00eent\u00e2mpinat la Casa Alb\u0103 de Donald Trump. Cei doi \u015fefi de stat vor avea apoi o discu\u0163ie privat\u0103 \u00een Biroul Oval. Klaus Iohannis este primul lider est-european primit de pre\u015fedintele Statelor Unite de la \u00eenvestirea sa \u00een func\u0163ie. iohannis [&hellip;]<\/p>\n","protected":false},"author":1,"featured_media":140118,"comment_status":"open","ping_status":"","sticky":false,"template":"","format":"standard","meta":{"footnotes":""},"categories":[2],"tags":[11],"class_list":["post-140117","post","type-post","status-publish","format-standard","has-post-thumbnail","hentry","category-politics","tag-digi24"],"_links":{"self":[{"href":"https:\/\/analyse.optim.biz\/index.php?rest_route=\/wp\/v2\/posts\/140117","targetHints":{"allow":["GET"]}}],"collection":[{"href":"https:\/\/analyse.optim.biz\/index.php?rest_route=\/wp\/v2\/posts"}],"about":[{"href":"https:\/\/analyse.optim.biz\/index.php?rest_route=\/wp\/v2\/types\/post"}],"author":[{"embeddable":true,"href":"https:\/\/analyse.optim.biz\/index.php?rest_route=\/wp\/v2\/users\/1"}],"replies":[{"embeddable":true,"href":"https:\/\/analyse.optim.biz\/index.php?rest_route=%2Fwp%2Fv2%2Fcomments&post=140117"}],"version-history":[{"count":0,"href":"https:\/\/analyse.optim.biz\/index.php?rest_route=\/wp\/v2\/posts\/140117\/revisions"}],"wp:featuredmedia":[{"embeddable":true,"href":"https:\/\/analyse.optim.biz\/index.php?rest_route=\/wp\/v2\/media\/140118"}],"wp:attachment":[{"href":"https:\/\/analyse.optim.biz\/index.php?rest_route=%2Fwp%2Fv2%2Fmedia&parent=140117"}],"wp:term":[{"taxonomy":"category","embeddable":true,"href":"https:\/\/analyse.optim.biz\/index.php?rest_route=%2Fwp%2Fv2%2Fcategories&post=140117"},{"taxonomy":"post_tag","embeddable":true,"href":"https:\/\/analyse.optim.biz\/index.php?rest_route=%2Fwp%2Fv2%2Ftags&post=140117"}],"curies":[{"name":"wp","href":"https:\/\/api.w.org\/{rel}","templated":true}]}}