{"id":1401105,"date":"2026-01-26T00:00:00","date_gmt":"2026-01-25T21:00:00","guid":{"rendered":"https:\/\/analyse.optim.biz\/?p=1401105"},"modified":"2026-01-26T00:00:00","modified_gmt":"2026-01-25T21:00:00","slug":"viceprimar-mort-pe-patul-de-spital-a-fost-un-om-de-cuvant","status":"publish","type":"post","link":"https:\/\/analyse.optim.biz\/?p=1401105","title":{"rendered":"Viceprimar mort pe patul de spital. \u201eA fost un om de cuv\u00e2nt\u201d"},"content":{"rendered":"<div class=\"entry-content\">\n<p data-hveid=\"CAEIAhAA\" data-processed=\"true\" data-complete=\"true\"><a href=\"https:\/\/www.botosaninews.ro\/wp-content\/uploads\/2024\/05\/doliu.jpg\"><img decoding=\"async\" loading=\"lazy\" class=\"alignright size-medium wp-image-625344\" src=\"https:\/\/analyse.optim.biz\/wp-content\/uploads\/2026\/01\/doliu-300x207-1.jpg\" width=\"300\" height=\"207\" title=\"doliu-300x207-1\"><\/a>Comuna Bune\u0219ti din jude\u021bul Suceava \u00eembrac\u0103 haine de doliu dup\u0103 vestea trist\u0103 a trecerii \u00een nefiin\u021b\u0103 a viceprimarului Ioan Dolceanu. Un om de o \u021binut\u0103 moral\u0103 aleas\u0103 \u0219i un pilon al administra\u021biei locale, acesta s-a stins din via\u021b\u0103 pe un pat de spital, l\u0103s\u00e2nd \u00een urm\u0103 o comunitate \u00eendurerat\u0103 \u0219i o familie sf\u00e2\u0219iat\u0103 de durere.<\/p>\n<p data-hveid=\"CAEIBBAA\" data-processed=\"true\" data-complete=\"true\">Ioan Dolceanu nu a fost doar un func\u021bionar public, ci un adev\u0103rat gospodar al comunei. Aflat la cel de-al treilea mandat, el \u0219i-a dedicat ultimii ani din via\u021b\u0103 moderniz\u0103rii localit\u0103\u021bii \u0219i rezolv\u0103rii problemelor cet\u0103\u021benilor. Spiritul s\u0103u de ini\u021biativ\u0103 \u0219i corectitudinea l-au transformat \u00eentr-un partener de baz\u0103 pentru primarul Ioan \u0218tefan, al\u0103turi de care a format o echip\u0103 unit\u0103 \u00een slujba locuitorilor din Bune\u0219ti.<\/p>\n<p data-hveid=\"CAEIBRAA\" data-processed=\"true\" data-complete=\"true\">Localnicii \u00ee\u0219i amintesc de el ca de un om deschis la dialog, mereu prezent pe teren \u0219i gata s\u0103 ofere o m\u00e2n\u0103 de ajutor.<\/p>\n<p data-hveid=\"CAEIBRAA\" data-processed=\"true\" data-complete=\"true\"><em><strong>\u201eA fost un om de cuv\u00e2nt, un profesionist care a pus interesele comunei mai presus de orice<\/strong><\/em>\u201d, spun cei care l-au cunoscut prin prisma activit\u0103\u021bii sale la prim\u0103rie.<\/p>\n<p data-hveid=\"CAEIBxAA\" data-processed=\"true\" data-complete=\"true\">Dincolo de via\u021ba public\u0103, Ioan Dolceanu a fost un familist convins. Centrul universului s\u0103u a fost reprezentat de so\u021bia sa, Minodora, \u0219i de cei doi copii, Elena \u0219i Andrei.<\/p>\n<\/div>\n","protected":false},"excerpt":{"rendered":"<p>Comuna Bune\u0219ti din jude\u021bul Suceava \u00eembrac\u0103 haine de doliu dup\u0103 vestea trist\u0103 a trecerii \u00een nefiin\u021b\u0103 a viceprimarului Ioan Dolceanu. Un om de o \u021binut\u0103 moral\u0103 aleas\u0103 \u0219i un pilon al administra\u021biei locale, acesta s-a stins din via\u021b\u0103 pe un pat de spital, l\u0103s\u00e2nd \u00een urm\u0103 o comunitate \u00eendurerat\u0103 \u0219i o familie sf\u00e2\u0219iat\u0103 de durere. [&hellip;]<\/p>\n","protected":false},"author":1,"featured_media":0,"comment_status":"open","ping_status":"","sticky":false,"template":"","format":"standard","meta":{"footnotes":""},"categories":[89],"tags":[174],"class_list":["post-1401105","post","type-post","status-publish","format-standard","hentry","category-romania","tag-suceavanews-ro"],"_links":{"self":[{"href":"https:\/\/analyse.optim.biz\/index.php?rest_route=\/wp\/v2\/posts\/1401105","targetHints":{"allow":["GET"]}}],"collection":[{"href":"https:\/\/analyse.optim.biz\/index.php?rest_route=\/wp\/v2\/posts"}],"about":[{"href":"https:\/\/analyse.optim.biz\/index.php?rest_route=\/wp\/v2\/types\/post"}],"author":[{"embeddable":true,"href":"https:\/\/analyse.optim.biz\/index.php?rest_route=\/wp\/v2\/users\/1"}],"replies":[{"embeddable":true,"href":"https:\/\/analyse.optim.biz\/index.php?rest_route=%2Fwp%2Fv2%2Fcomments&post=1401105"}],"version-history":[{"count":0,"href":"https:\/\/analyse.optim.biz\/index.php?rest_route=\/wp\/v2\/posts\/1401105\/revisions"}],"wp:attachment":[{"href":"https:\/\/analyse.optim.biz\/index.php?rest_route=%2Fwp%2Fv2%2Fmedia&parent=1401105"}],"wp:term":[{"taxonomy":"category","embeddable":true,"href":"https:\/\/analyse.optim.biz\/index.php?rest_route=%2Fwp%2Fv2%2Fcategories&post=1401105"},{"taxonomy":"post_tag","embeddable":true,"href":"https:\/\/analyse.optim.biz\/index.php?rest_route=%2Fwp%2Fv2%2Ftags&post=1401105"}],"curies":[{"name":"wp","href":"https:\/\/api.w.org\/{rel}","templated":true}]}}