{"id":140008,"date":"2017-06-10T20:44:07","date_gmt":"2017-06-10T17:44:07","guid":{"rendered":"https:\/\/analyse.optim.biz\/?p=140008"},"modified":"2017-06-10T20:44:07","modified_gmt":"2017-06-10T17:44:07","slug":"remanierea-bate-la-usa-ministrii-criticati-de-psd","status":"publish","type":"post","link":"https:\/\/analyse.optim.biz\/?p=140008","title":{"rendered":"Remanierea bate la u\u015f\u0103 | Mini\u015ftrii critica\u0163i de PSD"},"content":{"rendered":"<div class=\"entry data-app-meta data-app-meta-article\" data-embed-base-url-canonical=\"https:\/\/www.digi24.ro\/embed\/stiri\/actualitate\/politica\/remanierea-bate-la-usa-ministrii-criticati-de-psd-740699\">\n<p data-index=\"1\"><strong><a href=\"https:\/\/www.digi24.ro\/stiri\/actualitate\/politica\/liviu-dragnea-toti-ministrii-au-demisiile-in-alb-scrise-739967\" target=\"_blank\" rel=\"noopener noreferrer\" data-skip-linkfix=\"1\">Evaluarea mini\u015ftrilor Cabinetului Grindeanu<\/a> se apropie de final. Liviu Dragnea a anun\u0163at c\u0103 va \u00eencheia raportul p\u00e2n\u0103 m\u00e2ine sear\u0103. \u00cen a\u015fteptarea deciziei privind o eventual\u0103 remaniere, iat\u0103 o recapitulare: ce mini\u015ftri au fost critica\u0163i p\u00e2n\u0103 acum de liderii PSD? Sunt cel pu\u0163in nou\u0103 membri ai cabinetului, certa\u0163i m\u0103car o dat\u0103. Plus premierul. A\u015fadar, nu este exclus\u0103 nici \u00eenlocuirea Guvernului cu totul.<\/strong><\/p>\n<p data-index=\"2\"><span lang=\"ro-RO\">Dintre to\u0163i mini\u015ftrii ar\u0103ta\u0163i cu degetul de politicienii din partidul de guvernare, cel mai criticat a fost ministrul Finan\u0163elor. Iar faptul c\u0103 nu a venit la \u015fedin\u0163a privind legea salariz\u0103rii a fost considerat un gest ofensator. <\/span><\/p>\n<p data-index=\"3\">\u201eNu a fost o pozi\u0163ie foarte confortabil\u0103 pentru mine \u015fi pentru colegii mei faptul c\u0103 ministrul de Finan\u0163e ast\u0103zi nu a fost prezent\u201d, a spus Liviu Dragnea.<\/p>\n<p data-index=\"4\"><span lang=\"ro-RO\">Primarul Capitalei, Gabriela Firea, are o lung\u0103 list\u0103 neagr\u0103: ministrul de Interne, Carmen Dan, ministrul Culturii, Ionu\u0163 Vulpescu, ministru Energiei, Toma Petcu, ministrul Transporturilor, Alexandru Cuc, \u015fi ministrul Ap\u0103r\u0103rii, Gabriel Le\u015f. Nici rela\u0163ia primar-premier nu e mai bun\u0103. <\/span><\/p>\n<p data-index=\"5\">Domnul prim-ministru nu m-a c\u0103utat. Cred c\u0103 \u00eentre noi \u015fi \u00eentre cei care am fost \u00eenvesti\u0163i cu autoritate de c\u0103tre cet\u0103\u0163eni nu trebuie s\u0103 existe orgolii. Eu am fost aleas\u0103 de c\u0103tre bucure\u015fteni, domnul Grindeanu a fost \u00eenvestit de c\u0103tre Partidul Social Democrat \u015fi Coali\u0163ia PSD-ALDE s\u0103 ocupe aceast\u0103 func\u0163ie\u201d, a spus Gabriela Firea.<\/p>\n<p data-index=\"6\">Liviu Dragnea i-a dat dreptate Gabrielei Firea. Premierul nu trebuie s\u0103 comenteze chestiuni politice.<\/p>\n<p data-index=\"7\">\u201eEu l-am rugat pe premier \u00een mai multe r\u00e2nduri s\u0103 se ab\u0163in\u0103 totu\u015fi de la r\u0103spunsuri politice sau la reac\u0163iile unor colegi\u201d, a spus Liviu Dragnea.<\/p>\n<p data-index=\"8\">De altfel, \u015fi pozi\u0163ia \u015fefului guvernului este amenin\u0163at\u0103<\/p>\n<p data-index=\"9\">\u201eAcolo unde vom constata deficien\u0163e, nu ne vom da \u00een l\u0103turi s\u0103 propunem schimbarea de mini\u015ftri, ba chiar a Guvernului, dac\u0103 constant\u0103m c\u0103 acesta a \u00eencetinit ritmul aplic\u0103rii programului de guvernare\u201d, spunea s\u0103pt\u0103m\u00e2na aceasta Niculae B\u0103d\u0103l\u0103u, pre\u0219edintele executiv al PSD.<\/p>\n<p data-index=\"10\"><span lang=\"ro-RO\">Un alt ministru care i-a nemul\u0163umit pe cei din PSD este Tudorel Toader. Pachetul de legi privind Justi\u0163ia \u00eent\u00e2rzie, se pl\u00e2ng social democra\u0163ii<\/span><\/p>\n<p data-index=\"11\">\u201e<span lang=\"ro-RO\">Eu am un respect deosebit pentru ministrul Justi\u0163iei, pentru anvergura sa profesional\u0103. Dar mie mi se pare c\u0103 nici m\u0103car cu viteza a doua nu este. (reporter: A\u015ftepta\u0163i pachetul acela de legi mai devreme?) Da. \u015ei nu-l a\u015ftept numai eu, \u00eel a\u015fteapt\u0103 o \u0163ar\u0103 \u00eentreag\u0103\u201d, a spus fostul ministru Doina Pan\u0103. <\/span><\/p>\n<p data-index=\"12\"><span lang=\"ro-RO\">Un alt ministru criticat la un moment dat de liderul PSD a fost Lia Olgu\u0163a Vasilescu. Acesteia i s-a repro\u015fat c\u0103 nu a \u015ftiut s\u0103 comunice \u00een scandalul indemniza\u0163iilor pentru mame. <\/span><\/p>\n<p data-index=\"13\"><span lang=\"ro-RO\">\u015ei ministrul Turismului a st\u00e2rnit discu\u0163ii aprinse dup\u0103 ce a anun\u0163at c\u0103 vrea s\u0103 schimbe brandul de \u0163ar\u0103. \u00cen locul frunzei, Mircea Dobre vrea o oaie. Evaluarea Cabinetului Grindeanu ar trebui s\u0103 fie gata duminic\u0103 seara. Dup\u0103 aceea, mini\u015ftrii vor fi chema\u0163i s\u0103 discute raportul, iar social-democra\u0163ii vor decide, \u00eentr-o \u015fedin\u0163\u0103 extins\u0103, cine r\u0103m\u00e2ne \u015fi cine pleac\u0103. <\/span><\/p>\n<\/div>\n<p> Source URL: https:\/\/www.digi24.ro\/stiri\/actualitate\/politica\/remanierea-bate-la-usa-ministrii-criticati-de-psd-740699<\/p>\n","protected":false},"excerpt":{"rendered":"<p>Evaluarea mini\u015ftrilor Cabinetului Grindeanu se apropie de final. Liviu Dragnea a anun\u0163at c\u0103 va \u00eencheia raportul p\u00e2n\u0103 m\u00e2ine sear\u0103. \u00cen a\u015fteptarea deciziei privind o eventual\u0103 remaniere, iat\u0103 o recapitulare: ce mini\u015ftri au fost critica\u0163i p\u00e2n\u0103 acum de liderii PSD? Sunt cel pu\u0163in nou\u0103 membri ai cabinetului, certa\u0163i m\u0103car o dat\u0103. Plus premierul. A\u015fadar, nu este [&hellip;]<\/p>\n","protected":false},"author":1,"featured_media":140009,"comment_status":"open","ping_status":"","sticky":false,"template":"","format":"standard","meta":{"footnotes":""},"categories":[2],"tags":[11],"class_list":["post-140008","post","type-post","status-publish","format-standard","has-post-thumbnail","hentry","category-politics","tag-digi24"],"_links":{"self":[{"href":"https:\/\/analyse.optim.biz\/index.php?rest_route=\/wp\/v2\/posts\/140008","targetHints":{"allow":["GET"]}}],"collection":[{"href":"https:\/\/analyse.optim.biz\/index.php?rest_route=\/wp\/v2\/posts"}],"about":[{"href":"https:\/\/analyse.optim.biz\/index.php?rest_route=\/wp\/v2\/types\/post"}],"author":[{"embeddable":true,"href":"https:\/\/analyse.optim.biz\/index.php?rest_route=\/wp\/v2\/users\/1"}],"replies":[{"embeddable":true,"href":"https:\/\/analyse.optim.biz\/index.php?rest_route=%2Fwp%2Fv2%2Fcomments&post=140008"}],"version-history":[{"count":0,"href":"https:\/\/analyse.optim.biz\/index.php?rest_route=\/wp\/v2\/posts\/140008\/revisions"}],"wp:featuredmedia":[{"embeddable":true,"href":"https:\/\/analyse.optim.biz\/index.php?rest_route=\/wp\/v2\/media\/140009"}],"wp:attachment":[{"href":"https:\/\/analyse.optim.biz\/index.php?rest_route=%2Fwp%2Fv2%2Fmedia&parent=140008"}],"wp:term":[{"taxonomy":"category","embeddable":true,"href":"https:\/\/analyse.optim.biz\/index.php?rest_route=%2Fwp%2Fv2%2Fcategories&post=140008"},{"taxonomy":"post_tag","embeddable":true,"href":"https:\/\/analyse.optim.biz\/index.php?rest_route=%2Fwp%2Fv2%2Ftags&post=140008"}],"curies":[{"name":"wp","href":"https:\/\/api.w.org\/{rel}","templated":true}]}}