{"id":139784,"date":"2017-06-14T11:51:01","date_gmt":"2017-06-14T08:51:01","guid":{"rendered":"https:\/\/analyse.optim.biz\/?p=139784"},"modified":"2017-06-14T11:51:01","modified_gmt":"2017-06-14T08:51:01","slug":"grindeanu-nu-mi-a-fost-ceruta-direct-demisia-premierul-se-asteapta-la-demisia-unor-ministri","status":"publish","type":"post","link":"https:\/\/analyse.optim.biz\/?p=139784","title":{"rendered":"Grindeanu: Nu mi-a fost cerut\u0103 direct demisia. Premierul se a\u0219teapt\u0103 la demisia unor mini\u0219tri"},"content":{"rendered":"<div class=\"entry data-app-meta data-app-meta-article\" data-embed-base-url-canonical=\"https:\/\/www.digi24.ro\/embed\/stiri\/actualitate\/politica\/sorin-grindeanu-nu-mi-a-fost-ceruta-direct-demisia-742653\">\n<p data-index=\"1\"><strong>Premierul Sorin Grindeanu le-a declarat jurnali\u0219tilor, miercuri diminea\u021b\u0103, c\u0103 nu i-a fost cerut\u0103 demisia, cel pu\u021bin nu \u00een mod direct.<\/strong><\/p>\n<p data-index=\"2\">Sorin Grindeanu a vorbit cu jurnali\u0219tii \u00een fa\u021ba Guvernului, \u00eentr-o discu\u021bie aparent degajat\u0103, \u0219i a spus c\u0103 nu \u00ee\u0219i va da demisia. Totodat\u0103, premierul a afirmat \u015fi c\u0103 se a\u015fteapt\u0103 la \u201do execu\u0163ie public\u0103\u201d.<\/p>\n<p data-index=\"3\">El a mai spus c\u0103 se a\u0219teapt\u0103 ca mai mul\u021bi mini\u0219tri s\u0103-\u0219i dea demisia dac\u0103 li se va cere acest lucru de la partid, ace\u0219tia av\u00e2nd h\u00e2rtiile preg\u0103tite.<\/p>\n<p data-index=\"4\">\u00cen plus, Grindeanu a subliniat c\u0103 a \u00eendeplinit cea mai mare parte programul de guvernare \u0219i c\u0103 a preg\u0103tit propria evaluare cu privire la activitatea Executivului.<\/p>\n<p data-index=\"5\">Prim-ministrul a mai spus c\u0103 va face declara\u021bii dup\u0103 ce va fi luat\u0103 o decizie \u00een\u00a0CExN-ului PSD, unde va fi \u0219i el prezent.<\/p>\n<p data-index=\"6\"><a href=\"https:\/\/www.digi24.ro\/stiri\/actualitate\/politica\/psd-intra-in-sedinta-retragerea-sprijinului-politic-pentru-guvernul-grindeanu-pe-agenda-zilei-742554\" data-skip-linkfix=\"1\">Liderii PSD se reunesc, miercuri, la ora 16:00, la Palatul Parlamentului<\/a>, \u00een \u015fedin\u0163a Comitetului Executiv Na\u0163ional pentru a stabili ce decizie iau cu privire la retragerea sprijinului politic pentru Guvernul Grindeanu, \u00een condi\u0163iile \u00een care pre\u015fedintele PSD, Liviu Dragnea, i-a cerut prim-ministrului s\u0103 demisioneze, acesta refuz\u00e2nd \u00een dou\u0103 r\u00e2nduri s\u0103 fac\u0103 un asemenea gest.<\/p>\n<p data-index=\"7\">\u00a0<\/p>\n<\/div>\n<p> Source URL: https:\/\/www.digi24.ro\/stiri\/actualitate\/politica\/sorin-grindeanu-nu-mi-a-fost-ceruta-direct-demisia-742653<\/p>\n","protected":false},"excerpt":{"rendered":"<p>Premierul Sorin Grindeanu le-a declarat jurnali\u0219tilor, miercuri diminea\u021b\u0103, c\u0103 nu i-a fost cerut\u0103 demisia, cel pu\u021bin nu \u00een mod direct. Sorin Grindeanu a vorbit cu jurnali\u0219tii \u00een fa\u021ba Guvernului, \u00eentr-o discu\u021bie aparent degajat\u0103, \u0219i a spus c\u0103 nu \u00ee\u0219i va da demisia. Totodat\u0103, premierul a afirmat \u015fi c\u0103 se a\u015fteapt\u0103 la \u201do execu\u0163ie public\u0103\u201d. El [&hellip;]<\/p>\n","protected":false},"author":1,"featured_media":139785,"comment_status":"open","ping_status":"","sticky":false,"template":"","format":"standard","meta":{"footnotes":""},"categories":[2],"tags":[11],"class_list":["post-139784","post","type-post","status-publish","format-standard","has-post-thumbnail","hentry","category-politics","tag-digi24"],"_links":{"self":[{"href":"https:\/\/analyse.optim.biz\/index.php?rest_route=\/wp\/v2\/posts\/139784","targetHints":{"allow":["GET"]}}],"collection":[{"href":"https:\/\/analyse.optim.biz\/index.php?rest_route=\/wp\/v2\/posts"}],"about":[{"href":"https:\/\/analyse.optim.biz\/index.php?rest_route=\/wp\/v2\/types\/post"}],"author":[{"embeddable":true,"href":"https:\/\/analyse.optim.biz\/index.php?rest_route=\/wp\/v2\/users\/1"}],"replies":[{"embeddable":true,"href":"https:\/\/analyse.optim.biz\/index.php?rest_route=%2Fwp%2Fv2%2Fcomments&post=139784"}],"version-history":[{"count":0,"href":"https:\/\/analyse.optim.biz\/index.php?rest_route=\/wp\/v2\/posts\/139784\/revisions"}],"wp:featuredmedia":[{"embeddable":true,"href":"https:\/\/analyse.optim.biz\/index.php?rest_route=\/wp\/v2\/media\/139785"}],"wp:attachment":[{"href":"https:\/\/analyse.optim.biz\/index.php?rest_route=%2Fwp%2Fv2%2Fmedia&parent=139784"}],"wp:term":[{"taxonomy":"category","embeddable":true,"href":"https:\/\/analyse.optim.biz\/index.php?rest_route=%2Fwp%2Fv2%2Fcategories&post=139784"},{"taxonomy":"post_tag","embeddable":true,"href":"https:\/\/analyse.optim.biz\/index.php?rest_route=%2Fwp%2Fv2%2Ftags&post=139784"}],"curies":[{"name":"wp","href":"https:\/\/api.w.org\/{rel}","templated":true}]}}