{"id":139775,"date":"2017-06-14T15:53:40","date_gmt":"2017-06-14T12:53:40","guid":{"rendered":"https:\/\/analyse.optim.biz\/?p=139775"},"modified":"2017-06-14T15:53:40","modified_gmt":"2017-06-14T12:53:40","slug":"exclusiv-g-firea-despre-situatia-premierului-nu-cred-ca-trebuie-sa-fim-fideli-unui-scaun-sau-unei-functii","status":"publish","type":"post","link":"https:\/\/analyse.optim.biz\/?p=139775","title":{"rendered":"Exclusiv. G. Firea despre situa\u021bia premierului: Nu cred c\u0103 trebuie s\u0103 fim fideli unui scaun sau unei func\u021bii"},"content":{"rendered":"<div class=\"entry data-app-meta data-app-meta-article\" data-embed-base-url-canonical=\"https:\/\/www.digi24.ro\/embed\/stiri\/actualitate\/politica\/exclusiv-gabriela-firea-despre-situatia-premierului-nu-cred-ca-trebuie-sa-fim-fideli-unui-scaun-sau-unei-functii-742873\">\n<p data-index=\"1\"><strong>Gabriela Firea, vicepre\u015fedinte PSD \u0219i primar al Capitalei, a declarat pentru Digi24 c\u0103 premierul Sorin Grindeanu ar trebui s\u0103 demisioneze dac\u0103 i se retrage sprijinul politic.<\/strong><\/p>\n<p data-index=\"2\"><img loading=\"lazy\" decoding=\"async\" class=\"alignnone size-full wp-image-742879\" src=\"https:\/\/analyse.optim.biz\/wp-content\/uploads\/2024\/09\/lmpwzyz3ptgwmczoyxnopwu2yzg3zdq5nti5n2i5zthmnjq1ztuyotm1odjhywmz-thumb_.jpg\" width=\"1167\" height=\"815\" data-skip-htmlfix=\"1\" title=\"lmpwzyz3ptgwmczoyxnopwu2yzg3zdq5nti5n2i5zthmnjq1ztuyotm1odjhywmz-thumb_\"><\/p>\n<p data-index=\"3\"><strong>Gabriela Firea:<\/strong>\u00a0\u201eDac\u0103 eu a\u015f fi \u00een locul domniei sale \u015fi dac\u0103 to\u0163i colegii mei consider\u0103 c\u0103 ar trebui s\u0103 se retrag\u0103 sprijinul politic premierului care nu a realizat \u00een totalitate tot ce PSD a promis \u00een campanie, m-a\u015f retrage de bun\u0103voie. Nu cred c\u0103 ar fi nevoie s\u0103 se for\u0163eze \u015fi un vot. Nu cred c\u0103 trebuie s\u0103 fim fideli unui scaun sau unei func\u0163ii\u201d.<\/p>\n<p data-index=\"4\"><span lang=\"ro-RO\">Premierul Sorin Grindeanu le-a declarat jurnali\u0219tilor, miercuri diminea\u021b\u0103, c\u0103 nu i-a fost cerut\u0103 demisia, cel pu\u021bin nu \u00een mod direct.<\/span><\/p>\n<p data-index=\"5\"><span lang=\"ro-RO\">Sorin Grindeanu a vorbit cu jurnali\u0219tii \u00een fa\u021ba Guvernului, \u00eentr-o discu\u021bie aparent degajat\u0103, \u0219i a spus c\u0103 nu \u00ee\u0219i va da demisia. Totodat\u0103, premierul a afirmat \u015fi c\u0103 se a\u015fteapt\u0103 la \u201do execu\u0163ie public\u0103\u201d.<\/span><\/p>\n<p data-index=\"6\">El a mai spus c\u0103 se a\u0219teapt\u0103 ca mai mul\u021bi mini\u0219tri s\u0103-\u0219i dea demisia dac\u0103 li se va cere acest lucru de la partid, ace\u0219tia av\u00e2nd h\u00e2rtiile preg\u0103tite.<\/p>\n<\/div>\n<p> Source URL: https:\/\/www.digi24.ro\/stiri\/actualitate\/politica\/exclusiv-gabriela-firea-despre-situatia-premierului-nu-cred-ca-trebuie-sa-fim-fideli-unui-scaun-sau-unei-functii-742873<\/p>\n","protected":false},"excerpt":{"rendered":"<p>Gabriela Firea, vicepre\u015fedinte PSD \u0219i primar al Capitalei, a declarat pentru Digi24 c\u0103 premierul Sorin Grindeanu ar trebui s\u0103 demisioneze dac\u0103 i se retrage sprijinul politic. Gabriela Firea:\u00a0\u201eDac\u0103 eu a\u015f fi \u00een locul domniei sale \u015fi dac\u0103 to\u0163i colegii mei consider\u0103 c\u0103 ar trebui s\u0103 se retrag\u0103 sprijinul politic premierului care nu a realizat \u00een [&hellip;]<\/p>\n","protected":false},"author":1,"featured_media":139776,"comment_status":"open","ping_status":"","sticky":false,"template":"","format":"standard","meta":{"footnotes":""},"categories":[2],"tags":[11],"class_list":["post-139775","post","type-post","status-publish","format-standard","has-post-thumbnail","hentry","category-politics","tag-digi24"],"_links":{"self":[{"href":"https:\/\/analyse.optim.biz\/index.php?rest_route=\/wp\/v2\/posts\/139775","targetHints":{"allow":["GET"]}}],"collection":[{"href":"https:\/\/analyse.optim.biz\/index.php?rest_route=\/wp\/v2\/posts"}],"about":[{"href":"https:\/\/analyse.optim.biz\/index.php?rest_route=\/wp\/v2\/types\/post"}],"author":[{"embeddable":true,"href":"https:\/\/analyse.optim.biz\/index.php?rest_route=\/wp\/v2\/users\/1"}],"replies":[{"embeddable":true,"href":"https:\/\/analyse.optim.biz\/index.php?rest_route=%2Fwp%2Fv2%2Fcomments&post=139775"}],"version-history":[{"count":0,"href":"https:\/\/analyse.optim.biz\/index.php?rest_route=\/wp\/v2\/posts\/139775\/revisions"}],"wp:featuredmedia":[{"embeddable":true,"href":"https:\/\/analyse.optim.biz\/index.php?rest_route=\/wp\/v2\/media\/139776"}],"wp:attachment":[{"href":"https:\/\/analyse.optim.biz\/index.php?rest_route=%2Fwp%2Fv2%2Fmedia&parent=139775"}],"wp:term":[{"taxonomy":"category","embeddable":true,"href":"https:\/\/analyse.optim.biz\/index.php?rest_route=%2Fwp%2Fv2%2Fcategories&post=139775"},{"taxonomy":"post_tag","embeddable":true,"href":"https:\/\/analyse.optim.biz\/index.php?rest_route=%2Fwp%2Fv2%2Ftags&post=139775"}],"curies":[{"name":"wp","href":"https:\/\/api.w.org\/{rel}","templated":true}]}}