{"id":1396790,"date":"2016-07-13T16:13:43","date_gmt":"2016-07-13T13:13:43","guid":{"rendered":"https:\/\/analyse.optim.biz\/?p=1396790"},"modified":"2016-07-13T16:13:43","modified_gmt":"2016-07-13T13:13:43","slug":"10mila-euro-al-mese-per-il-parrucchiere-di-hollande-il-web-non-perdona-foto","status":"publish","type":"post","link":"https:\/\/analyse.optim.biz\/?p=1396790","title":{"rendered":"10mila euro al mese per il parrucchiere di Hollande, il web non perdona (Foto)"},"content":{"rendered":"<article id=\"post-379444\" class=\"post-379444 post type-post status-publish format-standard has-post-thumbnail hentry category-cronaca category-home-livello-2 category-foto-del-secolo tag-francia tag-francois-hollande\">\n<div>\n<figure class=\"evidence-wrapper\"><img loading=\"lazy\" decoding=\"async\" width=\"338\" height=\"199\" src=\"https:\/\/analyse.optim.biz\/wp-content\/uploads\/2026\/01\/hollcop-1.png\" class=\"attachment-single size-single wp-post-image\" alt=\"Su Twitter fioccano i fotomontaggi di Hollande coi capelli dritti: con quelllo che guadagna il suo parrucchiere\u2026 (Foto Twitter)\" title=\"Su Twitter fioccano i fotomontaggi di Hollande coi capelli dritti: con quelllo che guadagna il suo parrucchiere\u2026 (Foto Twitter)\"><figcaption class=\"evidence-caption\">Su Twitter fioccano i fotomontaggi di Hollande coi capelli dritti: con quelllo che guadagna il suo parrucchiere\u2026 (Foto Twitter)<\/figcaption><\/figure>\n<h1>10mila euro al mese per il parrucchiere di Hollande, il web non perdona (Foto)<\/h1>\n<div class=\"info-condivisione\">\n<div>\n<p><span class=\"categoria\">Cronaca<\/span><\/p>\n<p>\t\t\t\t\t &#8211; di <a href=\"https:\/\/www.secoloditalia.it\/author\/redazione\/\" title=\"Redazione\"><span class=\"autore\">Redazione<\/span><\/a> &#8211; <span class=\"data\">13 Luglio 2016 alle 18:13<\/span><\/p>\n<\/div>\n<\/div>\n<div class=\"contenuto\">\n<p>Il parrucchiere personale di <strong>Fran\u00e7ois Hollande<\/strong>, Olivier B., guadagnerebbe la bellezza di 9895 euro lordi al mese. La notizia del compenso abnorme per il collaboratore del presidente della repubblica francese, che lo percepirebbe dal 2012, \u00e8 stata pubblicata dal settimanale satirico \u201c<em>Le Canard encha\u00een\u00e9<\/em>\u201c, poi ripresa da \u201c<em>Le Figaro<\/em>\u201c, per poi finire su <em>Twitter<\/em> tra i trending topic francesi con l\u2019hashtag <strong>#coiffeurgate<\/strong>. \u201c<em>Le Figaro<\/em>\u201d aggiunge che la cifra percepita dal parrucchiere presidenziale \u201c\u00e8 di \u201cappena\u201d 5mila euro in meno rispetto all\u2019indennit\u00e0 mensile dello stesso Hollande, ai quali si aggiungono eventuali indennit\u00e0 di residenza e altri vantaggi familiari\u201d. <strong>Sarah Levy<\/strong>, l\u2019avvocato del coiffeur contattata dal settimanale, ha spiegato che la cifra \u00e8 giustificata dal pesante carico di lavoro a cui \u00e8 sottoposto, dalle trasferte, dalla reperibilit\u00e0 continua. Ma, intanto, su Twitter, sono centinaia i fotomontaggi che vedono come protagonista Fran\u00e7ois Hollande e i suoi (pochi) capelli\u2026 Ecco i pi\u00f9 divertenti. <em>(Foto Twitter)<\/em><\/p>\n<p>\u00a0<\/p>\n<div class=\"code-block code-block-6\"><\/div>\n<p>\t\t\t#gallery-1 {<br \/>\n\t\t\t\tmargin: auto;<br \/>\n\t\t\t}<br \/>\n\t\t\t#gallery-1 .gallery-item {<br \/>\n\t\t\t\tfloat: left;<br \/>\n\t\t\t\tmargin-top: 10px;<br \/>\n\t\t\t\ttext-align: center;<br \/>\n\t\t\t\twidth: 33%;<br \/>\n\t\t\t}<br \/>\n\t\t\t#gallery-1 img {<br \/>\n\t\t\t\tborder: 2px solid #cfcfcf;<br \/>\n\t\t\t}<br \/>\n\t\t\t#gallery-1 .gallery-caption {<br \/>\n\t\t\t\tmargin-left: 0;<br \/>\n\t\t\t}<br \/>\n\t\t\t\/* see gallery_shortcode() in wp-includes\/media.php *\/<\/p>\n<div id=\"gallery-1\" class=\"gallery galleryid-379444 gallery-columns-3 gallery-size-large\">\n<dl class=\"gallery-item\">\n<dt class=\"gallery-icon landscape\"><a href=\"https:\/\/www.secoloditalia.it\/2016\/07\/10mila-euro-mese-per-parrucchiere-hollande-rete-non-perdona-foto\/hollcop\/\"><img loading=\"lazy\" decoding=\"async\" width=\"338\" height=\"199\" src=\"https:\/\/analyse.optim.biz\/wp-content\/uploads\/2026\/01\/hollcop-1.png\" class=\"attachment-large size-large\" alt=\"Su Twitter fioccano i fotomontaggi di Hollande coi capelli dritti: con quelllo che guadagna il suo parrucchiere\u2026 (Foto Twitter)\" aria-describedby=\"gallery-1-379461\" title=\"Su Twitter fioccano i fotomontaggi di Hollande coi capelli dritti: con quelllo che guadagna il suo parrucchiere\u2026 (Foto Twitter)\"><\/a><\/dt>\n<dd class=\"wp-caption-text gallery-caption\" id=\"gallery-1-379461\">\n\t\t\t\tSu Twitter fioccano i fotomontaggi di Hollande coi capelli dritti: con quelllo che guadagna il suo parrucchiere\u2026 (Foto Twitter)\n\t\t\t\t<\/dd>\n<\/dl>\n<dl class=\"gallery-item\">\n<dt class=\"gallery-icon landscape\"><a href=\"https:\/\/www.secoloditalia.it\/2016\/07\/10mila-euro-mese-per-parrucchiere-hollande-rete-non-perdona-foto\/holl13\/\"><img loading=\"lazy\" decoding=\"async\" width=\"446\" height=\"298\" src=\"https:\/\/analyse.optim.biz\/wp-content\/uploads\/2026\/01\/holl13.png\" class=\"attachment-large size-large\" alt=\"Su Twitter fioccano i fotomontaggi di Hollande coi capelli dritti: con quelllo che guadagna il suo parrucchiere\u2026 (Foto Twitter)\" aria-describedby=\"gallery-1-379460\" title=\"Su Twitter fioccano i fotomontaggi di Hollande coi capelli dritti: con quelllo che guadagna il suo parrucchiere\u2026 (Foto Twitter)\"><\/a><\/dt>\n<dd class=\"wp-caption-text gallery-caption\" id=\"gallery-1-379460\">\n\t\t\t\t(Foto Twitter)\n\t\t\t\t<\/dd>\n<\/dl>\n<dl class=\"gallery-item\">\n<dt class=\"gallery-icon portrait\"><a href=\"https:\/\/www.secoloditalia.it\/2016\/07\/10mila-euro-mese-per-parrucchiere-hollande-rete-non-perdona-foto\/holl2\/\"><img decoding=\"async\" loading=\"lazy\" width=\"520\" height=\"656\" src=\"https:\/\/analyse.optim.biz\/wp-content\/uploads\/2026\/01\/holl2.png\" class=\"attachment-large size-large\" alt=\"Su Twitter fioccano i fotomontaggi di Hollande coi capelli dritti: con quelllo che guadagna il suo parrucchiere\u2026 (Foto Twitter)\" aria-describedby=\"gallery-1-379446\" title=\"Su Twitter fioccano i fotomontaggi di Hollande coi capelli dritti: con quelllo che guadagna il suo parrucchiere\u2026 (Foto Twitter)\"><\/a><\/dt>\n<dd class=\"wp-caption-text gallery-caption\" id=\"gallery-1-379446\">\n\t\t\t\t(Foto Twitter)\n\t\t\t\t<\/dd>\n<\/dl>\n<p><\/p>\n<dl class=\"gallery-item\">\n<dt class=\"gallery-icon portrait\"><a href=\"https:\/\/www.secoloditalia.it\/2016\/07\/10mila-euro-mese-per-parrucchiere-hollande-rete-non-perdona-foto\/holl\/\"><img decoding=\"async\" loading=\"lazy\" width=\"480\" height=\"655\" src=\"https:\/\/analyse.optim.biz\/wp-content\/uploads\/2026\/01\/holl.png\" class=\"attachment-large size-large\" alt=\"Su Twitter fioccano i fotomontaggi di Hollande coi capelli dritti: con quelllo che guadagna il suo parrucchiere\u2026 (Foto Twitter)\" aria-describedby=\"gallery-1-379445\" title=\"Su Twitter fioccano i fotomontaggi di Hollande coi capelli dritti: con quelllo che guadagna il suo parrucchiere\u2026 (Foto Twitter)\"><\/a><\/dt>\n<dd class=\"wp-caption-text gallery-caption\" id=\"gallery-1-379445\">\n\t\t\t\t(Foto Twitter)\n\t\t\t\t<\/dd>\n<\/dl>\n<dl class=\"gallery-item\">\n<dt class=\"gallery-icon landscape\"><a href=\"https:\/\/www.secoloditalia.it\/2016\/07\/10mila-euro-mese-per-parrucchiere-hollande-rete-non-perdona-foto\/holl3\/\"><img decoding=\"async\" loading=\"lazy\" width=\"640\" height=\"465\" src=\"https:\/\/analyse.optim.biz\/wp-content\/uploads\/2026\/01\/holl3.png\" class=\"attachment-large size-large\" alt=\"Su Twitter fioccano i fotomontaggi di Hollande coi capelli dritti: con quelllo che guadagna il suo parrucchiere\u2026 (Foto Twitter)\" aria-describedby=\"gallery-1-379449\" title=\"Su Twitter fioccano i fotomontaggi di Hollande coi capelli dritti: con quelllo che guadagna il suo parrucchiere\u2026 (Foto Twitter)\"><\/a><\/dt>\n<dd class=\"wp-caption-text gallery-caption\" id=\"gallery-1-379449\">\n\t\t\t\t(Foto Twitter)\n\t\t\t\t<\/dd>\n<\/dl>\n<dl class=\"gallery-item\">\n<dt class=\"gallery-icon portrait\"><a href=\"https:\/\/www.secoloditalia.it\/2016\/07\/10mila-euro-mese-per-parrucchiere-hollande-rete-non-perdona-foto\/holl4\/\"><img decoding=\"async\" loading=\"lazy\" width=\"458\" height=\"621\" src=\"https:\/\/analyse.optim.biz\/wp-content\/uploads\/2026\/01\/holl4.png\" class=\"attachment-large size-large\" alt=\"Su Twitter fioccano i fotomontaggi di Hollande coi capelli dritti: con quelllo che guadagna il suo parrucchiere\u2026 (Foto Twitter)\" aria-describedby=\"gallery-1-379450\" title=\"Su Twitter fioccano i fotomontaggi di Hollande coi capelli dritti: con quelllo che guadagna il suo parrucchiere\u2026 (Foto Twitter)\"><\/a><\/dt>\n<dd class=\"wp-caption-text gallery-caption\" id=\"gallery-1-379450\">\n\t\t\t\tIl presidente con una capigliatura d\u2019altri tempi. (Foto Twitter)\n\t\t\t\t<\/dd>\n<\/dl>\n<p><\/p>\n<dl class=\"gallery-item\">\n<dt class=\"gallery-icon landscape\"><a href=\"https:\/\/www.secoloditalia.it\/2016\/07\/10mila-euro-mese-per-parrucchiere-hollande-rete-non-perdona-foto\/holl7\/\"><img decoding=\"async\" loading=\"lazy\" width=\"640\" height=\"610\" src=\"https:\/\/analyse.optim.biz\/wp-content\/uploads\/2026\/01\/holl7.png\" class=\"attachment-large size-large\" alt=\"Su Twitter fioccano i fotomontaggi di Hollande coi capelli dritti: con quelllo che guadagna il suo parrucchiere\u2026 (Foto Twitter)\" aria-describedby=\"gallery-1-379453\" title=\"Su Twitter fioccano i fotomontaggi di Hollande coi capelli dritti: con quelllo che guadagna il suo parrucchiere\u2026 (Foto Twitter)\"><\/a><\/dt>\n<dd class=\"wp-caption-text gallery-caption\" id=\"gallery-1-379453\">\n\t\t\t\t(Foto Twitter)\n\t\t\t\t<\/dd>\n<\/dl>\n<dl class=\"gallery-item\">\n<dt class=\"gallery-icon landscape\"><a href=\"https:\/\/www.secoloditalia.it\/2016\/07\/10mila-euro-mese-per-parrucchiere-hollande-rete-non-perdona-foto\/holl10\/\"><img decoding=\"async\" loading=\"lazy\" width=\"640\" height=\"488\" src=\"https:\/\/analyse.optim.biz\/wp-content\/uploads\/2026\/01\/holl10.png\" class=\"attachment-large size-large\" alt=\"Su Twitter fioccano i fotomontaggi di Hollande coi capelli dritti: con quelllo che guadagna il suo parrucchiere\u2026 (Foto Twitter)\" aria-describedby=\"gallery-1-379456\" title=\"Su Twitter fioccano i fotomontaggi di Hollande coi capelli dritti: con quelllo che guadagna il suo parrucchiere\u2026 (Foto Twitter)\"><\/a><\/dt>\n<dd class=\"wp-caption-text gallery-caption\" id=\"gallery-1-379456\">\n\t\t\t\tCome Donald Trump. (Foto Twitter)\n\t\t\t\t<\/dd>\n<\/dl>\n<dl class=\"gallery-item\">\n<dt class=\"gallery-icon portrait\"><a href=\"https:\/\/www.secoloditalia.it\/2016\/07\/10mila-euro-mese-per-parrucchiere-hollande-rete-non-perdona-foto\/holl5\/\"><img decoding=\"async\" loading=\"lazy\" width=\"481\" height=\"630\" src=\"https:\/\/analyse.optim.biz\/wp-content\/uploads\/2026\/01\/holl5.png\" class=\"attachment-large size-large\" alt=\"Su Twitter fioccano i fotomontaggi di Hollande coi capelli dritti: con quelllo che guadagna il suo parrucchiere\u2026 (Foto Twitter)\" aria-describedby=\"gallery-1-379451\" title=\"Su Twitter fioccano i fotomontaggi di Hollande coi capelli dritti: con quelllo che guadagna il suo parrucchiere\u2026 (Foto Twitter)\"><\/a><\/dt>\n<dd class=\"wp-caption-text gallery-caption\" id=\"gallery-1-379451\">\n\t\t\t\tAhi ahi ahi; dov\u2019era il superpagato professionista? (Foto Twitter)\n\t\t\t\t<\/dd>\n<\/dl>\n<p><\/p>\n<dl class=\"gallery-item\">\n<dt class=\"gallery-icon landscape\"><a href=\"https:\/\/www.secoloditalia.it\/2016\/07\/10mila-euro-mese-per-parrucchiere-hollande-rete-non-perdona-foto\/holl6\/\"><img decoding=\"async\" loading=\"lazy\" width=\"640\" height=\"485\" src=\"https:\/\/analyse.optim.biz\/wp-content\/uploads\/2026\/01\/holl6.png\" class=\"attachment-large size-large\" alt=\"Su Twitter fioccano i fotomontaggi di Hollande coi capelli dritti: con quelllo che guadagna il suo parrucchiere\u2026 (Foto Twitter)\" aria-describedby=\"gallery-1-379452\" title=\"Su Twitter fioccano i fotomontaggi di Hollande coi capelli dritti: con quelllo che guadagna il suo parrucchiere\u2026 (Foto Twitter)\"><\/a><\/dt>\n<dd class=\"wp-caption-text gallery-caption\" id=\"gallery-1-379452\">\n\t\t\t\t(Foto Twitter)\n\t\t\t\t<\/dd>\n<\/dl>\n<dl class=\"gallery-item\">\n<dt class=\"gallery-icon landscape\"><a href=\"https:\/\/www.secoloditalia.it\/2016\/07\/10mila-euro-mese-per-parrucchiere-hollande-rete-non-perdona-foto\/holl8\/\"><img decoding=\"async\" loading=\"lazy\" width=\"640\" height=\"455\" src=\"https:\/\/analyse.optim.biz\/wp-content\/uploads\/2026\/01\/holl8.png\" class=\"attachment-large size-large\" alt=\"Su Twitter fioccano i fotomontaggi di Hollande coi capelli dritti: con quelllo che guadagna il suo parrucchiere\u2026 (Foto Twitter)\" aria-describedby=\"gallery-1-379454\" title=\"Su Twitter fioccano i fotomontaggi di Hollande coi capelli dritti: con quelllo che guadagna il suo parrucchiere\u2026 (Foto Twitter)\"><\/a><\/dt>\n<dd class=\"wp-caption-text gallery-caption\" id=\"gallery-1-379454\">\n\t\t\t\t(Foto Twitter)\n\t\t\t\t<\/dd>\n<\/dl>\n<dl class=\"gallery-item\">\n<dt class=\"gallery-icon landscape\"><a href=\"https:\/\/www.secoloditalia.it\/2016\/07\/10mila-euro-mese-per-parrucchiere-hollande-rete-non-perdona-foto\/holl9\/\"><img decoding=\"async\" loading=\"lazy\" width=\"640\" height=\"429\" src=\"https:\/\/analyse.optim.biz\/wp-content\/uploads\/2026\/01\/holl9.png\" class=\"attachment-large size-large\" alt=\"Su Twitter fioccano i fotomontaggi di Hollande coi capelli dritti: con quelllo che guadagna il suo parrucchiere\u2026 (Foto Twitter)\" aria-describedby=\"gallery-1-379455\" title=\"Su Twitter fioccano i fotomontaggi di Hollande coi capelli dritti: con quelllo che guadagna il suo parrucchiere\u2026 (Foto Twitter)\"><\/a><\/dt>\n<dd class=\"wp-caption-text gallery-caption\" id=\"gallery-1-379455\">\n\t\t\t\t(Foto Twitter)\n\t\t\t\t<\/dd>\n<\/dl>\n<p><\/p>\n<dl class=\"gallery-item\">\n<dt class=\"gallery-icon landscape\"><a href=\"https:\/\/www.secoloditalia.it\/2016\/07\/10mila-euro-mese-per-parrucchiere-hollande-rete-non-perdona-foto\/holl12\/\"><img decoding=\"async\" loading=\"lazy\" width=\"526\" height=\"458\" src=\"https:\/\/analyse.optim.biz\/wp-content\/uploads\/2026\/01\/holl12.png\" class=\"attachment-large size-large\" alt=\"Su Twitter fioccano i fotomontaggi di Hollande coi capelli dritti: con quelllo che guadagna il suo parrucchiere\u2026 (Foto Twitter)\" aria-describedby=\"gallery-1-379459\" title=\"Su Twitter fioccano i fotomontaggi di Hollande coi capelli dritti: con quelllo che guadagna il suo parrucchiere\u2026 (Foto Twitter)\"><\/a><\/dt>\n<dd class=\"wp-caption-text gallery-caption\" id=\"gallery-1-379459\">\n\t\t\t\tSi sprecano i fotomontaggi. (Foto Twitter)\n\t\t\t\t<\/dd>\n<\/dl>\n<dl class=\"gallery-item\">\n<dt class=\"gallery-icon landscape\"><a href=\"https:\/\/www.secoloditalia.it\/2016\/07\/10mila-euro-mese-per-parrucchiere-hollande-rete-non-perdona-foto\/hollcop2\/\"><img decoding=\"async\" loading=\"lazy\" width=\"602\" height=\"450\" src=\"https:\/\/analyse.optim.biz\/wp-content\/uploads\/2026\/01\/hollcop2.png\" class=\"attachment-large size-large\" alt=\"Su Twitter fioccano i fotomontaggi di Hollande coi capelli dritti: con quelllo che guadagna il suo parrucchiere\u2026 (Foto Twitter)\" aria-describedby=\"gallery-1-379462\" title=\"Su Twitter fioccano i fotomontaggi di Hollande coi capelli dritti: con quelllo che guadagna il suo parrucchiere\u2026 (Foto Twitter)\"><\/a><\/dt>\n<dd class=\"wp-caption-text gallery-caption\" id=\"gallery-1-379462\">\n\t\t\t\t(Foto Twitter)\n\t\t\t\t<\/dd>\n<\/dl>\n<p><\/div>\n<\/div>\n<div class=\"commentSectionContainer\">\n<p class=\"comments-title\">Non ci sono commenti, inizia una discussione<\/p>\n<\/div>\n<div id=\"comments\" class=\"comments-area closed\">\n<div id=\"respond\" class=\"comment-respond\">\n<h3 id=\"reply-title\" class=\"comment-reply-title\">Lascia un commento <small><a rel=\"nofollow\" id=\"cancel-comment-reply-link\" href=\"https:\/\/www.secoloditalia.it\/2016\/07\/10mila-euro-mese-per-parrucchiere-hollande-rete-non-perdona-foto\/#respond\">Annulla risposta<\/a><\/small><\/h3>\n<p class=\"comment-notes\"><span id=\"email-notes\">Il tuo indirizzo email non sar\u00e0 pubblicato.<\/span><span class=\"required-field-message\">I campi obbligatori sono contrassegnati <span class=\"required\">*<\/span><\/span><\/p>\n<\/div>\n<\/div>\n<div class=\"autore\"><a href=\"https:\/\/www.secoloditalia.it\/author\/redazione\/\" title=\"Redazione\"><img decoding=\"async\" src=\"https:\/\/analyse.optim.biz\/wp-content\/uploads\/2026\/01\/87b799df5e076faadfbb71fdd5d68f2d-1.jpg\" class=\"avatar avatar-96 photo\" height=\"96\" width=\"96\" loading=\"lazy\" title=\"87b799df5e076faadfbb71fdd5d68f2d-1\"><\/a><\/div>\n<div>\n<div class=\"autore\">\n<p>\n\t\t\t\t\tdi <a href=\"https:\/\/www.secoloditalia.it\/author\/redazione\/\" title=\"Redazione\"><span class=\"autore\">Redazione<\/span><\/a><\/p>\n<\/div>\n<div class=\"info-condivisione bottom\">\n<div>\n<p><span class=\"data\">13 Luglio 2016 alle 18:13<\/span><\/p>\n<\/div>\n<\/div>\n<\/div>\n<div class=\"tags\">\n<ul>\n<li><a href=\"https:\/\/www.secoloditalia.it\/tag\/francia\/\">Francia<\/a><\/li>\n<li><a href=\"https:\/\/www.secoloditalia.it\/tag\/francois-hollande\/\">Fran\u00e7ois Hollande<\/a><\/li>\n<\/ul>\n<\/div>\n<\/div>\n<\/article>\n<p> Source URL: https:\/\/www.secoloditalia.it\/2016\/07\/10mila-euro-mese-per-parrucchiere-hollande-rete-non-perdona-foto\/<\/p>\n","protected":false},"excerpt":{"rendered":"<p>Su Twitter fioccano i fotomontaggi di Hollande coi capelli dritti: con quelllo che guadagna il suo parrucchiere\u2026 (Foto Twitter) 10mila euro al mese per il parrucchiere di Hollande, il web non perdona (Foto) Cronaca &#8211; di Redazione &#8211; 13 Luglio 2016 alle 18:13 Il parrucchiere personale di Fran\u00e7ois Hollande, Olivier B., guadagnerebbe la bellezza di [&hellip;]<\/p>\n","protected":false},"author":1,"featured_media":1396791,"comment_status":"open","ping_status":"","sticky":false,"template":"","format":"standard","meta":{"footnotes":""},"categories":[87],"tags":[123],"class_list":["post-1396790","post","type-post","status-publish","format-standard","has-post-thumbnail","hentry","category-italy","tag-secoloditalia-it"],"_links":{"self":[{"href":"https:\/\/analyse.optim.biz\/index.php?rest_route=\/wp\/v2\/posts\/1396790","targetHints":{"allow":["GET"]}}],"collection":[{"href":"https:\/\/analyse.optim.biz\/index.php?rest_route=\/wp\/v2\/posts"}],"about":[{"href":"https:\/\/analyse.optim.biz\/index.php?rest_route=\/wp\/v2\/types\/post"}],"author":[{"embeddable":true,"href":"https:\/\/analyse.optim.biz\/index.php?rest_route=\/wp\/v2\/users\/1"}],"replies":[{"embeddable":true,"href":"https:\/\/analyse.optim.biz\/index.php?rest_route=%2Fwp%2Fv2%2Fcomments&post=1396790"}],"version-history":[{"count":0,"href":"https:\/\/analyse.optim.biz\/index.php?rest_route=\/wp\/v2\/posts\/1396790\/revisions"}],"wp:featuredmedia":[{"embeddable":true,"href":"https:\/\/analyse.optim.biz\/index.php?rest_route=\/wp\/v2\/media\/1396791"}],"wp:attachment":[{"href":"https:\/\/analyse.optim.biz\/index.php?rest_route=%2Fwp%2Fv2%2Fmedia&parent=1396790"}],"wp:term":[{"taxonomy":"category","embeddable":true,"href":"https:\/\/analyse.optim.biz\/index.php?rest_route=%2Fwp%2Fv2%2Fcategories&post=1396790"},{"taxonomy":"post_tag","embeddable":true,"href":"https:\/\/analyse.optim.biz\/index.php?rest_route=%2Fwp%2Fv2%2Ftags&post=1396790"}],"curies":[{"name":"wp","href":"https:\/\/api.w.org\/{rel}","templated":true}]}}