{"id":139324,"date":"2017-06-16T13:42:31","date_gmt":"2017-06-16T10:42:31","guid":{"rendered":"https:\/\/analyse.optim.biz\/?p=139324"},"modified":"2017-06-16T13:42:31","modified_gmt":"2017-06-16T10:42:31","slug":"iohannis-din-punct-de-vedere-institutional-astept-rezolvarea-crizei","status":"publish","type":"post","link":"https:\/\/analyse.optim.biz\/?p=139324","title":{"rendered":"Iohannis: Din punct de vedere institu\u0163ional, a\u015ftept rezolvarea crizei"},"content":{"rendered":"<div class=\"entry data-app-meta data-app-meta-article\" data-embed-base-url-canonical=\"https:\/\/www.digi24.ro\/embed\/stiri\/actualitate\/politica\/iohannis-din-punct-de-vedere-institutional-astept-rezolvarea-crizei-744135\">\n<p data-index=\"1\"><strong>Pre\u015fedintele a f\u0103cut o nou\u0103 declara\u021bie cu privire la scandalul PSD-Guvern-Sorin Grindeanu. Klaus Iohannis a spus c\u0103 a\u0219teapt\u0103 rezolvarea crizei.\u00a0<\/strong><\/p>\n<p data-index=\"2\"><span lang=\"ro-RO\">\u201eDin comunicarea institu\u021bional\u0103 pe care o am a\u015ftept solu\u021bionarea\u00a0crizei\u201d, le-a spus pre\u015fedintele jurnali\u015ftilor afla\u0163i la Palatul Cotroceni,\u00a0 \u00eenainte s\u0103 \u00eel primeasc\u0103 pe premierul Marelui Ducat de Luxemburg, Xavier Bettel.<\/span><\/p>\n<p data-index=\"3\">La scurt timp, premierul Grindeanu a declarat c\u0103 situa\u021bia politic\u0103 va fi rezolvat\u0103 s\u0103pt\u0103m\u00e2na viitoare, constitu\u021bional \u0219i respect\u00e2nd toate legile.\u00a0\u201eNu sunt singur. A\u0219a cum v-am spus \u0219i ieri (joi \u2014 n.r.), toat\u0103 lumea este la munc\u0103. Situa\u021bia politic\u0103 va fi rezolvat\u0103 s\u0103pt\u0103m\u00e2na viitoare, constitu\u021bional \u0219i respect\u00e2nd toate legile. A\u0219a func\u021bioneaz\u0103 un stat de drept \u0219i a\u0219a func\u021bioneaz\u0103 un stat membru al Uniunii Europene, a\u0219a cum este Rom\u00e2nia. \u00cemi doresc c\u00e2t mai rapid s\u0103 se \u00eencheie aceast\u0103 perioad\u0103 de instabilitate politic\u0103, astfel \u00eenc\u00e2t s\u0103 putem s\u0103 oferim garan\u021bia stabilit\u0103\u021bii pentru investitori, pentru cei care vor s\u0103 vin\u0103 s\u0103 investeasc\u0103 \u00een economia noastr\u0103\u201d, a spus Grindeanu.<\/p>\n<p data-index=\"4\">Ieri, purt\u0103torul de cuv\u00e2nt al Administra\u021biei Preziden\u021biale a declarat c\u0103 \u201ed<span lang=\"ro-RO\">eocamdat\u0103 nu ne afl\u0103m \u00een situa\u021bia demisiei sau revoc\u0103rii premierului\u201d. M\u0103d\u0103lina Dobrovolschi\u00a0a mai spus c\u0103 toate procedurile de desemnare a unui nou premier vor fi demarate abia atunci c\u00e2nd Sorin Grindeanu va demisiona sau va fi revocat de Parlament.<\/span><\/p>\n<p data-index=\"5\">\u00a0<\/p>\n<\/div>\n<p> Source URL: https:\/\/www.digi24.ro\/stiri\/actualitate\/politica\/iohannis-din-punct-de-vedere-institutional-astept-rezolvarea-crizei-744135<\/p>\n","protected":false},"excerpt":{"rendered":"<p>Pre\u015fedintele a f\u0103cut o nou\u0103 declara\u021bie cu privire la scandalul PSD-Guvern-Sorin Grindeanu. Klaus Iohannis a spus c\u0103 a\u0219teapt\u0103 rezolvarea crizei.\u00a0 \u201eDin comunicarea institu\u021bional\u0103 pe care o am a\u015ftept solu\u021bionarea\u00a0crizei\u201d, le-a spus pre\u015fedintele jurnali\u015ftilor afla\u0163i la Palatul Cotroceni,\u00a0 \u00eenainte s\u0103 \u00eel primeasc\u0103 pe premierul Marelui Ducat de Luxemburg, Xavier Bettel. La scurt timp, premierul Grindeanu a [&hellip;]<\/p>\n","protected":false},"author":1,"featured_media":139325,"comment_status":"open","ping_status":"","sticky":false,"template":"","format":"standard","meta":{"footnotes":""},"categories":[2],"tags":[11],"class_list":["post-139324","post","type-post","status-publish","format-standard","has-post-thumbnail","hentry","category-politics","tag-digi24"],"_links":{"self":[{"href":"https:\/\/analyse.optim.biz\/index.php?rest_route=\/wp\/v2\/posts\/139324","targetHints":{"allow":["GET"]}}],"collection":[{"href":"https:\/\/analyse.optim.biz\/index.php?rest_route=\/wp\/v2\/posts"}],"about":[{"href":"https:\/\/analyse.optim.biz\/index.php?rest_route=\/wp\/v2\/types\/post"}],"author":[{"embeddable":true,"href":"https:\/\/analyse.optim.biz\/index.php?rest_route=\/wp\/v2\/users\/1"}],"replies":[{"embeddable":true,"href":"https:\/\/analyse.optim.biz\/index.php?rest_route=%2Fwp%2Fv2%2Fcomments&post=139324"}],"version-history":[{"count":0,"href":"https:\/\/analyse.optim.biz\/index.php?rest_route=\/wp\/v2\/posts\/139324\/revisions"}],"wp:featuredmedia":[{"embeddable":true,"href":"https:\/\/analyse.optim.biz\/index.php?rest_route=\/wp\/v2\/media\/139325"}],"wp:attachment":[{"href":"https:\/\/analyse.optim.biz\/index.php?rest_route=%2Fwp%2Fv2%2Fmedia&parent=139324"}],"wp:term":[{"taxonomy":"category","embeddable":true,"href":"https:\/\/analyse.optim.biz\/index.php?rest_route=%2Fwp%2Fv2%2Fcategories&post=139324"},{"taxonomy":"post_tag","embeddable":true,"href":"https:\/\/analyse.optim.biz\/index.php?rest_route=%2Fwp%2Fv2%2Ftags&post=139324"}],"curies":[{"name":"wp","href":"https:\/\/api.w.org\/{rel}","templated":true}]}}