{"id":139321,"date":"2017-06-16T14:05:26","date_gmt":"2017-06-16T11:05:26","guid":{"rendered":"https:\/\/analyse.optim.biz\/?p=139321"},"modified":"2017-06-16T14:05:26","modified_gmt":"2017-06-16T11:05:26","slug":"blocaj-grindeanu-nu-l-poate-demite-pe-secretarul-general-al-guvernului","status":"publish","type":"post","link":"https:\/\/analyse.optim.biz\/?p=139321","title":{"rendered":"BLOCAJ. Grindeanu nu-l poate demite pe secretarul general al Guvernului"},"content":{"rendered":"<div class=\"entry data-app-meta data-app-meta-article\" data-embed-base-url-canonical=\"https:\/\/www.digi24.ro\/embed\/stiri\/actualitate\/politica\/blocaj-grindeanu-nu-l-poate-demite-pe-secretarul-general-al-guvernului-744154\">\n<p data-index=\"1\"><strong>Mihai Busuioc, secretarul general al Guvernului, se afl\u0103 \u00eenc\u0103 \u00een func\u021bie, de\u0219i Sorin Grindeanu \u00eei anun\u021ba asear\u0103 pe jurnali\u0219ti s\u0103 stea cu ochii pe Monitorul Oficial ca s\u0103 afle dac\u0103 acesta va fi schimbat, potrivit Digi24.<\/strong><\/p>\n<p data-index=\"2\"><img loading=\"lazy\" decoding=\"async\" class=\"alignnone size-full wp-image-744156\" src=\"https:\/\/analyse.optim.biz\/wp-content\/uploads\/2024\/09\/zyz3ptgwmczoyxnoptbimmi2yzbhmdiym2rhytcxm2exmda2ytllowuxnzuz-thumb_.jpg\" width=\"1600\" height=\"1068\" data-skip-htmlfix=\"1\" title=\"zyz3ptgwmczoyxnoptbimmi2yzbhmdiym2rhytcxm2exmda2ytllowuxnzuz-thumb_\"><\/p>\n<p data-index=\"3\"><span lang=\"ro-RO\">Mihai Busuioc a refuzat s\u0103 contrasemneze ordinul premierului Sorin Grindeanu prin care dispunea chiar eliberarea sa din func\u021bie. \u00cen absen\u021ba semn\u0103turii lui Busuioc, Monitorul Oficial nu avea cum s\u0103 publice actul de eliberare din func\u021bie.<\/span><\/p>\n<p data-index=\"4\"><span lang=\"ro-RO\">Este a\u0219adar un blocaj la nivelul Guvernului, pentru c\u0103 prim-ministrul nu poate s\u0103 trimit\u0103 de unul singur un ordin spre publicarea \u00een Monitorul Oficial, f\u0103r\u0103 semn\u0103tura SGG.<\/span><\/p>\n<p data-index=\"5\">Situa\u0163ia este generat\u0103 de un articol din legea de func\u0163ionarea a Monitorului Oficial care spune c\u0103 acesta\u00a0\u201efunc\u0163ioneaz\u0103 sub autoritatea Guvernului Rom\u00e2niei, exercitat\u0103 prin Secretariatul General al Guvernului\u201d.<\/p>\n<p data-index=\"6\"><span lang=\"ro-RO\">Potrivit unor surse citate de HotNews, Mihai Busuioc le-ar fi dat asigur\u0103ri mini\u0219trilor apropia\u021bi de Liviu Dragnea c\u0103 nu vor fi schimba\u021bi din func\u021bie, pentru c\u0103 nu va contrasemna ordinele de demitere.<\/span><\/p>\n<p data-index=\"7\"><span lang=\"ro-RO\">Potrivit unor surse Digi24, Victor Ponta urma s\u0103 fie numit \u00een func\u021bia de Secretar General al Guvernului de c\u0103tre Sorin Grindeanu.<\/span><\/p>\n<p data-index=\"8\">Ast\u0103zi,\u00a0premierul Grindeanu a declarat c\u0103 situa\u021bia politic\u0103 va fi rezolvat\u0103 s\u0103pt\u0103m\u00e2na viitoare, constitu\u021bional \u0219i respect\u00e2nd toate legile.\u00a0\u201eNu sunt singur. A\u0219a cum v-am spus \u0219i ieri (joi \u2014 n.r.), toat\u0103 lumea este la munc\u0103. Situa\u021bia politic\u0103 va fi rezolvat\u0103 s\u0103pt\u0103m\u00e2na viitoare, constitu\u021bional \u0219i respect\u00e2nd toate legile. A\u0219a func\u021bioneaz\u0103 un stat de drept \u0219i a\u0219a func\u021bioneaz\u0103 un stat membru al Uniunii Europene, a\u0219a cum este Rom\u00e2nia. \u00cemi doresc c\u00e2t mai rapid s\u0103 se \u00eencheie aceast\u0103 perioad\u0103 de instabilitate politic\u0103, astfel \u00eenc\u00e2t s\u0103 putem s\u0103 oferim garan\u021bia stabilit\u0103\u021bii pentru investitori, pentru cei care vor s\u0103 vin\u0103 s\u0103 investeasc\u0103 \u00een economia noastr\u0103\u201d, a spus Grindeanu.<\/p>\n<p data-index=\"9\">\u00a0<\/p>\n<\/div>\n<p> Source URL: https:\/\/www.digi24.ro\/stiri\/actualitate\/politica\/blocaj-grindeanu-nu-l-poate-demite-pe-secretarul-general-al-guvernului-744154<\/p>\n","protected":false},"excerpt":{"rendered":"<p>Mihai Busuioc, secretarul general al Guvernului, se afl\u0103 \u00eenc\u0103 \u00een func\u021bie, de\u0219i Sorin Grindeanu \u00eei anun\u021ba asear\u0103 pe jurnali\u0219ti s\u0103 stea cu ochii pe Monitorul Oficial ca s\u0103 afle dac\u0103 acesta va fi schimbat, potrivit Digi24. Mihai Busuioc a refuzat s\u0103 contrasemneze ordinul premierului Sorin Grindeanu prin care dispunea chiar eliberarea sa din func\u021bie. \u00cen [&hellip;]<\/p>\n","protected":false},"author":1,"featured_media":139322,"comment_status":"open","ping_status":"","sticky":false,"template":"","format":"standard","meta":{"footnotes":""},"categories":[2],"tags":[11],"class_list":["post-139321","post","type-post","status-publish","format-standard","has-post-thumbnail","hentry","category-politics","tag-digi24"],"_links":{"self":[{"href":"https:\/\/analyse.optim.biz\/index.php?rest_route=\/wp\/v2\/posts\/139321","targetHints":{"allow":["GET"]}}],"collection":[{"href":"https:\/\/analyse.optim.biz\/index.php?rest_route=\/wp\/v2\/posts"}],"about":[{"href":"https:\/\/analyse.optim.biz\/index.php?rest_route=\/wp\/v2\/types\/post"}],"author":[{"embeddable":true,"href":"https:\/\/analyse.optim.biz\/index.php?rest_route=\/wp\/v2\/users\/1"}],"replies":[{"embeddable":true,"href":"https:\/\/analyse.optim.biz\/index.php?rest_route=%2Fwp%2Fv2%2Fcomments&post=139321"}],"version-history":[{"count":0,"href":"https:\/\/analyse.optim.biz\/index.php?rest_route=\/wp\/v2\/posts\/139321\/revisions"}],"wp:featuredmedia":[{"embeddable":true,"href":"https:\/\/analyse.optim.biz\/index.php?rest_route=\/wp\/v2\/media\/139322"}],"wp:attachment":[{"href":"https:\/\/analyse.optim.biz\/index.php?rest_route=%2Fwp%2Fv2%2Fmedia&parent=139321"}],"wp:term":[{"taxonomy":"category","embeddable":true,"href":"https:\/\/analyse.optim.biz\/index.php?rest_route=%2Fwp%2Fv2%2Fcategories&post=139321"},{"taxonomy":"post_tag","embeddable":true,"href":"https:\/\/analyse.optim.biz\/index.php?rest_route=%2Fwp%2Fv2%2Ftags&post=139321"}],"curies":[{"name":"wp","href":"https:\/\/api.w.org\/{rel}","templated":true}]}}