{"id":139318,"date":"2017-06-16T15:18:46","date_gmt":"2017-06-16T12:18:46","guid":{"rendered":"https:\/\/analyse.optim.biz\/?p=139318"},"modified":"2017-06-16T15:18:46","modified_gmt":"2017-06-16T12:18:46","slug":"omul-care-l-tine-in-sah-pe-grindeanu-dat-afara-de-ponta-tinut-in-brate-de-dragnea","status":"publish","type":"post","link":"https:\/\/analyse.optim.biz\/?p=139318","title":{"rendered":"Omul care-l \u0163ine \u00een \u015fah pe Grindeanu. Dat afar\u0103 de Ponta, &#8220;\u0163inut \u00een bra\u0163e&#8221; de Dragnea"},"content":{"rendered":"<div class=\"entry data-app-meta data-app-meta-article\" data-embed-base-url-canonical=\"https:\/\/www.digi24.ro\/embed\/stiri\/actualitate\/politica\/omul-care-l-tine-in-sah-pe-grindeanu-dat-afara-de-ponta-tinut-in-brate-de-dragnea-744183\">\n<p data-index=\"1\"><strong>Secretarul general al Guvernului a devenit omul momentului, \u00een condi\u0163iile \u00een care refuz\u0103 s\u0103 contrasemneze ordinul premierului Sorin Grindeanu prin care dispunea eliberarea sa din func\u021bie. Absen\u021ba semn\u0103turii lui Mihai Busuioc face imposibil\u0103 publicarea \u00een Monitorul Oficial a deciziei luate de Grindeanu, afect\u00e2nd totodat\u0103 strategia premierului \u00een r\u0103zboiul cu pre\u015fedintele PSD, Liviu Dragnea. Busuioc a ocupat mai multe pozi\u0163ii \u00een aparatul guvernamental. La un moment dat, a fost dat afar\u0103 de Ponta, dar\u00a0apoi p\u0103strat \u00een func\u0163ie de Dragnea.<\/strong><\/p>\n<figure class=\"article-thumb\"><img decoding=\"async\" src=\"https:\/\/analyse.optim.biz\/wp-content\/uploads\/2024\/09\/ndu1ogm4ntexnzbjzjqxntu4ytuyytjizmq3yjg-thumb_.jpg\" alt=\"mihai busuioc, numit secretar general guvern grindeanu_agerpres_1558779\" data-skip-htmlfix=\"1\" title=\"ndu1ogm4ntexnzbjzjqxntu4ytuyytjizmq3yjg-thumb_\"><figcaption> Foto: Agerpres <\/figcaption><\/figure>\n<p data-index=\"2\">O <a href=\"https:\/\/www.digi24.ro\/stiri\/actualitate\/politica\/surse-digi24-victor-ponta-va-fi-numit-secretar-general-al-guvernului-grindeanu-743604\" data-skip-linkfix=\"1\">eventual\u0103 numire a lui Victor Ponta<\/a> \u00een fruntea Secretariatului General al Guvernului este condi\u0163ionat\u0103 de eliberarea din func\u0163ie a actualului titular. Cum <a href=\"https:\/\/www.digi24.ro\/stiri\/actualitate\/politica\/blocaj-grindeanu-nu-l-poate-demite-pe-secretarul-general-al-guvernului-744154\" data-skip-linkfix=\"1\">acesta din urm\u0103 nu s-a l\u0103sat convins p\u00e2n\u0103 acum<\/a> s\u0103 contrasemneze ordinul de demitere, semnat deja de premierul Grindeanu, Ponta nu-\u015fi poate primi \u00eenc\u0103 func\u0163ia de la Palatul Victoria.\u00a0<span lang=\"ro-RO\">Dar cine este Mihai Busuioc?<\/span><\/p>\n<h3>Una din primele decizii ale lui Grindeanu<\/h3>\n<p data-index=\"3\"><span lang=\"ro-RO\">Ei bine, acesta a fost numit \u00een func\u021bia de secretar general al Guvernului, cu rang de ministru, printr-o decizie a premierului Sorin Grindeanu,\u00a0la \u00eenceputul lui ianuarie 2017. \u00a0Grindeanu \u00eel \u00eenlocuia astfel pe Florin Marius Tacu, &#8220;mo\u015ftenit&#8221; de la Guvernul Ciolo\u015f \u015fi lua, astfel, una\u00a0din primele sale decizii ca \u015fef al Guvernului de la Bucure\u015fti.<\/span><\/p>\n<p data-index=\"4\"><span lang=\"en-US\">O lun\u0103 mai t\u00e2rziu, Mihai Busuioc s-a num\u0103rat printre oficialii <a href=\"https:\/\/www.digi24.ro\/stiri\/actualitate\/justitie\/legea-gratierii\/secretarul-general-al-guvernului-audiat-la-dna-671156\" data-skip-linkfix=\"1\">audia\u0163i de DNA<\/a> \u00een dosarul adopt\u0103rii OUG 13 privind modificarea Codurilor penale.\u00a0<\/span><\/p>\n<h3>L-a dat afar\u0103 pe t\u00e2n\u0103rul angajat de Victor Ponta<\/h3>\n<p data-index=\"5\">Una din primele decizii semnate de Mihai Busuioc, odat\u0103 instalat la SGG, a fost demiterea lui Cristian Botan, un t\u00e2n\u0103r angajat pe vremea guvern\u0103rii Ponta. De\u0219i ar mai fi fost nevoie de experien\u021ba lui \u00een echipa guvernamental\u0103, noul secretar general al Guvernului, Mihai Busuioc, a considerat c\u0103 Botan este \u201ecolabora\u021bionist\u201d, \u00een sensul c\u0103 \u201ea colaborat cu tehnocra\u021bii\u201d \u0219i \u00een consecin\u021b\u0103 este \u201eomul lui Ciolo\u0219\u201d.<\/p>\n<p data-index=\"6\">Botan a explicat\u00a0contextul:\u00a0\u201eMul\u021bi colaboratori \u0219i prieteni apropia\u021bi m-au \u00eentrebat cum e atmosfera la Palatul Victoria \u00een ultima vreme \u0219i dac\u0103 sunt \u00een regul\u0103. Pentru clarificare, \u00een data de 4 ianuarie 2017, prin ordinul noului secretar general al Guvernului, domnul Mihai Busuioc, am fost revocat din func\u021bia de consilier \u00een cadrul Cancelariei Prim-ministrului. Sunt cumva onorat de importan\u021ba pe care mi-au acordat-o, lu\u00e2nd decizia respectiv\u0103 chiar \u00een seara depunerii jur\u0103m\u00e2ntului la Cotroceni&#8221;, <a href=\"https:\/\/www.digi24.ro\/stiri\/actualitate\/politica\/un-specialist-angajat-de-ponta-la-guvern-dat-afara-de-grindeanu-pentru-ca-a-colaborat-cu-tehnocratii-675617\" data-skip-linkfix=\"1\">scria t\u00e2n\u0103rul pe Facebook<\/a>.<\/p>\n<h3>Dragnea, acuzat c\u0103-l \u0163ine \u00een bra\u0163e<\/h3>\n<p data-index=\"7\">\u00cen 2014, postul controlat de Sebastian Ghi\u0163\u0103 \u015fi apropiat de PSD, acuza faptul c\u0103 <a href=\"https:\/\/www.digi24.ro\/stiri\/actualitate\/politica\/mihai-busuioc-numit-in-functia-de-secretar-general-al-guvernului-643825\" data-skip-linkfix=\"1\">vicepremierul Dragnea nu scap\u0103 de oamenii\u00a0PDL<\/a> din Guvernul Ponta.<\/p>\n<p data-index=\"8\">De ce era men\u0163ionat vicepremierul, iar nu premierul,? Pentru c\u0103 Busuioc fusese p\u0103strat \u00een func\u0163ia de la Ministerul Dezvolt\u0103rii.\u00a0\u201eLiviu Dragnea a ajuns s\u0103 protejeze \u00een func\u0163ii-cheie oamenii PDL-ului, asta chiar dac\u0103 el \u00eensu\u015fi le-a cerut colegilor s\u0103 dea afar\u0103 din conducerea ministerelor reprezentan\u0163ii PDL \u015fi PNL, transmite Rom\u00e2nia TV. Mihai Busuioc este \u00een continuare secretar general adjunct \u00een ministerul condus de vicepremierul Liviu Dragnea, cel al Dezvolt\u0103rii Regionale, chiar dac\u0103 este membru al organiza\u0163iei PDL sector 4. Mihai Busuioc a primit primele func\u0163ii importante \u00eenc\u0103 din timpul guvern\u0103rii Alian\u0163ei DA. Astfel, \u00een 2006 a fost numit \u015fef al Autorit\u0103\u0163ii Na\u0163ionale de Cadastru, iar numele s\u0103u a fost vehiculat \u00een leg\u0103tur\u0103 cu unele afaceri cu retroced\u0103ri. Postul de la ANCPI l-a de\u0163inut p\u00e2n\u0103 \u00een mai 2012, c\u00e2nd a fost demis de c\u0103tre Victor Ponta, proasp\u0103t numit premier\u201d.<\/p>\n<p data-index=\"9\">Potrivit unor surse, Mihai Busuioc ar fi\u00a0un personaj important din angrenajul Elenei Udrea.<\/p>\n<h3>Demis de premierul Ponta<\/h3>\n<p data-index=\"10\">Atunci, \u00een 2012, Mihai Busuioc a fost demis de \u00a0Ponta din func\u0163ia de \u015fef al Agen\u0163iei Na\u0163ionale de Cadastru \u015fi Publicitate Imobiliar\u0103 \u00eentr-un context interesant. C\u0103ci dou\u0103 luni mai t\u00e2rziu, Corpul de Control al Guvernului g\u0103sea mai multe nereguli legate de un proiect al agen\u0163iei pentru care fusese contractat un \u00eemprumut de la BIRD, \u00een valoare de 47 de milioane de euro. Potrivit mass-media, numele lui Busuioc fusese legat de aceast\u0103 situa\u0163ie.<\/p>\n<p data-index=\"11\">\u00a0<\/p>\n<\/div>\n<p> Source URL: https:\/\/www.digi24.ro\/stiri\/actualitate\/politica\/omul-care-l-tine-in-sah-pe-grindeanu-dat-afara-de-ponta-tinut-in-brate-de-dragnea-744183<\/p>\n","protected":false},"excerpt":{"rendered":"<p>Secretarul general al Guvernului a devenit omul momentului, \u00een condi\u0163iile \u00een care refuz\u0103 s\u0103 contrasemneze ordinul premierului Sorin Grindeanu prin care dispunea eliberarea sa din func\u021bie. Absen\u021ba semn\u0103turii lui Mihai Busuioc face imposibil\u0103 publicarea \u00een Monitorul Oficial a deciziei luate de Grindeanu, afect\u00e2nd totodat\u0103 strategia premierului \u00een r\u0103zboiul cu pre\u015fedintele PSD, Liviu Dragnea. Busuioc a [&hellip;]<\/p>\n","protected":false},"author":1,"featured_media":139319,"comment_status":"open","ping_status":"","sticky":false,"template":"","format":"standard","meta":{"footnotes":""},"categories":[2],"tags":[11],"class_list":["post-139318","post","type-post","status-publish","format-standard","has-post-thumbnail","hentry","category-politics","tag-digi24"],"_links":{"self":[{"href":"https:\/\/analyse.optim.biz\/index.php?rest_route=\/wp\/v2\/posts\/139318","targetHints":{"allow":["GET"]}}],"collection":[{"href":"https:\/\/analyse.optim.biz\/index.php?rest_route=\/wp\/v2\/posts"}],"about":[{"href":"https:\/\/analyse.optim.biz\/index.php?rest_route=\/wp\/v2\/types\/post"}],"author":[{"embeddable":true,"href":"https:\/\/analyse.optim.biz\/index.php?rest_route=\/wp\/v2\/users\/1"}],"replies":[{"embeddable":true,"href":"https:\/\/analyse.optim.biz\/index.php?rest_route=%2Fwp%2Fv2%2Fcomments&post=139318"}],"version-history":[{"count":0,"href":"https:\/\/analyse.optim.biz\/index.php?rest_route=\/wp\/v2\/posts\/139318\/revisions"}],"wp:featuredmedia":[{"embeddable":true,"href":"https:\/\/analyse.optim.biz\/index.php?rest_route=\/wp\/v2\/media\/139319"}],"wp:attachment":[{"href":"https:\/\/analyse.optim.biz\/index.php?rest_route=%2Fwp%2Fv2%2Fmedia&parent=139318"}],"wp:term":[{"taxonomy":"category","embeddable":true,"href":"https:\/\/analyse.optim.biz\/index.php?rest_route=%2Fwp%2Fv2%2Fcategories&post=139318"},{"taxonomy":"post_tag","embeddable":true,"href":"https:\/\/analyse.optim.biz\/index.php?rest_route=%2Fwp%2Fv2%2Ftags&post=139318"}],"curies":[{"name":"wp","href":"https:\/\/api.w.org\/{rel}","templated":true}]}}