{"id":139315,"date":"2017-06-16T16:35:14","date_gmt":"2017-06-16T13:35:14","guid":{"rendered":"https:\/\/analyse.optim.biz\/?p=139315"},"modified":"2017-06-16T16:35:14","modified_gmt":"2017-06-16T13:35:14","slug":"surse-la-iasi-un-singur-parlamentar-psd-ar-vota-motiunea-de-cenzura","status":"publish","type":"post","link":"https:\/\/analyse.optim.biz\/?p=139315","title":{"rendered":"Surse: La Ia\u015fi, un singur parlamentar PSD ar vota mo\u0163iunea de cenzur\u0103"},"content":{"rendered":"<div class=\"entry data-app-meta data-app-meta-article\" data-embed-base-url-canonical=\"https:\/\/www.digi24.ro\/embed\/stiri\/actualitate\/politica\/surse-la-iasi-un-singur-parlamentar-psd-ar-vota-motiunea-de-cenzura-744272\">\n<p data-index=\"1\"><strong>Doar un ales din cei nou\u0103 ai PSD Ia\u015fi ar vota mo\u0163iunea de cenzur\u0103 \u00eempotriva guvernului Grindeanu, au declarat vineri surse din cadrul filialei ie\u015fene a PSD, care sus\u0163in c\u0103 situa\u0163ia este &#8220;delicat\u0103\u201d, \u00eentruc\u00e2t majoritatea ale\u015filor social-democra\u0163ilor de Ia\u015fi nu doresc c\u0103derea Executivului.<\/strong><\/p>\n<div class=\"article-share\">\n<p data-index=\"2\"><img loading=\"lazy\" decoding=\"async\" class=\"alignnone size-full wp-image-685101\" src=\"https:\/\/analyse.optim.biz\/wp-content\/uploads\/2024\/09\/ptqxngzhnjzhztq2yzqzmgq3mzfmzdnkodgyytiwodyz-thumb_.jpg\" width=\"686\" height=\"426\" data-skip-htmlfix=\"1\" title=\"ptqxngzhnjzhztq2yzqzmgq3mzfmzdnkodgyytiwodyz-thumb_\"><\/p>\n<p data-index=\"3\">Surse din cadrul PSD Ia\u015fi au precizat, vineri, pentru News.ro c\u0103 deocamdat\u0103 doar un singur parlamentar din cei nou\u0103 ai organiza\u0163iei, respectiv senatorul Victorel Lupu, s-ar fi exprimat tran\u015fant \u00een favoarea mo\u0163iunii de cenzur\u0103.<\/p>\n<p data-index=\"4\">Acelea\u015fi surse au afirmat c\u0103 dintre ceilal\u0163i opt ale\u015fi ai PSD Ia\u015fi, unii ezit\u0103 s\u0103 se pronun\u0163e, \u00eens\u0103 &#8220;cei mai mul\u0163i nu vor vota pentru mo\u0163iune\u201d.<\/p>\n<p data-index=\"5\">&#8220;Situa\u0163ia este delicat\u0103. Doar senatorul Victorel Lupu s-a pronun\u0163at pentru mo\u0163iune. O bun\u0103 parte nu vor vota pentru mo\u0163iune, \u015fi aici vorbim despre cei care \u00eel sus\u0163in pe Mihai Chirica. Au prins locuri pe listele de la parlamentare cu sprijinul lui. Mai este deputatul Nicolae B\u0103nicioiu, care, de asemenea, este \u00een tab\u0103ra Grindeanu\u201d, au precizat surse din cadrul PSD Ia\u015fi, citate de News.ro.<\/p>\n<p data-index=\"6\">Acelea\u015fi surse au afirmat c\u0103 \u00een cadrul \u015fedin\u0163ei de vineri a Biroului Permanent Jude\u0163ean PSD Ia\u015fi, deputatul Camelia Gavril\u0103 ar fi spus c\u0103 plecarea guvernului Grindeanu nu este o solu\u0163ie bun\u0103, dup\u0103 care ea a lipsit de la reuniunea Comitetului Executiv Jude\u0163ean al filialei.<\/p>\n<p data-index=\"7\">Comitetul Executiv Jude\u0163ean al PSD Ia\u015fi a decis, vineri dup\u0103-amiaz\u0103, sus\u0163inerea mo\u0163iunii de cenzur\u0103 pe care PSD o va ini\u0163ia s\u0103pt\u0103m\u00e2na viitoare \u00eempotriva guvernului Grindeanu.<\/p>\n<h3>\u015eedin\u0163\u0103 \u00eentrerupt\u0103<\/h3>\n<\/div>\n<p data-index=\"8\">\u00cen alt\u0103 ordine de idei, News.ro mai transmite c\u0103 \u015fedin\u0163a Comitetului Executiv al PSD Ia\u015fi, la care a fost luat\u0103 \u00een discu\u0163ie sus\u0163inerea filialei pentru mo\u0163iunea de cenzur\u0103, a fost \u00eentrerupt\u0103, vineri dup\u0103-amiaz\u0103, dup\u0103 ce \u00een sal\u0103 \u015fi-a f\u0103cut apari\u0163ia primarul Mihai Chirica.<\/p>\n<p data-index=\"9\">Mai\u00a0mul\u0163i edili PSD din jude\u0163 i-au repro\u015fat acestuia <a href=\"https:\/\/www.digi24.ro\/stiri\/actualitate\/politica\/mihai-chirica-descrie-cum-decurge-o-executie-in-cex-ul-psd-743954\" data-skip-linkfix=\"1\">atitudinea pro-Grindeanu<\/a>. Un primar din jude\u0163 a propus chiar excluderea lui Mihai Chirica din partid, \u00eens\u0103 acest lucru nu a fost luat \u00een discu\u0163ie \u00een cadrul \u015fedin\u0163ei PSD Ia\u015fi.<\/p>\n<div class=\"article-share\">\u00a0<\/div>\n<\/div>\n<p> Source URL: https:\/\/www.digi24.ro\/stiri\/actualitate\/politica\/surse-la-iasi-un-singur-parlamentar-psd-ar-vota-motiunea-de-cenzura-744272<\/p>\n","protected":false},"excerpt":{"rendered":"<p>Doar un ales din cei nou\u0103 ai PSD Ia\u015fi ar vota mo\u0163iunea de cenzur\u0103 \u00eempotriva guvernului Grindeanu, au declarat vineri surse din cadrul filialei ie\u015fene a PSD, care sus\u0163in c\u0103 situa\u0163ia este &#8220;delicat\u0103\u201d, \u00eentruc\u00e2t majoritatea ale\u015filor social-democra\u0163ilor de Ia\u015fi nu doresc c\u0103derea Executivului. Surse din cadrul PSD Ia\u015fi au precizat, vineri, pentru News.ro c\u0103 deocamdat\u0103 [&hellip;]<\/p>\n","protected":false},"author":1,"featured_media":139316,"comment_status":"open","ping_status":"","sticky":false,"template":"","format":"standard","meta":{"footnotes":""},"categories":[2],"tags":[11],"class_list":["post-139315","post","type-post","status-publish","format-standard","has-post-thumbnail","hentry","category-politics","tag-digi24"],"_links":{"self":[{"href":"https:\/\/analyse.optim.biz\/index.php?rest_route=\/wp\/v2\/posts\/139315","targetHints":{"allow":["GET"]}}],"collection":[{"href":"https:\/\/analyse.optim.biz\/index.php?rest_route=\/wp\/v2\/posts"}],"about":[{"href":"https:\/\/analyse.optim.biz\/index.php?rest_route=\/wp\/v2\/types\/post"}],"author":[{"embeddable":true,"href":"https:\/\/analyse.optim.biz\/index.php?rest_route=\/wp\/v2\/users\/1"}],"replies":[{"embeddable":true,"href":"https:\/\/analyse.optim.biz\/index.php?rest_route=%2Fwp%2Fv2%2Fcomments&post=139315"}],"version-history":[{"count":0,"href":"https:\/\/analyse.optim.biz\/index.php?rest_route=\/wp\/v2\/posts\/139315\/revisions"}],"wp:featuredmedia":[{"embeddable":true,"href":"https:\/\/analyse.optim.biz\/index.php?rest_route=\/wp\/v2\/media\/139316"}],"wp:attachment":[{"href":"https:\/\/analyse.optim.biz\/index.php?rest_route=%2Fwp%2Fv2%2Fmedia&parent=139315"}],"wp:term":[{"taxonomy":"category","embeddable":true,"href":"https:\/\/analyse.optim.biz\/index.php?rest_route=%2Fwp%2Fv2%2Fcategories&post=139315"},{"taxonomy":"post_tag","embeddable":true,"href":"https:\/\/analyse.optim.biz\/index.php?rest_route=%2Fwp%2Fv2%2Ftags&post=139315"}],"curies":[{"name":"wp","href":"https:\/\/api.w.org\/{rel}","templated":true}]}}