{"id":139304,"date":"2017-06-16T17:11:20","date_gmt":"2017-06-16T14:11:20","guid":{"rendered":"https:\/\/analyse.optim.biz\/?p=139304"},"modified":"2017-06-16T17:11:20","modified_gmt":"2017-06-16T14:11:20","slug":"dosarul-mineriada-coposu-i-a-propus-lui-iliescu-sa-preia-sefia-pntcd","status":"publish","type":"post","link":"https:\/\/analyse.optim.biz\/?p=139304","title":{"rendered":"Dosarul Mineriada | Coposu i-a propus lui Iliescu s\u0103 preia \u0219efia PN\u021aCD"},"content":{"rendered":"<div class=\"entry data-app-meta data-app-meta-article\" data-embed-base-url-canonical=\"https:\/\/www.digi24.ro\/embed\/stiri\/actualitate\/justitie\/dosarul-mineriada-coposu-i-a-propus-lui-iliescu-sa-preia-sefia-pntcd-744293\">\n<p data-index=\"1\"><strong>Noi detalii ies la iveal\u0103 despre zilele tumultoase de la \u00eenceputul primului an de democra\u0163ie. \u00cen ianuarie 1990, Ion Iliescu a primit o ofert\u0103 cel pu\u0163in surprinz\u0103toare: s\u0103 intre \u00een PN\u0162CD, ba chiar s\u0103 preia conducerea partidului abia re\u00eenfiin\u0163at.<\/strong><\/p>\n<p data-index=\"2\">Se \u00eent\u00e2mpla imediat ce fostul Front al Salv\u0103rii Na\u0163ionale, care controla parlamentul \u015fi guvernul privizoriu, dar \u015fi toate institu\u0163iile de for\u0163\u0103, \u015fi-a anun\u0163at inten\u0163ia de a deveni partid \u015fi de a candida la urm\u0103toarele alegeri.<\/p>\n<p data-index=\"3\">Potrivit rechizitoriului ajuns pe masa judec\u0103torilor, propunerea de a prelua conducerea PN\u021aCD a venit din partea lui Corneliu Coposu, \u00een timpul \u00eent\u00e2lnirii cu Ion Iliescu \u0219i cu liberalii din 28 ianuarie 1990, \u00een sediul Guvernului.<\/p>\n<p data-index=\"4\">\u00cen acea zi a avut loc un miting al partidelor istorice, PN\u021aCD \u0219i PNL, urmat a doua zi de violen\u021bele cunoscute \u00een istoria recent\u0103 ca prima mineriad\u0103.<\/p>\n<\/div>\n<p> Source URL: https:\/\/www.digi24.ro\/stiri\/actualitate\/justitie\/dosarul-mineriada-coposu-i-a-propus-lui-iliescu-sa-preia-sefia-pntcd-744293<\/p>\n","protected":false},"excerpt":{"rendered":"<p>Noi detalii ies la iveal\u0103 despre zilele tumultoase de la \u00eenceputul primului an de democra\u0163ie. \u00cen ianuarie 1990, Ion Iliescu a primit o ofert\u0103 cel pu\u0163in surprinz\u0103toare: s\u0103 intre \u00een PN\u0162CD, ba chiar s\u0103 preia conducerea partidului abia re\u00eenfiin\u0163at. Se \u00eent\u00e2mpla imediat ce fostul Front al Salv\u0103rii Na\u0163ionale, care controla parlamentul \u015fi guvernul privizoriu, dar [&hellip;]<\/p>\n","protected":false},"author":1,"featured_media":139305,"comment_status":"open","ping_status":"","sticky":false,"template":"","format":"standard","meta":{"footnotes":""},"categories":[2],"tags":[11],"class_list":["post-139304","post","type-post","status-publish","format-standard","has-post-thumbnail","hentry","category-politics","tag-digi24"],"_links":{"self":[{"href":"https:\/\/analyse.optim.biz\/index.php?rest_route=\/wp\/v2\/posts\/139304","targetHints":{"allow":["GET"]}}],"collection":[{"href":"https:\/\/analyse.optim.biz\/index.php?rest_route=\/wp\/v2\/posts"}],"about":[{"href":"https:\/\/analyse.optim.biz\/index.php?rest_route=\/wp\/v2\/types\/post"}],"author":[{"embeddable":true,"href":"https:\/\/analyse.optim.biz\/index.php?rest_route=\/wp\/v2\/users\/1"}],"replies":[{"embeddable":true,"href":"https:\/\/analyse.optim.biz\/index.php?rest_route=%2Fwp%2Fv2%2Fcomments&post=139304"}],"version-history":[{"count":0,"href":"https:\/\/analyse.optim.biz\/index.php?rest_route=\/wp\/v2\/posts\/139304\/revisions"}],"wp:featuredmedia":[{"embeddable":true,"href":"https:\/\/analyse.optim.biz\/index.php?rest_route=\/wp\/v2\/media\/139305"}],"wp:attachment":[{"href":"https:\/\/analyse.optim.biz\/index.php?rest_route=%2Fwp%2Fv2%2Fmedia&parent=139304"}],"wp:term":[{"taxonomy":"category","embeddable":true,"href":"https:\/\/analyse.optim.biz\/index.php?rest_route=%2Fwp%2Fv2%2Fcategories&post=139304"},{"taxonomy":"post_tag","embeddable":true,"href":"https:\/\/analyse.optim.biz\/index.php?rest_route=%2Fwp%2Fv2%2Ftags&post=139304"}],"curies":[{"name":"wp","href":"https:\/\/api.w.org\/{rel}","templated":true}]}}