{"id":139301,"date":"2017-06-16T17:12:19","date_gmt":"2017-06-16T14:12:19","guid":{"rendered":"https:\/\/analyse.optim.biz\/?p=139301"},"modified":"2017-06-16T17:12:19","modified_gmt":"2017-06-16T14:12:19","slug":"monitorul-subordonat-sgg-tocmai-de-victor-ponta","status":"publish","type":"post","link":"https:\/\/analyse.optim.biz\/?p=139301","title":{"rendered":"Monitorul, subordonat SGG tocmai de Victor Ponta"},"content":{"rendered":"<div class=\"entry data-app-meta data-app-meta-article\" data-embed-base-url-canonical=\"https:\/\/www.digi24.ro\/embed\/stiri\/actualitate\/politica\/ironia-sortii-monitorul-oficial-subordonat-sgg-tocmai-de-victor-ponta-744295\">\n<p data-index=\"1\"><strong>Monitorul Oficial, institu\u021bia care ar trebui s\u0103 publice decizia de demitere a secretarului general al Guvernului, Mihai Busuioc, \u0219i eventual pe cea de \u00eenlocuire a acestuia cu Victor Ponta, a fost trecut\u0103 \u00een subordinea Secretariatului General al Guvernului (SGG), \u00een 2012, tocmai de c\u0103tre Victor Ponta. Mihai Busuioc refuz\u0103 acum publicarea deciziei de \u00eenlocuire a sa.<\/strong><\/p>\n<p data-index=\"2\"><img loading=\"lazy\" decoding=\"async\" class=\"alignnone size-full wp-image-744298\" src=\"https:\/\/analyse.optim.biz\/wp-content\/uploads\/2024\/09\/dz04mdamagfzad1jyzu4ndjmmdnkmjblndiwntjhyzg1yzjlnjayzgyyma-thumb_.jpg\" width=\"800\" height=\"534\" data-skip-htmlfix=\"1\" title=\"dz04mdamagfzad1jyzu4ndjmmdnkmjblndiwntjhyzg1yzjlnjayzgyyma-thumb_\"><\/p>\n<p data-index=\"3\">Transferul MO la SGG a avut loc \u00een iunie 2012, iar acum Mihai Busuioc se folose\u0219te de puterea conferit\u0103 de acest transfer pentru a nu \u00eenainta MO decizia lui Sorin Grindeanu de \u00eenlocuire a sa.<\/p>\n<p data-index=\"4\">\u00cenainte de trecerea MO la SGG, Monitorul se afla sub tutela Camerei Deputa\u021bilor. O Ordona\u021b\u0103 de Urgen\u021b\u0103 adoptat\u0103 de guvernul Victor Ponta \u00een iunie 2012 a prev\u0103zut modificarea Legii de organizare a Monitorului Oficial al Rom\u00e2niei.<\/p>\n<p data-index=\"5\">Potrivit unor surse Digi24, Victor Ponta urma s\u0103 fie numit \u00een func\u021bia de Secretar General al Guvernului de c\u0103tre Sorin Grindeanu.<\/p>\n<p data-index=\"6\">OUG 36 a stipulat c\u0103 R.A Monitorul Oficial se va reorganiza ca Regia Autonom\u0103 Persoan\u0103 Juridic\u0103 \u0219i \u00ee\u015fi va desf\u0103\u015fura activitatea \u00een interesul public na\u0163ional \u015fi va func\u0163iona pe baz\u0103 de gestiune economic\u0103 \u015fi autonomie financiar\u0103 sub autoritatea Guvernului Rom\u00e2niei, exercitat\u0103 de Secretariatul General al Guvernului.<\/p>\n<p data-index=\"7\">Executivul Ponta a sus\u0163inut atunci c\u0103 ordonan\u0163a de urgen\u0163\u0103 a fost trimis\u0103 \u0163in\u00e2nd cont de faptul c\u0103 la nivelul R.A Monitorul Oficial se manifestau disfunc\u0163ionalit\u0103\u0163i importante.<\/p>\n<p data-index=\"8\">Decizia Guvernului venise la c\u00e2teva ore dup\u0103 ce Curtea Constitu\u0163ional\u0103 decisese c\u0103 Rom\u00e2nia s\u0103 fie reprezentat\u0103 de pre\u015fedintele Traian B\u0103sescu la Consiliul European \u015fi dup\u0103 ce a respins Legea uninominalului pur (Ponta-Antonescu), declar\u00e2nd-o complet neconstitu\u0163ional\u0103, dar \u015fi modific\u0103rile la Legea Educa\u0163iei Na\u0163ionale.<\/p>\n<\/div>\n<p> Source URL: https:\/\/www.digi24.ro\/stiri\/actualitate\/politica\/ironia-sortii-monitorul-oficial-subordonat-sgg-tocmai-de-victor-ponta-744295<\/p>\n","protected":false},"excerpt":{"rendered":"<p>Monitorul Oficial, institu\u021bia care ar trebui s\u0103 publice decizia de demitere a secretarului general al Guvernului, Mihai Busuioc, \u0219i eventual pe cea de \u00eenlocuire a acestuia cu Victor Ponta, a fost trecut\u0103 \u00een subordinea Secretariatului General al Guvernului (SGG), \u00een 2012, tocmai de c\u0103tre Victor Ponta. Mihai Busuioc refuz\u0103 acum publicarea deciziei de \u00eenlocuire a [&hellip;]<\/p>\n","protected":false},"author":1,"featured_media":139302,"comment_status":"open","ping_status":"","sticky":false,"template":"","format":"standard","meta":{"footnotes":""},"categories":[2],"tags":[11],"class_list":["post-139301","post","type-post","status-publish","format-standard","has-post-thumbnail","hentry","category-politics","tag-digi24"],"_links":{"self":[{"href":"https:\/\/analyse.optim.biz\/index.php?rest_route=\/wp\/v2\/posts\/139301","targetHints":{"allow":["GET"]}}],"collection":[{"href":"https:\/\/analyse.optim.biz\/index.php?rest_route=\/wp\/v2\/posts"}],"about":[{"href":"https:\/\/analyse.optim.biz\/index.php?rest_route=\/wp\/v2\/types\/post"}],"author":[{"embeddable":true,"href":"https:\/\/analyse.optim.biz\/index.php?rest_route=\/wp\/v2\/users\/1"}],"replies":[{"embeddable":true,"href":"https:\/\/analyse.optim.biz\/index.php?rest_route=%2Fwp%2Fv2%2Fcomments&post=139301"}],"version-history":[{"count":0,"href":"https:\/\/analyse.optim.biz\/index.php?rest_route=\/wp\/v2\/posts\/139301\/revisions"}],"wp:featuredmedia":[{"embeddable":true,"href":"https:\/\/analyse.optim.biz\/index.php?rest_route=\/wp\/v2\/media\/139302"}],"wp:attachment":[{"href":"https:\/\/analyse.optim.biz\/index.php?rest_route=%2Fwp%2Fv2%2Fmedia&parent=139301"}],"wp:term":[{"taxonomy":"category","embeddable":true,"href":"https:\/\/analyse.optim.biz\/index.php?rest_route=%2Fwp%2Fv2%2Fcategories&post=139301"},{"taxonomy":"post_tag","embeddable":true,"href":"https:\/\/analyse.optim.biz\/index.php?rest_route=%2Fwp%2Fv2%2Ftags&post=139301"}],"curies":[{"name":"wp","href":"https:\/\/api.w.org\/{rel}","templated":true}]}}