{"id":139298,"date":"2017-06-16T17:18:53","date_gmt":"2017-06-16T14:18:53","guid":{"rendered":"https:\/\/analyse.optim.biz\/?p=139298"},"modified":"2017-06-16T17:18:53","modified_gmt":"2017-06-16T14:18:53","slug":"parlamentarii-psd-obligati-sa-isi-amane-concediile-pentru-a-fi-prezenti-la-motiune","status":"publish","type":"post","link":"https:\/\/analyse.optim.biz\/?p=139298","title":{"rendered":"Parlamentarii PSD, obliga\u0163i s\u0103 \u00ee\u015fi am\u00e2ne concediile pentru a fi prezen\u0163i la mo\u0163iune"},"content":{"rendered":"<div class=\"entry data-app-meta data-app-meta-article\" data-embed-base-url-canonical=\"https:\/\/www.digi24.ro\/embed\/stiri\/actualitate\/politica\/parlamentarii-psd-obligati-sa-isi-amane-concediile-pentru-a-fi-prezenti-la-motiune-744299\">\n<p data-index=\"1\"><strong>Parlamentarii PSD au fost obliga\u0163i s\u0103 \u00ee\u015fi am\u00e2ne concediile \u015fi deplas\u0103rile programate pentru s\u0103pt\u0103m\u00e2na viitoare astfel \u00eenc\u00e2t s\u0103 fie prezen\u0163i la votarea mo\u0163iunii de cenzur\u0103 \u00eempotriva Guvernului Grindeanu, decizia fiind luat\u0103 la nivelul grupurilor parlamentare din cele dou\u0103 camere. O \u015fedin\u0163\u0103 a Comisiei de Agricultur\u0103 din Camera Deputa\u0163ilor programat\u0103 s\u0103 se desf\u0103\u015foare s\u0103pt\u0103m\u00e2na viitoare \u00een jude\u0163ul Alba \u015fi la care ar fi trebuit s\u0103 participa circa 35 de deputa\u0163i a fost anulat\u0103.<\/strong><\/p>\n<figure class=\"article-thumb\"><img decoding=\"async\" src=\"https:\/\/analyse.optim.biz\/wp-content\/uploads\/2024\/09\/yz0xjmhhc2g9njk5nwu2mzcwyjqzmdnizwizndzjmjkzywzmntm4mge-thumb_.jpg\" alt=\"parlament2\" data-skip-htmlfix=\"1\" title=\"yz0xjmhhc2g9njk5nwu2mzcwyjqzmdnizwizndzjmjkzywzmntm4mge-thumb_\"><figcaption> Foto: Inquam Photos \/ Octav Ganea <\/figcaption><\/figure>\n<p data-index=\"2\">Pre\u015fedintele PSD Alba, deputatul Ioan D\u00eerzu, a declarat, vineri, pentru News.ro, c\u0103 parlamentarilor PSD li s-a cerut s\u0103 \u00ee\u015fi am\u00e2ne concediile \u015fi posibilele deplas\u0103ri programate pentru s\u0103pt\u0103m\u00e2na viitoare, astfel \u00eenc\u00e2t s\u0103 fie prezen\u0163i la votarea mo\u0163iunii de cenzur\u0103 \u00eempotriva Guvernului Grindeanu, decizia fiind luat\u0103 la nivelul grupurilor parlamentare din cele dou\u0103 camere.<\/p>\n<p data-index=\"3\">D\u00eerzu a spus c\u0103 \u00een jude\u0163ul Alba era programat\u0103 s\u0103 se desf\u0103\u015foare, s\u0103pt\u0103m\u00e2na viitoare, o \u015fedin\u0163\u0103 a Comisiei de Agricultur\u0103, Silvicultur\u0103, Industrie Alimentar\u0103 \u015fi servicii specifice din Camera Deputa\u0163ilor \u015fi la care ar fi trebuit s\u0103 participe circa 35 de deputa\u0163i, \u00eens\u0103 s-a decis anularea acestei \u00eent\u00e2lniri astfel \u00eenc\u00e2t parlamentarii s\u0103 poat\u0103 fi \u00een Bucure\u015fti pentru votarea mo\u0163iunii de cenzur\u0103.<\/p>\n<p data-index=\"4\">\u201eS-a luat decizia la nivelul grupului parlamentar ca to\u0163i parlamentarii s\u0103 renun\u0163e la deplas\u0103rile interne sau externe, dar \u015fi la concediile de odihn\u0103 programate s\u0103pt\u0103m\u00e2na viitoare. Este o decizie luat\u0103 pentru a ne putea mobiliza pentru ceea ce este mai important &#8211; mo\u0163iunea de cenzur\u0103. \u00cencep\u00e2nd de luni, to\u0163i parlamentarii PSD vor fi prezen\u0163i la lucr\u0103rile Parlamentului\u201d, a mai spus Ioan D\u00eerzu.<\/p>\n<p data-index=\"5\">\u00centrebat dac\u0103 Liviu Dragnea le-a cerut prezen\u0163a obligatorie la lucr\u0103rile Parlamentului de s\u0103pt\u0103m\u00e2na viitoare, Ioan D\u00eerzu a r\u0103spuns c\u0103 a fost o decizie a liderilor de grup.<\/p>\n<p data-index=\"6\"><em>Sursa: News.ro<\/em><\/p>\n<\/div>\n<p> Source URL: https:\/\/www.digi24.ro\/stiri\/actualitate\/politica\/parlamentarii-psd-obligati-sa-isi-amane-concediile-pentru-a-fi-prezenti-la-motiune-744299<\/p>\n","protected":false},"excerpt":{"rendered":"<p>Parlamentarii PSD au fost obliga\u0163i s\u0103 \u00ee\u015fi am\u00e2ne concediile \u015fi deplas\u0103rile programate pentru s\u0103pt\u0103m\u00e2na viitoare astfel \u00eenc\u00e2t s\u0103 fie prezen\u0163i la votarea mo\u0163iunii de cenzur\u0103 \u00eempotriva Guvernului Grindeanu, decizia fiind luat\u0103 la nivelul grupurilor parlamentare din cele dou\u0103 camere. O \u015fedin\u0163\u0103 a Comisiei de Agricultur\u0103 din Camera Deputa\u0163ilor programat\u0103 s\u0103 se desf\u0103\u015foare s\u0103pt\u0103m\u00e2na viitoare \u00een [&hellip;]<\/p>\n","protected":false},"author":1,"featured_media":139299,"comment_status":"open","ping_status":"","sticky":false,"template":"","format":"standard","meta":{"footnotes":""},"categories":[2],"tags":[11],"class_list":["post-139298","post","type-post","status-publish","format-standard","has-post-thumbnail","hentry","category-politics","tag-digi24"],"_links":{"self":[{"href":"https:\/\/analyse.optim.biz\/index.php?rest_route=\/wp\/v2\/posts\/139298","targetHints":{"allow":["GET"]}}],"collection":[{"href":"https:\/\/analyse.optim.biz\/index.php?rest_route=\/wp\/v2\/posts"}],"about":[{"href":"https:\/\/analyse.optim.biz\/index.php?rest_route=\/wp\/v2\/types\/post"}],"author":[{"embeddable":true,"href":"https:\/\/analyse.optim.biz\/index.php?rest_route=\/wp\/v2\/users\/1"}],"replies":[{"embeddable":true,"href":"https:\/\/analyse.optim.biz\/index.php?rest_route=%2Fwp%2Fv2%2Fcomments&post=139298"}],"version-history":[{"count":0,"href":"https:\/\/analyse.optim.biz\/index.php?rest_route=\/wp\/v2\/posts\/139298\/revisions"}],"wp:featuredmedia":[{"embeddable":true,"href":"https:\/\/analyse.optim.biz\/index.php?rest_route=\/wp\/v2\/media\/139299"}],"wp:attachment":[{"href":"https:\/\/analyse.optim.biz\/index.php?rest_route=%2Fwp%2Fv2%2Fmedia&parent=139298"}],"wp:term":[{"taxonomy":"category","embeddable":true,"href":"https:\/\/analyse.optim.biz\/index.php?rest_route=%2Fwp%2Fv2%2Fcategories&post=139298"},{"taxonomy":"post_tag","embeddable":true,"href":"https:\/\/analyse.optim.biz\/index.php?rest_route=%2Fwp%2Fv2%2Ftags&post=139298"}],"curies":[{"name":"wp","href":"https:\/\/api.w.org\/{rel}","templated":true}]}}