{"id":1392726,"date":"2026-01-23T08:59:31","date_gmt":"2026-01-23T05:59:31","guid":{"rendered":"https:\/\/analyse.optim.biz\/?p=1392726"},"modified":"2026-01-23T08:59:31","modified_gmt":"2026-01-23T05:59:31","slug":"comuna-golesti-se-pregateste-sa-intre-oficial-in-comunitatea-satelor-europene-de-tineret","status":"publish","type":"post","link":"https:\/\/analyse.optim.biz\/?p=1392726","title":{"rendered":"Comuna Gole\u0219ti se preg\u0103te\u0219te s\u0103 intre oficial \u00een comunitatea Satelor Europene de Tineret"},"content":{"rendered":"<article id=\"196033\" class=\"post-196033 post type-post status-publish format-standard has-post-thumbnail hentry category-invatamant category-social tag-comuna-golesti tag-comunitate tag-oficial tag-satele-europene-de-tineret\">\n<header class=\"post-header\">\n<ul class=\"breadcrumbs\">\n<li><a href=\"https:\/\/www.curierul.ro\">Home<\/a><\/li>\n<li class=\"breadcrumbs-active .category-invatamant\"><a href=\"https:\/\/www.curierul.ro\/index.php?cat=47\">Invatamant<\/a><\/li>\n<li class=\"breadcrumbs-active .category-invatamant\">Comuna Gole\u0219ti se preg\u0103te\u0219te s\u0103 intre oficial \u00een comunitatea Satelor Europene de Tineret<\/li>\n<\/ul>\n<div class=\"featured-photo\"><img loading=\"lazy\" decoding=\"async\" width=\"1280\" height=\"1600\" src=\"https:\/\/analyse.optim.biz\/wp-content\/uploads\/2026\/01\/golesti-25-01-3.jpeg\" class=\"attachment-single size-single wp-post-image\" title=\"golesti-25-01-3\"><\/div>\n<h1 class=\"headline\">Comuna Gole\u0219ti se preg\u0103te\u0219te s\u0103 intre oficial \u00een comunitatea Satelor Europene de Tineret<\/h1>\n<p class=\"byline\">\n\t\tScris de<a href=\"https:\/\/www.curierul.ro\/author\/curierul\/\">Curierul de Valcea<\/a>, \t\t23 ianuarie 2026\t\t\t\t<\/p>\n<hr>\n<\/header>\n<p><strong>Evenimentul de lansare a programului <\/strong>\u201e<strong>Gole\u0219ti \u2013 Sat European de Tineret 2026\u201d va avea loc pe 25 ianuarie 2026, \u00eencep\u00e2nd cu ora 16.00, la C\u0103minul Cultural Blidari. <\/strong><\/p>\n<p>Organizat de c\u0103tre Grupul de ini\u021biativ\u0103 \u201eTinerii Gole\u0219teni\u201d, evenimentul marcheaz\u0103 \u00eenceputul unui nou an plin de implicare \u0219i ini\u021biative dedicate tinerilor, reprezent\u00e2nd totodat\u0103 un moment de celebrare a eforturilor depuse de tinerii din grupul de ini\u021biativ\u0103 pentru a aduce titlul \u00een comuna lor.<\/p>\n<p>Evenimentul este organizat \u00een parteneriat cu \u201eAsocia\u021bia Grow and Glow\u201d, Prim\u0103ria Comunei Gole\u0219ti \u0219i Guvernan\u021ba European Youth Village \u00a0\u0219i\u00a0 se adreseaz\u0103 membrilor comunit\u0103\u021bii care doresc s\u0103 afle mai multe despre ce \u00eenseamn\u0103 acest titlu, ce avem \u00een agend\u0103 pentru 2026 \u0219i va avea urm\u0103torul desf\u0103\u0219ur\u0103tor: semnarea acordului pentru preluarea Titlului, prezentarea <strong>Programului Gole\u0219ti 2026<\/strong>, momente artistice, boardgames pentru toate v\u00e2rstele.\u00a0<\/p>\n<p><strong>Pe parcursul celor 12 luni \u00een care comuna Gole\u0219ti va purta titlul, tinerii vor implementa activit\u0103\u021bile pe care le-au propus \u00een candidatur\u0103 \u0219i vor crea contexte noi de participare pentru ceilal\u021bi tineri din comun\u0103.<\/strong><\/p>\n<p>Prin activit\u0103\u021bile propuse, grupul de ini\u021biativ\u0103 \u00ee\u0219i propune s\u0103 creasc\u0103 nivelul de implicare \u0219i participare al tinerilor \u00een comunitate. Tinerii au planificat numeroase ini\u021biative care s\u0103 aduc\u0103 \u00eempreun\u0103 tineri din Gole\u0219ti \u0219i din celelalte sate v\u00e2lcene, s\u0103 consolideze leg\u0103turi \u0219i s\u0103 creeze o comunitate mai unit\u0103. Printre obiective se num\u0103r\u0103 \u00eenfiin\u021barea Consiliului Tinerilor Gole\u0219teni, organizarea primelor\u00a0 edi\u021bii a Festivalului Tinerilor Gole\u0219teni \u0219i a Crosului Gole\u0219tiului, derularea de activit\u0103\u021bi educative, culturale, sportive \u0219i recreative, precum \u0219i amenajarea unor noi spa\u021bii dedicate tinerilor \u2014 locuri \u00een care ace\u0219tia s\u0103 se \u00eent\u00e2lneasc\u0103 \u0219i s\u0103 se simt\u0103 liberi \u0219i ferici\u021bi \u00een propria comun\u0103.<\/p>\n<p>\u201eOdat\u0103 cu preluarea titlului de Sat European de Tineret 2026, Gole\u0219ti devine un spa\u021biu al dialogului, al ideilor \u0219i al ini\u021biativelor care arat\u0103 c\u0103 &lt;&lt;se poate&gt;&gt; \u0219i la sat. Putem s\u0103 ne unim for\u021bele, s\u0103 \u00eenv\u0103\u021b\u0103m \u00eempreun\u0103, s\u0103 petrecem timpul liber cu folos, s\u0103 fim o comunitate implicat\u0103 civic. Ne asum\u0103m rolul de catalizator pentru dezvoltarea personal\u0103 \u0219i profesional\u0103 a celorlal\u021bi tineri din comuna noastr\u0103\u201d afirm\u0103 tinerii.<\/p>\n<p>Grupul de ini\u021biativ\u0103 <em>\u201e<\/em>Tinerii Gole\u0219teni\u201d s-a format \u00een vara anului 2025 din dorin\u021ba de a face o schimbare \u0219i de a se implica activ \u00een comunitate. \u00cen noiembrie 2025, \u00een cadrul Galei Comunit\u0103\u021bii European Youth Village, \u00een urma unui proces lung de candidatur\u0103,\u00a0 tinerii au\u00a0 ob\u021binut titlul de Sat European de Tineret 2026. Echipa de coordonare este format\u0103 din 10 tineri- Andrei, Gabriela, Edi, Cristi, Iamandi, Daria, M\u0103lina, Alexia, Timeea \u0219i Cezar \u2013 care lucreaz\u0103 \u00eempreun\u0103 pentru a-\u0219i face vocea auzit\u0103 \u0219i pentru a promova valori precum responsabilitatea, toleran\u021ba, colaborarea \u0219i implicarea civic\u0103.<\/p>\n<p><strong><em>Titlul de Sat European de Tineret este acordat \u00een cadrul programului European Youth Village, un program apolitic de organizare comunitar\u0103 a tinerilor din mediul rural, coordonat la nivel na\u021bional de c\u0103tre Asocia\u021bia pentru Dezvoltare Activ\u0103 \u0219i Go Free \u2013 Asocia\u021bia pentru Sprijinirea Societ\u0103\u021bii Civile.<\/em><\/strong><\/p>\n<p><strong>Programul European Youth Village<\/strong> are un rol esen\u021bial \u00een sprijinirea tinerilor din mediul rural din Rom\u00e2nia \u0219i Europa, oferindu-le instrumente, vizibilitate \u0219i un cadru structurat pentru implicare la nivel local, na\u021bional \u0219i european. De la lansarea sa, \u00een urm\u0103 cu aproape 8 ani, programul a sprijinit zeci de comunit\u0103\u021bi rurale din Rom\u00e2nia \u00een crearea de ini\u021biative conduse de tineri, consolidarea particip\u0103rii civice \u0219i construirea de parteneriate sustenabile \u00eentre tineri \u0219i factorii de decizie. Prin promovarea unei abord\u0103ri la firul ierbii, de jos \u00een sus, programul se asigur\u0103 c\u0103 vocile tinerilor din mediul rural nu doar c\u0103 sunt auzite, ci \u0219i influen\u021beaz\u0103 politicile publice care le afecteaz\u0103 via\u021ba.<\/p>\n<p>Patru comune din Rom\u00e2nia vor purta titlul de Sat European de Tineret \u00een 2026: H\u0103ghig (Covasna), Gole\u0219ti (V\u00e2lcea) \u0219i Marginea (Suceava). De asemenea, S\u00e2ncraiu din jude\u021bul Cluj a primit prelungirea pentru \u00eenc\u0103 un an, un moment devenit tradi\u021bie.<\/p>\n<p><em>Programul European Youth Village este coordonat de c\u0103tre Asocia\u021bia pentru Dezvoltare Activ\u0103 (ADA) \u0219i Go Free \u2013 Asocia\u021bia pentru Sprijinirea Societ\u0103\u021bii Civile (GO FREE). European Youth Village este un program sus\u021binut de Romanian-American Foundation (RAF).<\/em><\/p>\n<p>Pentru mai multe informa\u021bii legate de eveniment, pute\u021bi vizita paginile oficiale ale grupului de ini\u021biativ\u0103, pe Instagram<a href=\"https:\/\/www.instagram.com\/golesti2026\/\">@golesti2026<\/a> sau Facebook <a href=\"https:\/\/www.facebook.com\/share\/1BxUkU8ytZ\/\">Gole\u0219ti \u2013 Sat European de Tineret 2026<\/a>.<\/p>\n<p><em>\u00a0<\/em><\/p>\n<p><strong><em>Persoan\u0103 de contact: <\/em>Daria Nicolae \u2013 membru al Grupului de ini\u021biativ\u0103 <em>\u201e<\/em>Tinerii Gole\u0219teni\u201d<\/strong><br \/><strong>Telefon: 0755 488 020;\u00a0Email: <a href=\"mailto:nicolaedaria84@gmail.com\">nicolaedaria84@gmail.com<\/a><\/strong><\/p>\n<div class=\"sharedaddy sd-sharing-enabled\">\n<div class=\"robots-nocontent sd-block sd-social sd-social-official sd-sharing\">\n<h3 class=\"sd-title\">Distribuie pe:<\/h3>\n<div class=\"sd-content\">\n<ul>\n<li class=\"share-facebook\">\n<li class=\"share-twitter\"><a href=\"https:\/\/twitter.com\/share\" class=\"twitter-share-button\" data-url=\"https:\/\/www.curierul.ro\/comuna-golesti-se-pregateste-sa-intre-oficial-in-comunitatea-satelor-europene-de-tineret\/\" data-text=\"Comuna Gole\u0219ti se preg\u0103te\u0219te s\u0103 intre oficial \u00een comunitatea Satelor Europene de Tineret\" data-via=\"curierulvl\">Tweet<\/a><\/li>\n<li class=\"share-jetpack-whatsapp\"><a rel=\"nofollow noopener noreferrer\" data-shared=\"sharing-whatsapp-196033\" class=\"share-jetpack-whatsapp sd-button\" href=\"https:\/\/www.curierul.ro\/comuna-golesti-se-pregateste-sa-intre-oficial-in-comunitatea-satelor-europene-de-tineret\/?share=jetpack-whatsapp\" target=\"_blank\" aria-labelledby=\"sharing-whatsapp-196033\"><span id=\"sharing-whatsapp-196033\" hidden>D\u0103 clic pentru partajare pe WhatsApp(Se deschide \u00eentr-o fereastr\u0103 nou\u0103)<\/span><span>WhatsApp<\/span><\/a><\/li>\n<li><a href=\"https:\/\/www.curierul.ro\/comuna-golesti-se-pregateste-sa-intre-oficial-in-comunitatea-satelor-europene-de-tineret\/\" class=\"sharing-anchor sd-button share-more\"><span>Mai mult<\/span><\/a><\/li>\n<li class=\"share-end\"><\/ul>\n<div class=\"sharing-hidden\">\n<div class=\"inner\">\n<ul>\n<li class=\"share-email\"><a rel=\"nofollow noopener noreferrer\" data-shared=\"sharing-email-196033\" class=\"share-email sd-button\" href=\"mailto:?subject=%5BArticol%20partajat%5D%20Comuna%20Gole%C8%99ti%20se%20preg%C4%83te%C8%99te%20s%C4%83%20intre%20oficial%20%C3%AEn%20comunitatea%20Satelor%20Europene%20de%20Tineret&amp;body=https%3A%2F%2Fwww.curierul.ro%2Fcomuna-golesti-se-pregateste-sa-intre-oficial-in-comunitatea-satelor-europene-de-tineret%2F&amp;share=email\" target=\"_blank\" aria-labelledby=\"sharing-email-196033\" data-email-share-error-title=\"\u021ai-ai configurat emailul?\" data-email-share-error-text=\"Dac\u0103 ai probleme la partajarea prin email, probabil nu ai configurat emailul pentru navigator. Poate trebuie s\u0103 creezi singur un email nou.\" data-email-share-nonce=\"482ca39a8b\" data-email-share-track-url=\"https:\/\/www.curierul.ro\/comuna-golesti-se-pregateste-sa-intre-oficial-in-comunitatea-satelor-europene-de-tineret\/?share=email\"><span id=\"sharing-email-196033\" hidden>D\u0103 clic pentru a trimite o leg\u0103tur\u0103 prin email unui prieten(Se deschide \u00eentr-o fereastr\u0103 nou\u0103)<\/span><span>Email<\/span><\/a><\/li>\n<li class=\"share-print\"><a rel=\"nofollow noopener noreferrer\" data-shared=\"sharing-print-196033\" class=\"share-print sd-button\" href=\"https:\/\/www.curierul.ro\/comuna-golesti-se-pregateste-sa-intre-oficial-in-comunitatea-satelor-europene-de-tineret\/#print?share=print\" target=\"_blank\" aria-labelledby=\"sharing-print-196033\"><span id=\"sharing-print-196033\" hidden>D\u0103 clic pentru a imprima(Se deschide \u00eentr-o fereastr\u0103 nou\u0103)<\/span><span>Imprimare<\/span><\/a><\/li>\n<li class=\"share-end\"><\/ul>\n<\/div>\n<\/div>\n<\/div>\n<\/div>\n<\/div>\n<div id=\"jp-relatedposts\" class=\"jp-relatedposts\">\n<h3 class=\"jp-relatedposts-headline\"><em>Similare<\/em><\/h3>\n<\/div>\n<footer class=\"post-footer\">\n<p class=\"tags\"><strong>Tags: <\/strong><a href=\"https:\/\/www.curierul.ro\/tag\/comuna-golesti\/\" rel=\"tag\">comuna Gole\u0219ti<\/a>, <a href=\"https:\/\/www.curierul.ro\/tag\/comunitate\/\" rel=\"tag\">comunitate<\/a>, <a href=\"https:\/\/www.curierul.ro\/tag\/oficial\/\" rel=\"tag\">oficial<\/a>, <a href=\"https:\/\/www.curierul.ro\/tag\/satele-europene-de-tineret\/\" rel=\"tag\">Satele Europene de Tineret<\/a><\/p>\n<div class=\"post-navigation clearfix\">\n<div class=\"previous-post\">\n<div class=\"featured-photo\"><img loading=\"lazy\" decoding=\"async\" width=\"1094\" height=\"616\" src=\"https:\/\/analyse.optim.biz\/wp-content\/uploads\/2026\/01\/img_20260123_000250-5.jpg\" class=\"attachment-post-thumbnail size-post-thumbnail wp-post-image\" title=\"img_20260123_000250-5\"><\/div>\n<p class=\"paginate-title\">\u00ab\u00ab <a href=\"https:\/\/www.curierul.ro\/liga-3-retrospectiva-partialului-de-sezon-si-proiectii-2026-pentru-echipele-valcene\/\" rel=\"prev\">LIGA 3. RETROSPECTIVA PAR\u021aIALULUI DE SEZON \u0218I PROIEC\u021aII 2026 PENTRU ECHIPELE V\u00c2LCENE<\/a><\/p>\n<\/div>\n<div class=\"next-post\">\n<div class=\"featured-photo\"><img decoding=\"async\" width=\"1536\" height=\"758\" src=\"https:\/\/analyse.optim.biz\/wp-content\/uploads\/2026\/01\/junioare-handbal-3.jpeg\" class=\"attachment-post-thumbnail size-post-thumbnail wp-post-image\" loading=\"lazy\" title=\"junioare-handbal-3\"><\/div>\n<p class=\"paginate-title\"><a href=\"https:\/\/www.curierul.ro\/scm-ramnicu-valcea-csm-targu-mures-50-19-in-cupa-romaniei-victorie-si-la-junioare\/\" rel=\"next\">SCM R\u00c2MNICU V\u00c2LCEA \u2013 CSM T\u00c2RGU MURE\u0218 50-19, \u00ceN CUPA ROM\u00c2NIEI. VICTORIE \u0218I LA JUNIOARE<\/a> \u00bb\u00bb<\/p>\n<\/div>\n<\/div>\n<div id=\"comments\" class=\"comments-area\">\n<div id=\"respond\" class=\"comment-respond\">\n<h3 id=\"reply-title\" class=\"comment-reply-title\">Po\u021bi comenta aici<small><a rel=\"nofollow\" id=\"cancel-comment-reply-link\" href=\"https:\/\/www.curierul.ro\/comuna-golesti-se-pregateste-sa-intre-oficial-in-comunitatea-satelor-europene-de-tineret\/#respond\">Anuleaz\u0103 r\u0103spunsul<\/a><\/small><\/h3>\n<\/div>\n<p class=\"akismet_comment_form_privacy_notice\">Acest site folose\u0219te Akismet pentru a reduce spamul. <a href=\"https:\/\/akismet.com\/privacy\/\" target=\"_blank\" rel=\"nofollow noopener\">Afl\u0103 cum sunt procesate datele comentariilor tale<\/a>.<\/p>\n<\/div>\n<section class=\"related-stories\">\n<h2>Related Stories<\/h2>\n<div class=\"stories-container\">\n<article id=\"latest-186965\" class=\"story post-186965 post type-post status-publish format-standard has-post-thumbnail hentry category-ceasul-rau category-politie category-social tag-cetateni-bulgari tag-comuna-golesti tag-confiscare-tigari tag-ipj-valcea tag-tigari-contrabanda\">\n<div class=\"photo\"><img decoding=\"async\" width=\"735\" height=\"440\" src=\"https:\/\/analyse.optim.biz\/wp-content\/uploads\/2026\/01\/ipj-tigari-1.jpeg\" class=\"attachment-giornalismo-single size-giornalismo-single wp-post-image\" loading=\"lazy\" title=\"ipj-tigari-1\"><\/div>\n<p class=\"headline\"><a href=\"https:\/\/www.curierul.ro\/mii-de-tigari-fara-acte-confiscate-intr-o-comuna-din-judet\/\">Mii de \u021big\u0103ri f\u0103r\u0103 acte, confiscate \u00eentr-o comun\u0103 din jude\u021b<\/a><\/p>\n<\/article>\n<article id=\"latest-183781\" class=\"story post-183781 post type-post status-publish format-standard has-post-thumbnail hentry category-ceasul-rau category-impact category-isu category-social tag-autovehicule tag-comuna-golesti tag-dn-7 tag-incendiu-trailer tag-isu-valcea-2\">\n<div class=\"photo\"><img decoding=\"async\" width=\"735\" height=\"440\" src=\"https:\/\/analyse.optim.biz\/wp-content\/uploads\/2026\/01\/incendiu-trailer-1.jpg\" class=\"attachment-giornalismo-single size-giornalismo-single wp-post-image\" loading=\"lazy\" title=\"incendiu-trailer-1\"><\/div>\n<p class=\"headline\"><a href=\"https:\/\/www.curierul.ro\/un-trailer-care-transporta-autoturisme-a-luat-foc-in-urma-cu-putin-timp-pompierii-au-intervenit-de-urgenta\/\">UN TRAILER CARE TRANSPORTA AUTOTURISME a luat foc \u00een urm\u0103 cu pu\u021bin timp. Pompierii au intervenit de urgen\u021b\u0103<\/a><\/p>\n<\/article>\n<article id=\"latest-183557\" class=\"story post-183557 post type-post status-publish format-standard has-post-thumbnail hentry category-ceasul-rau category-impact category-politie category-social tag-comuna-golesti tag-drogata-la-volan tag-femeie-drogata tag-ipj-valcea tag-t1a-coc\">\n<div class=\"photo\"><img decoding=\"async\" width=\"735\" height=\"440\" src=\"https:\/\/analyse.optim.biz\/wp-content\/uploads\/2026\/01\/ipj-drog-1.jpg\" class=\"attachment-giornalismo-single size-giornalismo-single wp-post-image\" loading=\"lazy\" title=\"ipj-drog-1\"><\/div>\n<p class=\"headline\"><a href=\"https:\/\/www.curierul.ro\/tanara-din-golesti-oprita-de-politisti-in-trafic-consumase-droguri\/\">T\u00c2N\u0102RA DIN GOLE\u0218TI oprit\u0103 de poli\u021bi\u0219ti \u00een trafic consumase droguri!<\/a><\/p>\n<\/article>\n<\/div>\n<\/section>\n<section class=\"latest-category clearfix\">\n<h2 class=\"title\">More Stories From Invatamant<\/h2>\n<div class=\"stories-container\">\n<article id=\"related-196061\" class=\"story post-196061 post type-post status-publish format-standard has-post-thumbnail hentry category-invatamant category-social tag-activitati-2 tag-etwinning tag-gradinita-5 tag-nivel-european tag-scoala-5\">\n<div class=\"photo\"><img decoding=\"async\" width=\"735\" height=\"440\" src=\"https:\/\/analyse.optim.biz\/wp-content\/uploads\/2026\/01\/et-1-3.jpg\" class=\"attachment-giornalismo-single size-giornalismo-single wp-post-image\" loading=\"lazy\" title=\"et-1-3\"><\/div>\n<p class=\"headline\"><a href=\"https:\/\/www.curierul.ro\/o-gradinita-de-nivel-european-scoala-etwinning-2025-2026-si-activitati-care-sustin-distinctia-primita\/\">O GR\u0102DINI\u021a\u0102 DE NIVEL EUROPEAN \u201e\u0218COAL\u0102 ETWINNING 2025-2026\u201d \u0218I ACTIVIT\u0102\u021aI CARE SUS\u021aIN DISTINC\u021aIA PRIMIT\u0102<\/a><\/p>\n<\/article>\n<article id=\"related-196011\" class=\"story post-196011 post type-post status-publish format-standard has-post-thumbnail hentry category-eveniment-social category-invatamant category-social tag-copii tag-proiect tag-scoala-gimnaziala-nicolae-balcescu\">\n<div class=\"photo\"><img decoding=\"async\" width=\"735\" height=\"440\" src=\"https:\/\/analyse.optim.biz\/wp-content\/uploads\/2026\/01\/scoala2-4.jpeg\" class=\"attachment-giornalismo-single size-giornalismo-single wp-post-image\" loading=\"lazy\" title=\"scoala2-4\"><\/div>\n<p class=\"headline\"><a href=\"https:\/\/www.curierul.ro\/la-scoala-gimnaziala-nicolae-balcescu-un-proiect-de-suflet-construit-pentru-copii-si-pentru-viitor\/\">La \u0218coala Gimnazial\u0103 \u201eNicolae B\u0103lcescu\u201d, un proiect de suflet, construit pentru copii \u0219i pentru viitor<\/a><\/p>\n<\/article>\n<article id=\"related-195875\" class=\"story post-195875 post type-post status-publish format-standard has-post-thumbnail hentry category-actualitate category-invatamant category-politica tag-boromir tag-inaugurat tag-mircia-gutau tag-sala-sport-2\">\n<div class=\"photo\"><img decoding=\"async\" width=\"735\" height=\"440\" src=\"https:\/\/analyse.optim.biz\/wp-content\/uploads\/2026\/01\/sala-sport-boromir-7.jpg\" class=\"attachment-giornalismo-single size-giornalismo-single wp-post-image\" loading=\"lazy\" title=\"sala-sport-boromir-7\"><\/div>\n<p class=\"headline\"><a href=\"https:\/\/www.curierul.ro\/primarul-mircia-gutau-a-inaugurat-sala-de-sport-boromir-cea-mai-noua-sala-de-sport-scolara-a-ramnicului\/\">Primarul Mircia Gut\u0103u a inaugurat Sala de Sport Boromir \u2013 cea mai nou\u0103 sal\u0103 de sport \u0219colar\u0103 a R\u00e2mnicului<\/a><\/p>\n<\/article>\n<\/div>\n<\/section>\n<section class=\"author-bio clearfix\">\n<div class=\"mug-shot\"><img decoding=\"async\" src=\"https:\/\/analyse.optim.biz\/wp-content\/uploads\/2026\/01\/2a58d181c1d85262357d59db6fc29158130ca794fc45057783762a4c0eb9167f-73.jpg\" class=\"avatar avatar-96 photo\" height=\"96\" width=\"96\" loading=\"lazy\" title=\"2a58d181c1d85262357d59db6fc29158130ca794fc45057783762a4c0eb9167f-73\"><\/div>\n<div class=\"author-info\">\n<p class=\"title\">About Curierul de Valcea, <\/p>\n<div class=\"author-social-area\"><a href=\"mailto:curierul@curierul.ro\"><span class=\"fal fa-envelope\"><span class=\"screen-reader-text\">Email the Author<\/span><\/span><\/a><\/div>\n<\/div>\n<\/section>\n<\/footer>\n<\/article>\n<article id=\"latest-186965\" class=\"story post-186965 post type-post status-publish format-standard has-post-thumbnail hentry category-ceasul-rau category-politie category-social tag-cetateni-bulgari tag-comuna-golesti tag-confiscare-tigari tag-ipj-valcea tag-tigari-contrabanda\">\n<div class=\"photo\"><img decoding=\"async\" width=\"735\" height=\"440\" src=\"https:\/\/analyse.optim.biz\/wp-content\/uploads\/2026\/01\/ipj-tigari-1.jpeg\" class=\"attachment-giornalismo-single size-giornalismo-single wp-post-image\" loading=\"lazy\" title=\"ipj-tigari-1\"><\/div>\n<p class=\"headline\"><a href=\"https:\/\/www.curierul.ro\/mii-de-tigari-fara-acte-confiscate-intr-o-comuna-din-judet\/\">Mii de \u021big\u0103ri f\u0103r\u0103 acte, confiscate \u00eentr-o comun\u0103 din jude\u021b<\/a><\/p>\n<\/article>\n<article id=\"latest-183781\" class=\"story post-183781 post type-post status-publish format-standard has-post-thumbnail hentry category-ceasul-rau category-impact category-isu category-social tag-autovehicule tag-comuna-golesti tag-dn-7 tag-incendiu-trailer tag-isu-valcea-2\">\n<div class=\"photo\"><img decoding=\"async\" width=\"735\" height=\"440\" src=\"https:\/\/analyse.optim.biz\/wp-content\/uploads\/2026\/01\/incendiu-trailer-1.jpg\" class=\"attachment-giornalismo-single size-giornalismo-single wp-post-image\" loading=\"lazy\" title=\"incendiu-trailer-1\"><\/div>\n<p class=\"headline\"><a href=\"https:\/\/www.curierul.ro\/un-trailer-care-transporta-autoturisme-a-luat-foc-in-urma-cu-putin-timp-pompierii-au-intervenit-de-urgenta\/\">UN TRAILER CARE TRANSPORTA AUTOTURISME a luat foc \u00een urm\u0103 cu pu\u021bin timp. Pompierii au intervenit de urgen\u021b\u0103<\/a><\/p>\n<\/article>\n<article id=\"latest-183557\" class=\"story post-183557 post type-post status-publish format-standard has-post-thumbnail hentry category-ceasul-rau category-impact category-politie category-social tag-comuna-golesti tag-drogata-la-volan tag-femeie-drogata tag-ipj-valcea tag-t1a-coc\">\n<div class=\"photo\"><img decoding=\"async\" width=\"735\" height=\"440\" src=\"https:\/\/analyse.optim.biz\/wp-content\/uploads\/2026\/01\/ipj-drog-1.jpg\" class=\"attachment-giornalismo-single size-giornalismo-single wp-post-image\" loading=\"lazy\" title=\"ipj-drog-1\"><\/div>\n<p class=\"headline\"><a href=\"https:\/\/www.curierul.ro\/tanara-din-golesti-oprita-de-politisti-in-trafic-consumase-droguri\/\">T\u00c2N\u0102RA DIN GOLE\u0218TI oprit\u0103 de poli\u021bi\u0219ti \u00een trafic consumase droguri!<\/a><\/p>\n<\/article>\n<article id=\"related-196061\" class=\"story post-196061 post type-post status-publish format-standard has-post-thumbnail hentry category-invatamant category-social tag-activitati-2 tag-etwinning tag-gradinita-5 tag-nivel-european tag-scoala-5\">\n<div class=\"photo\"><img decoding=\"async\" width=\"735\" height=\"440\" src=\"https:\/\/analyse.optim.biz\/wp-content\/uploads\/2026\/01\/et-1-3.jpg\" class=\"attachment-giornalismo-single size-giornalismo-single wp-post-image\" loading=\"lazy\" title=\"et-1-3\"><\/div>\n<p class=\"headline\"><a href=\"https:\/\/www.curierul.ro\/o-gradinita-de-nivel-european-scoala-etwinning-2025-2026-si-activitati-care-sustin-distinctia-primita\/\">O GR\u0102DINI\u021a\u0102 DE NIVEL EUROPEAN \u201e\u0218COAL\u0102 ETWINNING 2025-2026\u201d \u0218I ACTIVIT\u0102\u021aI CARE SUS\u021aIN DISTINC\u021aIA PRIMIT\u0102<\/a><\/p>\n<\/article>\n<article id=\"related-196011\" class=\"story post-196011 post type-post status-publish format-standard has-post-thumbnail hentry category-eveniment-social category-invatamant category-social tag-copii tag-proiect tag-scoala-gimnaziala-nicolae-balcescu\">\n<div class=\"photo\"><img decoding=\"async\" width=\"735\" height=\"440\" src=\"https:\/\/analyse.optim.biz\/wp-content\/uploads\/2026\/01\/scoala2-4.jpeg\" class=\"attachment-giornalismo-single size-giornalismo-single wp-post-image\" loading=\"lazy\" title=\"scoala2-4\"><\/div>\n<p class=\"headline\"><a href=\"https:\/\/www.curierul.ro\/la-scoala-gimnaziala-nicolae-balcescu-un-proiect-de-suflet-construit-pentru-copii-si-pentru-viitor\/\">La \u0218coala Gimnazial\u0103 \u201eNicolae B\u0103lcescu\u201d, un proiect de suflet, construit pentru copii \u0219i pentru viitor<\/a><\/p>\n<\/article>\n<article id=\"related-195875\" class=\"story post-195875 post type-post status-publish format-standard has-post-thumbnail hentry category-actualitate category-invatamant category-politica tag-boromir tag-inaugurat tag-mircia-gutau tag-sala-sport-2\">\n<div class=\"photo\"><img decoding=\"async\" width=\"735\" height=\"440\" src=\"https:\/\/analyse.optim.biz\/wp-content\/uploads\/2026\/01\/sala-sport-boromir-7.jpg\" class=\"attachment-giornalismo-single size-giornalismo-single wp-post-image\" loading=\"lazy\" title=\"sala-sport-boromir-7\"><\/div>\n<p class=\"headline\"><a href=\"https:\/\/www.curierul.ro\/primarul-mircia-gutau-a-inaugurat-sala-de-sport-boromir-cea-mai-noua-sala-de-sport-scolara-a-ramnicului\/\">Primarul Mircia Gut\u0103u a inaugurat Sala de Sport Boromir \u2013 cea mai nou\u0103 sal\u0103 de sport \u0219colar\u0103 a R\u00e2mnicului<\/a><\/p>\n<\/article>\n<p> Source URL: https:\/\/www.curierul.ro\/comuna-golesti-se-pregateste-sa-intre-oficial-in-comunitatea-satelor-europene-de-tineret\/<\/p>\n","protected":false},"excerpt":{"rendered":"<p>Home Invatamant Comuna Gole\u0219ti se preg\u0103te\u0219te s\u0103 intre oficial \u00een comunitatea Satelor Europene de Tineret Comuna Gole\u0219ti se preg\u0103te\u0219te s\u0103 intre oficial \u00een comunitatea Satelor Europene de Tineret Scris deCurierul de Valcea, 23 ianuarie 2026 Evenimentul de lansare a programului \u201eGole\u0219ti \u2013 Sat European de Tineret 2026\u201d va avea loc pe 25 ianuarie 2026, \u00eencep\u00e2nd [&hellip;]<\/p>\n","protected":false},"author":1,"featured_media":1392733,"comment_status":"open","ping_status":"","sticky":false,"template":"","format":"standard","meta":{"footnotes":""},"categories":[89],"tags":[213],"class_list":["post-1392726","post","type-post","status-publish","format-standard","has-post-thumbnail","hentry","category-romania","tag-curierul-ro"],"_links":{"self":[{"href":"https:\/\/analyse.optim.biz\/index.php?rest_route=\/wp\/v2\/posts\/1392726","targetHints":{"allow":["GET"]}}],"collection":[{"href":"https:\/\/analyse.optim.biz\/index.php?rest_route=\/wp\/v2\/posts"}],"about":[{"href":"https:\/\/analyse.optim.biz\/index.php?rest_route=\/wp\/v2\/types\/post"}],"author":[{"embeddable":true,"href":"https:\/\/analyse.optim.biz\/index.php?rest_route=\/wp\/v2\/users\/1"}],"replies":[{"embeddable":true,"href":"https:\/\/analyse.optim.biz\/index.php?rest_route=%2Fwp%2Fv2%2Fcomments&post=1392726"}],"version-history":[{"count":0,"href":"https:\/\/analyse.optim.biz\/index.php?rest_route=\/wp\/v2\/posts\/1392726\/revisions"}],"wp:featuredmedia":[{"embeddable":true,"href":"https:\/\/analyse.optim.biz\/index.php?rest_route=\/wp\/v2\/media\/1392733"}],"wp:attachment":[{"href":"https:\/\/analyse.optim.biz\/index.php?rest_route=%2Fwp%2Fv2%2Fmedia&parent=1392726"}],"wp:term":[{"taxonomy":"category","embeddable":true,"href":"https:\/\/analyse.optim.biz\/index.php?rest_route=%2Fwp%2Fv2%2Fcategories&post=1392726"},{"taxonomy":"post_tag","embeddable":true,"href":"https:\/\/analyse.optim.biz\/index.php?rest_route=%2Fwp%2Fv2%2Ftags&post=1392726"}],"curies":[{"name":"wp","href":"https:\/\/api.w.org\/{rel}","templated":true}]}}