{"id":1392722,"date":"2026-01-26T07:58:27","date_gmt":"2026-01-26T04:58:27","guid":{"rendered":"https:\/\/analyse.optim.biz\/?p=1392722"},"modified":"2026-01-26T07:58:27","modified_gmt":"2026-01-26T04:58:27","slug":"o-gradinita-de-nivel-european-scoala-etwinning-2025-2026-si-activitati-care-sustin-distinctia-primita","status":"publish","type":"post","link":"https:\/\/analyse.optim.biz\/?p=1392722","title":{"rendered":"O GR\u0102DINI\u021a\u0102 DE NIVEL EUROPEAN \u201e\u0218COAL\u0102 ETWINNING 2025-2026\u201d \u0218I ACTIVIT\u0102\u021aI CARE SUS\u021aIN DISTINC\u021aIA PRIMIT\u0102"},"content":{"rendered":"<article id=\"196061\" class=\"post-196061 post type-post status-publish format-standard has-post-thumbnail hentry category-invatamant category-social tag-activitati-2 tag-etwinning tag-gradinita-5 tag-nivel-european tag-scoala-5\">\n<header class=\"post-header\">\n<ul class=\"breadcrumbs\">\n<li><a href=\"https:\/\/www.curierul.ro\">Home<\/a><\/li>\n<li class=\"breadcrumbs-active .category-invatamant\"><a href=\"https:\/\/www.curierul.ro\/index.php?cat=47\">Invatamant<\/a><\/li>\n<li class=\"breadcrumbs-active .category-invatamant\">O GR\u0102DINI\u021a\u0102 DE NIVEL EUROPEAN \u201e\u0218COAL\u0102 ETWINNING 2025-2026\u201d \u0218I ACTIVIT\u0102\u021aI CARE SUS\u021aIN DISTINC\u021aIA PRIMIT\u0102<\/li>\n<\/ul>\n<div class=\"featured-photo\"><img loading=\"lazy\" decoding=\"async\" width=\"1551\" height=\"772\" src=\"https:\/\/analyse.optim.biz\/wp-content\/uploads\/2026\/01\/et-1-1-1.jpg\" class=\"attachment-single size-single wp-post-image\" title=\"et-1-1-1\"><\/div>\n<h1 class=\"headline\">O GR\u0102DINI\u021a\u0102 DE NIVEL EUROPEAN \u201e\u0218COAL\u0102 ETWINNING 2025-2026\u201d \u0218I ACTIVIT\u0102\u021aI CARE SUS\u021aIN DISTINC\u021aIA PRIMIT\u0102<\/h1>\n<p class=\"byline\">\n\t\tScris de<a href=\"https:\/\/www.curierul.ro\/author\/curierul\/\">Curierul de Valcea<\/a>, \t\t26 ianuarie 2026\t\t\t\t<\/p>\n<hr>\n<\/header>\n<p>\u00a0<\/p>\n<p>\u00cen data de 21 ianuarie 2026, Gr\u0103dini\u021ba cu Program Prelungit Dumbrava Minunat\u0103, Structur\u0103 a Seminarului Teologic Ortodox Sf. Nicolae, Rm. V\u00e2lcea a g\u0103zduit Cercul pedagogic al educatoarelor 6.<\/p>\n<p>Tematica cercului a cuprins:<\/p>\n<ul>\n<li>Jocul \u2013 instrument fundamental \u00een cunoa\u0219terea \u0219i dezvoltarea copilului;<\/li>\n<li>Activit\u0103\u021bile integrate STEM\/STEAM;<\/li>\n<li>Proiectul jude\u021bean de lectur\u0103 \u201eVocea C\u0103r\u021bilor\u201d.<img loading=\"lazy\" decoding=\"async\" class=\"aligncenter wp-image-196063 size-full\" src=\"https:\/\/analyse.optim.biz\/wp-content\/uploads\/2026\/01\/et2.jpeg\" width=\"1600\" height=\"900\" title=\"et2\"><\/li>\n<\/ul>\n<p>Cu aceast\u0103 ocazie, Gr\u0103dini\u021ba cu Program Prelungit Dumbrava Minunat\u0103 s-a preg\u0103tit, a\u0219a cum a \u0219tiut mai bine. Dac\u0103 pentru materialele de prezentare, doamnele au punctat activit\u0103\u021bi (obligatorii\/ la alegere\/ din serb\u0103ri), sus\u021binute la grup\u0103 \u0219i \u00een proiectele de colaborare (locale\/ jude\u021bene\/ eTwinning \u201e<em>Playing together outdoors\u201d<\/em>), la care au participat pe parcursul anului \u0219colar; pentru activitatea de men\u021binere a unui climat de interes \u0219i relaxare, doamnele profesor pentru \u00eenv\u0103\u021b\u0103m\u00e2nt pre\u0219colar au desf\u0103\u0219urat, ele \u00eensele \u2013 jocuri.<\/p>\n<p><img decoding=\"async\" loading=\"lazy\" class=\"aligncenter wp-image-196064 size-full\" src=\"https:\/\/analyse.optim.biz\/wp-content\/uploads\/2026\/01\/et5.jpeg\" width=\"1600\" height=\"900\" title=\"et5\"><\/p>\n<p>Fiind o gr\u0103dini\u021b\u0103 cu program prelungit, o tur\u0103 a pus \u00een scen\u0103 povestea \u201eRidichea urias\u0103\u201d, iar cealalt\u0103 tur\u0103 a realizat un joc muzical cu p\u0103pu\u0219i. Activit\u0103\u021bile organizate au scos \u00een eviden\u021b\u0103 eul de copil din adult \u0219i faptul c\u0103 acesta face parte integrant\u0103 din activit\u0103\u021bile desf\u0103\u0219urate \u00een gr\u0103dini\u021b\u0103.<\/p>\n<p>\u0218i cum o gr\u0103dini\u021b\u0103 de nivel european \u201e<em>\u0218coal\u0103 eTwinning 2025-2026<\/em>\u201d, are misiunea de a colabora \u0219i a realiza activit\u0103\u021bi \u00een echip\u0103, nu doar cadrele didactice au participat, ci \u00eentregul personal al gr\u0103dini\u021bei: administratorul a f\u0103cut parte din piesa de teatru, mecanicul a fost fotograful profesionist, iar restul personalul nedidactic s-a ocupat de amenajarea s\u0103lii de experimente \u2013 atelierul de lucru din program \u0219i cur\u0103\u021benia spa\u021biului.<\/p>\n<p><img decoding=\"async\" loading=\"lazy\" class=\"aligncenter wp-image-196065 size-full\" src=\"https:\/\/analyse.optim.biz\/wp-content\/uploads\/2026\/01\/et3.jpg\" width=\"1600\" height=\"1200\" title=\"et3\"><\/p>\n<p>Din p\u0103cate, succesul activit\u0103\u021bii, nu a putut fi promovat \u00een cadrul <strong><em>Seminarului online \u201e\u0218colile eTwinning: de la rol la impact<\/em><\/strong>\u201d, care s-a desf\u0103\u0219urat \u00een data de 22 ianuarie 2026 \u0219i la care a participat reprezentantul gr\u0103dini\u021bei, etwinnerul desemnat de Agen\u021bia Na\u021bional\u0103 pentru Programe Comunitare \u00een Domeniul Educa\u021biei \u0219i Form\u0103rii Profesionale, dar promitem s\u0103 o facem \u00een viitor.<\/p>\n<p><img decoding=\"async\" loading=\"lazy\" class=\"aligncenter wp-image-196066 size-full\" src=\"https:\/\/analyse.optim.biz\/wp-content\/uploads\/2026\/01\/et4-e1769414083609.jpeg\" width=\"1200\" height=\"1088\" title=\"et4-e1769414083609\"><\/p>\n<p><strong>G.P.P. Dumbrava Minunata, Rm. V\u00e2lcea:<\/strong>\u00a0 prof. \u00eenv. pre\u015fc. Florica Emilia, prof. \u00eenv. pre\u015fc. Vlad Alexandra-Anamaria, prof. \u00eenv. pre\u015fc. Ispir Iuliana-Florentina, prof. \u00eenv. pre\u015fc. Georgescu Simona, prof. \u00eenv. pre\u015fc. Lung Ana, prof. \u00eenv. pre\u015fc. Constantinescu Filofteia, prof. \u00eenv. pre\u015fc. Dolea Iulia, prof. \u00eenv. pre\u015fc. En\u0103chioiu-Vlad Simona, prof. \u00eenv. pre\u015fc. B\u0103lan Ana-Maria, prof. \u00eenv. pre\u015fc. Tudose Ramona, prof. \u00eenv. pre\u015fc. Georgescu Alina, prof. \u00eenv. pre\u015fc. Constantinescu Olga, prof. \u00eenv. pre\u015fc. Ciochin\u0103 Daniela, prof. \u00eenv. pre\u015fc. Tudor Loredana, prof. \u00eenv. pre\u015fc Anica Lidia, prof. \u00eenv. pre\u015fc. Iantuc Adriana, prof. \u00eenv. pre\u015fc. Ciufu Nicoleta, prof. \u00eenv. Pre\u015fc. Dumitru Larisa, prof. \u00eenv. pre\u015fc. Magher\u00a0 Alexandra, prof. \u00eenv. Pre\u015fc. Rus Daniela.<\/p>\n<div class=\"sharedaddy sd-sharing-enabled\">\n<div class=\"robots-nocontent sd-block sd-social sd-social-official sd-sharing\">\n<h3 class=\"sd-title\">Distribuie pe:<\/h3>\n<div class=\"sd-content\">\n<ul>\n<li class=\"share-facebook\">\n<li class=\"share-twitter\"><a href=\"https:\/\/twitter.com\/share\" class=\"twitter-share-button\" data-url=\"https:\/\/www.curierul.ro\/o-gradinita-de-nivel-european-scoala-etwinning-2025-2026-si-activitati-care-sustin-distinctia-primita\/\" data-text=\"O GR\u0102DINI\u021a\u0102 DE NIVEL EUROPEAN \u201e\u0218COAL\u0102 ETWINNING 2025-2026\u201d \u0218I ACTIVIT\u0102\u021aI CARE SUS\u021aIN DISTINC\u021aIA PRIMIT\u0102\" data-via=\"curierulvl\">Tweet<\/a><\/li>\n<li class=\"share-jetpack-whatsapp\"><a rel=\"nofollow noopener noreferrer\" data-shared=\"sharing-whatsapp-196061\" class=\"share-jetpack-whatsapp sd-button\" href=\"https:\/\/www.curierul.ro\/o-gradinita-de-nivel-european-scoala-etwinning-2025-2026-si-activitati-care-sustin-distinctia-primita\/?share=jetpack-whatsapp\" target=\"_blank\" aria-labelledby=\"sharing-whatsapp-196061\"><span id=\"sharing-whatsapp-196061\" hidden>D\u0103 clic pentru partajare pe WhatsApp(Se deschide \u00eentr-o fereastr\u0103 nou\u0103)<\/span><span>WhatsApp<\/span><\/a><\/li>\n<li><a href=\"https:\/\/www.curierul.ro\/o-gradinita-de-nivel-european-scoala-etwinning-2025-2026-si-activitati-care-sustin-distinctia-primita\/\" class=\"sharing-anchor sd-button share-more\"><span>Mai mult<\/span><\/a><\/li>\n<li class=\"share-end\"><\/ul>\n<div class=\"sharing-hidden\">\n<div class=\"inner\">\n<ul>\n<li class=\"share-email\"><a rel=\"nofollow noopener noreferrer\" data-shared=\"sharing-email-196061\" class=\"share-email sd-button\" href=\"mailto:?subject=%5BArticol%20partajat%5D%20O%20GR%C4%82DINI%C8%9A%C4%82%20DE%20NIVEL%20EUROPEAN%20%E2%80%9E%C8%98COAL%C4%82%20ETWINNING%202025-2026%E2%80%9D%20%C8%98I%20ACTIVIT%C4%82%C8%9AI%20CARE%20SUS%C8%9AIN%20DISTINC%C8%9AIA%20PRIMIT%C4%82&amp;body=https%3A%2F%2Fwww.curierul.ro%2Fo-gradinita-de-nivel-european-scoala-etwinning-2025-2026-si-activitati-care-sustin-distinctia-primita%2F&amp;share=email\" target=\"_blank\" aria-labelledby=\"sharing-email-196061\" data-email-share-error-title=\"\u021ai-ai configurat emailul?\" data-email-share-error-text=\"Dac\u0103 ai probleme la partajarea prin email, probabil nu ai configurat emailul pentru navigator. Poate trebuie s\u0103 creezi singur un email nou.\" data-email-share-nonce=\"acfe1af370\" data-email-share-track-url=\"https:\/\/www.curierul.ro\/o-gradinita-de-nivel-european-scoala-etwinning-2025-2026-si-activitati-care-sustin-distinctia-primita\/?share=email\"><span id=\"sharing-email-196061\" hidden>D\u0103 clic pentru a trimite o leg\u0103tur\u0103 prin email unui prieten(Se deschide \u00eentr-o fereastr\u0103 nou\u0103)<\/span><span>Email<\/span><\/a><\/li>\n<li class=\"share-print\"><a rel=\"nofollow noopener noreferrer\" data-shared=\"sharing-print-196061\" class=\"share-print sd-button\" href=\"https:\/\/www.curierul.ro\/o-gradinita-de-nivel-european-scoala-etwinning-2025-2026-si-activitati-care-sustin-distinctia-primita\/#print?share=print\" target=\"_blank\" aria-labelledby=\"sharing-print-196061\"><span id=\"sharing-print-196061\" hidden>D\u0103 clic pentru a imprima(Se deschide \u00eentr-o fereastr\u0103 nou\u0103)<\/span><span>Imprimare<\/span><\/a><\/li>\n<li class=\"share-end\"><\/ul>\n<\/div>\n<\/div>\n<\/div>\n<\/div>\n<\/div>\n<div id=\"jp-relatedposts\" class=\"jp-relatedposts\">\n<h3 class=\"jp-relatedposts-headline\"><em>Similare<\/em><\/h3>\n<\/div>\n<footer class=\"post-footer\">\n<p class=\"tags\"><strong>Tags: <\/strong><a href=\"https:\/\/www.curierul.ro\/tag\/activitati-2\/\" rel=\"tag\">activit\u0103\u021bi<\/a>, <a href=\"https:\/\/www.curierul.ro\/tag\/etwinning\/\" rel=\"tag\">etwinning<\/a>, <a href=\"https:\/\/www.curierul.ro\/tag\/gradinita-5\/\" rel=\"tag\">gradini\u021b\u0103<\/a>, <a href=\"https:\/\/www.curierul.ro\/tag\/nivel-european\/\" rel=\"tag\">nivel european<\/a>, <a href=\"https:\/\/www.curierul.ro\/tag\/scoala-5\/\" rel=\"tag\">\u0219coal\u0103<\/a><\/p>\n<div class=\"post-navigation clearfix\">\n<div class=\"previous-post\">\n<div class=\"featured-photo\"><img decoding=\"async\" width=\"2040\" height=\"1530\" src=\"https:\/\/analyse.optim.biz\/wp-content\/uploads\/2026\/01\/accident-calimanesti-3.jpeg\" class=\"attachment-post-thumbnail size-post-thumbnail wp-post-image\" loading=\"lazy\" title=\"accident-calimanesti-3\"><\/div>\n<p class=\"paginate-title\">\u00ab\u00ab <a href=\"https:\/\/www.curierul.ro\/dn-7-si-a-luat-din-nou-tributul-un-tanar-de-19-ani-decedat-alti-patru-au-ajuns-la-spital\/\" rel=\"prev\">DN 7 \u0219i-a luat din nou tributul \u2013 un t\u00e2n\u0103r de 19 ani, decedat, al\u021bi patru au ajuns la spital<\/a><\/p>\n<\/div>\n<div class=\"next-post\">\n<div class=\"featured-photo\"><img decoding=\"async\" width=\"1530\" height=\"1176\" src=\"https:\/\/analyse.optim.biz\/wp-content\/uploads\/2026\/01\/incendiu-e1769415907224-4.jpeg\" class=\"attachment-post-thumbnail size-post-thumbnail wp-post-image\" loading=\"lazy\" title=\"incendiu-e1769415907224-4\"><\/div>\n<p class=\"paginate-title\"><a href=\"https:\/\/www.curierul.ro\/un-weekend-cu-doua-persoane-decedate-in-incendii-la-galicea-si-lalosu\/\" rel=\"next\">Un weekend cu dou\u0103 persoane decedate \u00een incendii, la Galicea \u0219i Lalo\u0219u<\/a> \u00bb\u00bb<\/p>\n<\/div>\n<\/div>\n<div id=\"comments\" class=\"comments-area\">\n<div id=\"respond\" class=\"comment-respond\">\n<h3 id=\"reply-title\" class=\"comment-reply-title\">Po\u021bi comenta aici<small><a rel=\"nofollow\" id=\"cancel-comment-reply-link\" href=\"https:\/\/www.curierul.ro\/o-gradinita-de-nivel-european-scoala-etwinning-2025-2026-si-activitati-care-sustin-distinctia-primita\/#respond\">Anuleaz\u0103 r\u0103spunsul<\/a><\/small><\/h3>\n<\/div>\n<p class=\"akismet_comment_form_privacy_notice\">Acest site folose\u0219te Akismet pentru a reduce spamul. <a href=\"https:\/\/akismet.com\/privacy\/\" target=\"_blank\" rel=\"nofollow noopener\">Afl\u0103 cum sunt procesate datele comentariilor tale<\/a>.<\/p>\n<\/div>\n<section class=\"related-stories\">\n<h2>Related Stories<\/h2>\n<div class=\"stories-container\">\n<article id=\"latest-182713\" class=\"story post-182713 post type-post status-publish format-standard has-post-thumbnail hentry category-eveniment-social category-impact category-invatamant category-politie category-social tag-activitati-2 tag-gradinita-lizuca tag-ipj-valcea tag-politisti-rutieri tag-prescolari-2\">\n<div class=\"photo\"><img decoding=\"async\" width=\"735\" height=\"440\" src=\"https:\/\/analyse.optim.biz\/wp-content\/uploads\/2026\/01\/ipj-lizuca-1.jpeg\" class=\"attachment-giornalismo-single size-giornalismo-single wp-post-image\" loading=\"lazy\" title=\"ipj-lizuca-1\"><\/div>\n<p class=\"headline\"><a href=\"https:\/\/www.curierul.ro\/politistii-au-descins-la-gradinita-lizuca\/\"><strong>POLI\u021aI\u0218TII AU \u201eDESCINS\u201d la Gr\u0103dini\u021ba Lizuca<\/strong><\/a><\/p>\n<\/article>\n<article id=\"latest-179269\" class=\"story post-179269 post type-post status-publish format-standard has-post-thumbnail hentry category-cultura category-economie category-eveniment-social category-impact category-social tag-activitati-2 tag-aprobare tag-bjai-valcea tag-europe-direct-valcea tag-plan-2023\">\n<div class=\"photo\"><img decoding=\"async\" width=\"734\" height=\"440\" src=\"https:\/\/analyse.optim.biz\/wp-content\/uploads\/2026\/01\/ed-sigla.jpg\" class=\"attachment-giornalismo-single size-giornalismo-single wp-post-image\" loading=\"lazy\" title=\"ed-sigla\"><\/div>\n<p class=\"headline\"><a href=\"https:\/\/www.curierul.ro\/a-fost-aprobat-planul-de-activitati-pentru-2023-al-centrului-europe-direct-valcea\/\"><strong>A FOST APROBAT planul de activit\u0103\u021bi pentru 2023 al Centrului Europe Direct V\u00e2lcea<\/strong><\/a><\/p>\n<\/article>\n<article id=\"latest-171586\" class=\"story post-171586 post type-post status-publish format-standard has-post-thumbnail hentry category-cultura category-eveniment-social category-impact category-invatamant category-social tag-activitati-2 tag-ateliere-de-vacanta tag-biblioteca-judeteana-valcea-2 tag-casa-stiintei-ostroveni tag-copii\">\n<div class=\"photo\"><img decoding=\"async\" width=\"735\" height=\"440\" src=\"https:\/\/analyse.optim.biz\/wp-content\/uploads\/2026\/01\/bjai-atelier-vacanta-1.jpg\" class=\"attachment-giornalismo-single size-giornalismo-single wp-post-image\" loading=\"lazy\" title=\"bjai-atelier-vacanta-1\"><\/div>\n<p class=\"headline\"><a href=\"https:\/\/www.curierul.ro\/copiii-intre-4-si-14-ani-sunt-asteptati-la-atelierele-de-vacanta-de-la-biblioteca-judeteana\/\">COPIII \u00ceNTRE 4 \u0218I 14 ANI sunt a\u0219tepta\u021bi la atelierele de vacan\u021b\u0103 de la Biblioteca Jude\u021bean\u0103<\/a><\/p>\n<\/article>\n<\/div>\n<\/section>\n<section class=\"latest-category clearfix\">\n<h2 class=\"title\">More Stories From Invatamant<\/h2>\n<div class=\"stories-container\">\n<article id=\"related-196033\" class=\"story post-196033 post type-post status-publish format-standard has-post-thumbnail hentry category-invatamant category-social tag-comuna-golesti tag-comunitate tag-oficial tag-satele-europene-de-tineret\">\n<div class=\"photo\"><img decoding=\"async\" width=\"735\" height=\"440\" src=\"https:\/\/analyse.optim.biz\/wp-content\/uploads\/2026\/01\/golesti-25-01-2.jpeg\" class=\"attachment-giornalismo-single size-giornalismo-single wp-post-image\" loading=\"lazy\" title=\"golesti-25-01-2\"><\/div>\n<p class=\"headline\"><a href=\"https:\/\/www.curierul.ro\/comuna-golesti-se-pregateste-sa-intre-oficial-in-comunitatea-satelor-europene-de-tineret\/\">Comuna Gole\u0219ti se preg\u0103te\u0219te s\u0103 intre oficial \u00een comunitatea Satelor Europene de Tineret<\/a><\/p>\n<\/article>\n<article id=\"related-196011\" class=\"story post-196011 post type-post status-publish format-standard has-post-thumbnail hentry category-eveniment-social category-invatamant category-social tag-copii tag-proiect tag-scoala-gimnaziala-nicolae-balcescu\">\n<div class=\"photo\"><img decoding=\"async\" width=\"735\" height=\"440\" src=\"https:\/\/analyse.optim.biz\/wp-content\/uploads\/2026\/01\/scoala2-3.jpeg\" class=\"attachment-giornalismo-single size-giornalismo-single wp-post-image\" loading=\"lazy\" title=\"scoala2-3\"><\/div>\n<p class=\"headline\"><a href=\"https:\/\/www.curierul.ro\/la-scoala-gimnaziala-nicolae-balcescu-un-proiect-de-suflet-construit-pentru-copii-si-pentru-viitor\/\">La \u0218coala Gimnazial\u0103 \u201eNicolae B\u0103lcescu\u201d, un proiect de suflet, construit pentru copii \u0219i pentru viitor<\/a><\/p>\n<\/article>\n<article id=\"related-195875\" class=\"story post-195875 post type-post status-publish format-standard has-post-thumbnail hentry category-actualitate category-invatamant category-politica tag-boromir tag-inaugurat tag-mircia-gutau tag-sala-sport-2\">\n<div class=\"photo\"><img decoding=\"async\" width=\"735\" height=\"440\" src=\"https:\/\/analyse.optim.biz\/wp-content\/uploads\/2026\/01\/sala-sport-boromir-6.jpg\" class=\"attachment-giornalismo-single size-giornalismo-single wp-post-image\" loading=\"lazy\" title=\"sala-sport-boromir-6\"><\/div>\n<p class=\"headline\"><a href=\"https:\/\/www.curierul.ro\/primarul-mircia-gutau-a-inaugurat-sala-de-sport-boromir-cea-mai-noua-sala-de-sport-scolara-a-ramnicului\/\">Primarul Mircia Gut\u0103u a inaugurat Sala de Sport Boromir \u2013 cea mai nou\u0103 sal\u0103 de sport \u0219colar\u0103 a R\u00e2mnicului<\/a><\/p>\n<\/article>\n<\/div>\n<\/section>\n<section class=\"author-bio clearfix\">\n<div class=\"mug-shot\"><img decoding=\"async\" src=\"https:\/\/analyse.optim.biz\/wp-content\/uploads\/2026\/01\/2a58d181c1d85262357d59db6fc29158130ca794fc45057783762a4c0eb9167f-72.jpg\" class=\"avatar avatar-96 photo\" height=\"96\" width=\"96\" loading=\"lazy\" title=\"2a58d181c1d85262357d59db6fc29158130ca794fc45057783762a4c0eb9167f-72\"><\/div>\n<div class=\"author-info\">\n<p class=\"title\">About Curierul de Valcea, <\/p>\n<div class=\"author-social-area\"><a href=\"mailto:curierul@curierul.ro\"><span class=\"fal fa-envelope\"><span class=\"screen-reader-text\">Email the Author<\/span><\/span><\/a><\/div>\n<\/div>\n<\/section>\n<\/footer>\n<\/article>\n<article id=\"latest-182713\" class=\"story post-182713 post type-post status-publish format-standard has-post-thumbnail hentry category-eveniment-social category-impact category-invatamant category-politie category-social tag-activitati-2 tag-gradinita-lizuca tag-ipj-valcea tag-politisti-rutieri tag-prescolari-2\">\n<div class=\"photo\"><img decoding=\"async\" width=\"735\" height=\"440\" src=\"https:\/\/analyse.optim.biz\/wp-content\/uploads\/2026\/01\/ipj-lizuca-1.jpeg\" class=\"attachment-giornalismo-single size-giornalismo-single wp-post-image\" loading=\"lazy\" title=\"ipj-lizuca-1\"><\/div>\n<p class=\"headline\"><a href=\"https:\/\/www.curierul.ro\/politistii-au-descins-la-gradinita-lizuca\/\"><strong>POLI\u021aI\u0218TII AU \u201eDESCINS\u201d la Gr\u0103dini\u021ba Lizuca<\/strong><\/a><\/p>\n<\/article>\n<article id=\"latest-179269\" class=\"story post-179269 post type-post status-publish format-standard has-post-thumbnail hentry category-cultura category-economie category-eveniment-social category-impact category-social tag-activitati-2 tag-aprobare tag-bjai-valcea tag-europe-direct-valcea tag-plan-2023\">\n<div class=\"photo\"><img decoding=\"async\" width=\"734\" height=\"440\" src=\"https:\/\/analyse.optim.biz\/wp-content\/uploads\/2026\/01\/ed-sigla.jpg\" class=\"attachment-giornalismo-single size-giornalismo-single wp-post-image\" loading=\"lazy\" title=\"ed-sigla\"><\/div>\n<p class=\"headline\"><a href=\"https:\/\/www.curierul.ro\/a-fost-aprobat-planul-de-activitati-pentru-2023-al-centrului-europe-direct-valcea\/\"><strong>A FOST APROBAT planul de activit\u0103\u021bi pentru 2023 al Centrului Europe Direct V\u00e2lcea<\/strong><\/a><\/p>\n<\/article>\n<article id=\"latest-171586\" class=\"story post-171586 post type-post status-publish format-standard has-post-thumbnail hentry category-cultura category-eveniment-social category-impact category-invatamant category-social tag-activitati-2 tag-ateliere-de-vacanta tag-biblioteca-judeteana-valcea-2 tag-casa-stiintei-ostroveni tag-copii\">\n<div class=\"photo\"><img decoding=\"async\" width=\"735\" height=\"440\" src=\"https:\/\/analyse.optim.biz\/wp-content\/uploads\/2026\/01\/bjai-atelier-vacanta-1.jpg\" class=\"attachment-giornalismo-single size-giornalismo-single wp-post-image\" loading=\"lazy\" title=\"bjai-atelier-vacanta-1\"><\/div>\n<p class=\"headline\"><a href=\"https:\/\/www.curierul.ro\/copiii-intre-4-si-14-ani-sunt-asteptati-la-atelierele-de-vacanta-de-la-biblioteca-judeteana\/\">COPIII \u00ceNTRE 4 \u0218I 14 ANI sunt a\u0219tepta\u021bi la atelierele de vacan\u021b\u0103 de la Biblioteca Jude\u021bean\u0103<\/a><\/p>\n<\/article>\n<article id=\"related-196033\" class=\"story post-196033 post type-post status-publish format-standard has-post-thumbnail hentry category-invatamant category-social tag-comuna-golesti tag-comunitate tag-oficial tag-satele-europene-de-tineret\">\n<div class=\"photo\"><img decoding=\"async\" width=\"735\" height=\"440\" src=\"https:\/\/analyse.optim.biz\/wp-content\/uploads\/2026\/01\/golesti-25-01-2.jpeg\" class=\"attachment-giornalismo-single size-giornalismo-single wp-post-image\" loading=\"lazy\" title=\"golesti-25-01-2\"><\/div>\n<p class=\"headline\"><a href=\"https:\/\/www.curierul.ro\/comuna-golesti-se-pregateste-sa-intre-oficial-in-comunitatea-satelor-europene-de-tineret\/\">Comuna Gole\u0219ti se preg\u0103te\u0219te s\u0103 intre oficial \u00een comunitatea Satelor Europene de Tineret<\/a><\/p>\n<\/article>\n<article id=\"related-196011\" class=\"story post-196011 post type-post status-publish format-standard has-post-thumbnail hentry category-eveniment-social category-invatamant category-social tag-copii tag-proiect tag-scoala-gimnaziala-nicolae-balcescu\">\n<div class=\"photo\"><img decoding=\"async\" width=\"735\" height=\"440\" src=\"https:\/\/analyse.optim.biz\/wp-content\/uploads\/2026\/01\/scoala2-3.jpeg\" class=\"attachment-giornalismo-single size-giornalismo-single wp-post-image\" loading=\"lazy\" title=\"scoala2-3\"><\/div>\n<p class=\"headline\"><a href=\"https:\/\/www.curierul.ro\/la-scoala-gimnaziala-nicolae-balcescu-un-proiect-de-suflet-construit-pentru-copii-si-pentru-viitor\/\">La \u0218coala Gimnazial\u0103 \u201eNicolae B\u0103lcescu\u201d, un proiect de suflet, construit pentru copii \u0219i pentru viitor<\/a><\/p>\n<\/article>\n<article id=\"related-195875\" class=\"story post-195875 post type-post status-publish format-standard has-post-thumbnail hentry category-actualitate category-invatamant category-politica tag-boromir tag-inaugurat tag-mircia-gutau tag-sala-sport-2\">\n<div class=\"photo\"><img decoding=\"async\" width=\"735\" height=\"440\" src=\"https:\/\/analyse.optim.biz\/wp-content\/uploads\/2026\/01\/sala-sport-boromir-6.jpg\" class=\"attachment-giornalismo-single size-giornalismo-single wp-post-image\" loading=\"lazy\" title=\"sala-sport-boromir-6\"><\/div>\n<p class=\"headline\"><a href=\"https:\/\/www.curierul.ro\/primarul-mircia-gutau-a-inaugurat-sala-de-sport-boromir-cea-mai-noua-sala-de-sport-scolara-a-ramnicului\/\">Primarul Mircia Gut\u0103u a inaugurat Sala de Sport Boromir \u2013 cea mai nou\u0103 sal\u0103 de sport \u0219colar\u0103 a R\u00e2mnicului<\/a><\/p>\n<\/article>\n<p> Source URL: https:\/\/www.curierul.ro\/o-gradinita-de-nivel-european-scoala-etwinning-2025-2026-si-activitati-care-sustin-distinctia-primita\/<\/p>\n","protected":false},"excerpt":{"rendered":"<p>Home Invatamant O GR\u0102DINI\u021a\u0102 DE NIVEL EUROPEAN \u201e\u0218COAL\u0102 ETWINNING 2025-2026\u201d \u0218I ACTIVIT\u0102\u021aI CARE SUS\u021aIN DISTINC\u021aIA PRIMIT\u0102 O GR\u0102DINI\u021a\u0102 DE NIVEL EUROPEAN \u201e\u0218COAL\u0102 ETWINNING 2025-2026\u201d \u0218I ACTIVIT\u0102\u021aI CARE SUS\u021aIN DISTINC\u021aIA PRIMIT\u0102 Scris deCurierul de Valcea, 26 ianuarie 2026 \u00a0 \u00cen data de 21 ianuarie 2026, Gr\u0103dini\u021ba cu Program Prelungit Dumbrava Minunat\u0103, Structur\u0103 a Seminarului Teologic Ortodox [&hellip;]<\/p>\n","protected":false},"author":1,"featured_media":1392723,"comment_status":"open","ping_status":"","sticky":false,"template":"","format":"standard","meta":{"footnotes":""},"categories":[89],"tags":[213],"class_list":["post-1392722","post","type-post","status-publish","format-standard","has-post-thumbnail","hentry","category-romania","tag-curierul-ro"],"_links":{"self":[{"href":"https:\/\/analyse.optim.biz\/index.php?rest_route=\/wp\/v2\/posts\/1392722","targetHints":{"allow":["GET"]}}],"collection":[{"href":"https:\/\/analyse.optim.biz\/index.php?rest_route=\/wp\/v2\/posts"}],"about":[{"href":"https:\/\/analyse.optim.biz\/index.php?rest_route=\/wp\/v2\/types\/post"}],"author":[{"embeddable":true,"href":"https:\/\/analyse.optim.biz\/index.php?rest_route=\/wp\/v2\/users\/1"}],"replies":[{"embeddable":true,"href":"https:\/\/analyse.optim.biz\/index.php?rest_route=%2Fwp%2Fv2%2Fcomments&post=1392722"}],"version-history":[{"count":0,"href":"https:\/\/analyse.optim.biz\/index.php?rest_route=\/wp\/v2\/posts\/1392722\/revisions"}],"wp:featuredmedia":[{"embeddable":true,"href":"https:\/\/analyse.optim.biz\/index.php?rest_route=\/wp\/v2\/media\/1392723"}],"wp:attachment":[{"href":"https:\/\/analyse.optim.biz\/index.php?rest_route=%2Fwp%2Fv2%2Fmedia&parent=1392722"}],"wp:term":[{"taxonomy":"category","embeddable":true,"href":"https:\/\/analyse.optim.biz\/index.php?rest_route=%2Fwp%2Fv2%2Fcategories&post=1392722"},{"taxonomy":"post_tag","embeddable":true,"href":"https:\/\/analyse.optim.biz\/index.php?rest_route=%2Fwp%2Fv2%2Ftags&post=1392722"}],"curies":[{"name":"wp","href":"https:\/\/api.w.org\/{rel}","templated":true}]}}