{"id":1392710,"date":"2026-01-26T08:27:59","date_gmt":"2026-01-26T05:27:59","guid":{"rendered":"https:\/\/analyse.optim.biz\/?p=1392710"},"modified":"2026-01-26T08:27:59","modified_gmt":"2026-01-26T05:27:59","slug":"un-weekend-cu-doua-persoane-decedate-in-incendii-la-galicea-si-lalosu","status":"publish","type":"post","link":"https:\/\/analyse.optim.biz\/?p=1392710","title":{"rendered":"Un weekend cu dou\u0103 persoane decedate \u00een incendii, la Galicea \u0219i Lalo\u0219u"},"content":{"rendered":"<article id=\"196068\" class=\"post-196068 post type-post status-publish format-standard has-post-thumbnail hentry category-ceasul-rau category-isu category-social tag-incendii tag-persoane-decedate tag-weekwnd\">\n<header class=\"post-header\">\n<ul class=\"breadcrumbs\">\n<li><a href=\"https:\/\/www.curierul.ro\">Home<\/a><\/li>\n<li class=\"breadcrumbs-active .category-ceasul-rau\"><a href=\"https:\/\/www.curierul.ro\/index.php?cat=54\">Ceasul rau<\/a><\/li>\n<li class=\"breadcrumbs-active .category-ceasul-rau\">Un weekend cu dou\u0103 persoane decedate \u00een incendii, la Galicea \u0219i Lalo\u0219u<\/li>\n<\/ul>\n<div class=\"featured-photo\"><img loading=\"lazy\" decoding=\"async\" width=\"1530\" height=\"1176\" src=\"https:\/\/analyse.optim.biz\/wp-content\/uploads\/2026\/01\/incendiu-e1769415907224-3.jpeg\" class=\"attachment-single size-single wp-post-image\" title=\"incendiu-e1769415907224-3\"><\/div>\n<h1 class=\"headline\">Un weekend cu dou\u0103 persoane decedate \u00een incendii, la Galicea \u0219i Lalo\u0219u<\/h1>\n<p class=\"byline\">\n\t\tScris de<a href=\"https:\/\/www.curierul.ro\/author\/alin\/\">Alin Emilian Tudoroiu<\/a>, \t\t26 ianuarie 2026\t\t\t\t<\/p>\n<hr>\n<\/header>\n<p>Pompierii militari v\u00e2lceni au fost solicita\u021bi, s\u00e2mb\u0103t\u0103, pentru stingerea unui incendiu izbucnit la o cas\u0103 din localitatea Galicea, \u00een interiorul c\u0103reia era prins\u0103 o persoan\u0103. S-au deplasat de urgen\u021b\u0103 la locul evenimentului, for\u021be din cadrul Deta\u0219amentului de Pompieri R\u00e2mnicu V\u00e2lcea, cu dou\u0103 autospeciale de stingere cu ap\u0103 \u0219i spum\u0103, o ambulan\u021b\u0103 SMURD \u0219i o ambulan\u021b\u0103 SAJ. \u00a0Din p\u0103cate, \u00een interiorul locuin\u021bei, un b\u0103rbat a fost g\u0103sit decedat (carbonizat).<\/p>\n<p>Duminic\u0103, un alt incendiu a fost anun\u021bat la o cas\u0103 din localitatea Lalo\u0219u, \u00een interiorul c\u0103reia era surprins\u0103 o persoan\u0103. \u00a0S-au deplasat de urgen\u021b\u0103 for\u021be din cadrul G\u0103rzilor de Interven\u021bie M\u0103ciuca \u0219i Bal\u0219 (ISU Olt), cu trei autospeciale de stingere cu ap\u0103 \u0219i spum\u0103 \u0219i o ambulan\u021b\u0103 SAJ.<\/p>\n<p>Echipajele operative sosite la fa\u021ba locului au constatat c\u0103 incendiul se manifesta generalizat la \u00eentreaga construc\u021bie, iar acoperi\u0219ul \u0219i tavanul casei se pr\u0103bu\u0219iser\u0103. Din p\u0103cate, \u00een interiorul locuin\u021bei, un b\u0103rbat a fost g\u0103sit la fel carbonizat.<\/p>\n<div class=\"sharedaddy sd-sharing-enabled\">\n<div class=\"robots-nocontent sd-block sd-social sd-social-official sd-sharing\">\n<h3 class=\"sd-title\">Distribuie pe:<\/h3>\n<div class=\"sd-content\">\n<ul>\n<li class=\"share-facebook\">\n<li class=\"share-twitter\"><a href=\"https:\/\/twitter.com\/share\" class=\"twitter-share-button\" data-url=\"https:\/\/www.curierul.ro\/un-weekend-cu-doua-persoane-decedate-in-incendii-la-galicea-si-lalosu\/\" data-text=\"Un weekend cu dou\u0103 persoane decedate \u00een incendii, la Galicea \u0219i Lalo\u0219u\" data-via=\"curierulvl\">Tweet<\/a><\/li>\n<li class=\"share-jetpack-whatsapp\"><a rel=\"nofollow noopener noreferrer\" data-shared=\"sharing-whatsapp-196068\" class=\"share-jetpack-whatsapp sd-button\" href=\"https:\/\/www.curierul.ro\/un-weekend-cu-doua-persoane-decedate-in-incendii-la-galicea-si-lalosu\/?share=jetpack-whatsapp\" target=\"_blank\" aria-labelledby=\"sharing-whatsapp-196068\"><span id=\"sharing-whatsapp-196068\" hidden>D\u0103 clic pentru partajare pe WhatsApp(Se deschide \u00eentr-o fereastr\u0103 nou\u0103)<\/span><span>WhatsApp<\/span><\/a><\/li>\n<li><a href=\"https:\/\/www.curierul.ro\/un-weekend-cu-doua-persoane-decedate-in-incendii-la-galicea-si-lalosu\/\" class=\"sharing-anchor sd-button share-more\"><span>Mai mult<\/span><\/a><\/li>\n<li class=\"share-end\"><\/ul>\n<div class=\"sharing-hidden\">\n<div class=\"inner\">\n<ul>\n<li class=\"share-email\"><a rel=\"nofollow noopener noreferrer\" data-shared=\"sharing-email-196068\" class=\"share-email sd-button\" href=\"mailto:?subject=%5BArticol%20partajat%5D%20Un%20weekend%20cu%20dou%C4%83%20persoane%20decedate%20%C3%AEn%20incendii%2C%20la%20Galicea%20%C8%99i%20Lalo%C8%99u&amp;body=https%3A%2F%2Fwww.curierul.ro%2Fun-weekend-cu-doua-persoane-decedate-in-incendii-la-galicea-si-lalosu%2F&amp;share=email\" target=\"_blank\" aria-labelledby=\"sharing-email-196068\" data-email-share-error-title=\"\u021ai-ai configurat emailul?\" data-email-share-error-text=\"Dac\u0103 ai probleme la partajarea prin email, probabil nu ai configurat emailul pentru navigator. Poate trebuie s\u0103 creezi singur un email nou.\" data-email-share-nonce=\"17ddd1cdfc\" data-email-share-track-url=\"https:\/\/www.curierul.ro\/un-weekend-cu-doua-persoane-decedate-in-incendii-la-galicea-si-lalosu\/?share=email\"><span id=\"sharing-email-196068\" hidden>D\u0103 clic pentru a trimite o leg\u0103tur\u0103 prin email unui prieten(Se deschide \u00eentr-o fereastr\u0103 nou\u0103)<\/span><span>Email<\/span><\/a><\/li>\n<li class=\"share-print\"><a rel=\"nofollow noopener noreferrer\" data-shared=\"sharing-print-196068\" class=\"share-print sd-button\" href=\"https:\/\/www.curierul.ro\/un-weekend-cu-doua-persoane-decedate-in-incendii-la-galicea-si-lalosu\/#print?share=print\" target=\"_blank\" aria-labelledby=\"sharing-print-196068\"><span id=\"sharing-print-196068\" hidden>D\u0103 clic pentru a imprima(Se deschide \u00eentr-o fereastr\u0103 nou\u0103)<\/span><span>Imprimare<\/span><\/a><\/li>\n<li class=\"share-end\"><\/ul>\n<\/div>\n<\/div>\n<\/div>\n<\/div>\n<\/div>\n<div id=\"jp-relatedposts\" class=\"jp-relatedposts\">\n<h3 class=\"jp-relatedposts-headline\"><em>Similare<\/em><\/h3>\n<\/div>\n<footer class=\"post-footer\">\n<p class=\"tags\"><strong>Tags: <\/strong><a href=\"https:\/\/www.curierul.ro\/tag\/incendii\/\" rel=\"tag\">incendii<\/a>, <a href=\"https:\/\/www.curierul.ro\/tag\/persoane-decedate\/\" rel=\"tag\">persoane decedate<\/a>, <a href=\"https:\/\/www.curierul.ro\/tag\/weekwnd\/\" rel=\"tag\">weekwnd<\/a><\/p>\n<div class=\"post-navigation clearfix\">\n<div class=\"previous-post\">\n<div class=\"featured-photo\"><img loading=\"lazy\" decoding=\"async\" width=\"1551\" height=\"772\" src=\"https:\/\/analyse.optim.biz\/wp-content\/uploads\/2026\/01\/et-1-1.jpg\" class=\"attachment-post-thumbnail size-post-thumbnail wp-post-image\" title=\"et-1-1\"><\/div>\n<p class=\"paginate-title\">\u00ab\u00ab <a href=\"https:\/\/www.curierul.ro\/o-gradinita-de-nivel-european-scoala-etwinning-2025-2026-si-activitati-care-sustin-distinctia-primita\/\" rel=\"prev\">O GR\u0102DINI\u021a\u0102 DE NIVEL EUROPEAN \u201e\u0218COAL\u0102 ETWINNING 2025-2026\u201d \u0218I ACTIVIT\u0102\u021aI CARE SUS\u021aIN DISTINC\u021aIA PRIMIT\u0102<\/a><\/p>\n<\/div>\n<div class=\"next-post\">\n<div class=\"featured-photo\"><img decoding=\"async\" width=\"530\" height=\"213\" src=\"https:\/\/analyse.optim.biz\/wp-content\/uploads\/2026\/01\/marius-carbunescu-1-56.jpg\" class=\"attachment-post-thumbnail size-post-thumbnail wp-post-image\" loading=\"lazy\" title=\"marius-carbunescu-1-56\"><\/div>\n<p class=\"paginate-title\"><a href=\"https:\/\/www.curierul.ro\/trilionul-de-dolari-pierdut-la-polul-nord\/\" rel=\"next\">Trilionul de dolari pierdut la Polul Nord<\/a> \u00bb\u00bb<\/p>\n<\/div>\n<\/div>\n<div id=\"comments\" class=\"comments-area\">\n<div id=\"respond\" class=\"comment-respond\">\n<h3 id=\"reply-title\" class=\"comment-reply-title\">Po\u021bi comenta aici<small><a rel=\"nofollow\" id=\"cancel-comment-reply-link\" href=\"https:\/\/www.curierul.ro\/un-weekend-cu-doua-persoane-decedate-in-incendii-la-galicea-si-lalosu\/#respond\">Anuleaz\u0103 r\u0103spunsul<\/a><\/small><\/h3>\n<\/div>\n<p class=\"akismet_comment_form_privacy_notice\">Acest site folose\u0219te Akismet pentru a reduce spamul. <a href=\"https:\/\/akismet.com\/privacy\/\" target=\"_blank\" rel=\"nofollow noopener\">Afl\u0103 cum sunt procesate datele comentariilor tale<\/a>.<\/p>\n<\/div>\n<section class=\"related-stories\">\n<h2>Related Stories<\/h2>\n<div class=\"stories-container\">\n<article id=\"latest-186550\" class=\"story post-186550 post type-post status-publish format-standard has-post-thumbnail hentry category-actualitate category-headlines category-isu tag-apia-valcea tag-incendii tag-isu-valcea-2 tag-pompieri tag-vegetatie-uscata-2\">\n<div class=\"photo\"><img decoding=\"async\" width=\"735\" height=\"440\" src=\"https:\/\/analyse.optim.biz\/wp-content\/uploads\/2026\/01\/isu_analiza.jpeg\" class=\"attachment-giornalismo-single size-giornalismo-single wp-post-image\" loading=\"lazy\" title=\"isu_analiza\"><\/div>\n<p class=\"headline\"><a href=\"https:\/\/www.curierul.ro\/pompierii-reamintesc-amenzi-de-la-7-500-la-15-000-lei-pentru-persoanele-care-dau-foc-la-vegetatia-uscata\/\">Pompierii reamintesc: Amenzi de la 7.500 la 15.000 lei pentru persoanele care dau foc la vegeta\u021bia uscat\u0103<\/a><\/p>\n<\/article>\n<article id=\"latest-162930\" class=\"story post-162930 post type-post status-publish format-standard has-post-thumbnail hentry category-actualitate category-comunicate tag-distributie-energie-oltenia tag-echipa-deo tag-incendii tag-permis-de-lucru-cu-focul tag-retea-de-distributie\">\n<div class=\"photo\"><img decoding=\"async\" width=\"631\" height=\"440\" src=\"https:\/\/analyse.optim.biz\/wp-content\/uploads\/2026\/01\/deo-vegetatie.jpg\" class=\"attachment-giornalismo-single size-giornalismo-single wp-post-image\" loading=\"lazy\" title=\"deo-vegetatie\"><\/div>\n<p class=\"headline\"><a href=\"https:\/\/www.curierul.ro\/amenzi-mari-pentru-cei-care-inteleg-sa-isi-curate-terenurile-prin-incendierea-vegetatiei-uscate\/\">AMENZI MARI pentru cei care \u00een\u021beleg s\u0103 \u00ee\u0219i cur\u0103\u021be terenurile prin incendierea vegeta\u021biei uscate<\/a><\/p>\n<\/article>\n<article id=\"latest-161789\" class=\"story post-161789 post type-post status-publish format-standard has-post-thumbnail hentry category-ceasul-rau category-comunicate category-impact category-isu category-social tag-incendii tag-isu-valcea-2 tag-pompieri tag-vegetatie-2\">\n<div class=\"photo\"><img decoding=\"async\" width=\"735\" height=\"440\" src=\"https:\/\/analyse.optim.biz\/wp-content\/uploads\/2026\/01\/pompieri-1-4.jpg\" class=\"attachment-giornalismo-single size-giornalismo-single wp-post-image\" loading=\"lazy\" title=\"pompieri-1-4\"><\/div>\n<p class=\"headline\"><a href=\"https:\/\/www.curierul.ro\/situatie-fara-precedent-pentru-valcea-27-de-incendii-au-lasat-400-hectare-in-flacari\/\">SITUA\u021aIE F\u0102R\u0102 PRECEDENT pentru V\u00e2lcea: 27 de incendii au l\u0103sat 400 hectare \u00een fl\u0103c\u0103ri<\/a><\/p>\n<\/article>\n<\/div>\n<\/section>\n<section class=\"latest-category clearfix\">\n<h2 class=\"title\">More Stories From Ceasul rau<\/h2>\n<div class=\"stories-container\">\n<article id=\"related-196058\" class=\"story post-196058 post type-post status-publish format-standard has-post-thumbnail hentry category-ceasul-rau category-headlines category-politie category-social tag-decedat tag-dn-7 tag-spital tag-tanar-2\">\n<div class=\"photo\"><img decoding=\"async\" width=\"735\" height=\"440\" src=\"https:\/\/analyse.optim.biz\/wp-content\/uploads\/2026\/01\/accident-calimanesti-2.jpeg\" class=\"attachment-giornalismo-single size-giornalismo-single wp-post-image\" loading=\"lazy\" title=\"accident-calimanesti-2\"><\/div>\n<p class=\"headline\"><a href=\"https:\/\/www.curierul.ro\/dn-7-si-a-luat-din-nou-tributul-un-tanar-de-19-ani-decedat-alti-patru-au-ajuns-la-spital\/\">DN 7 \u0219i-a luat din nou tributul \u2013 un t\u00e2n\u0103r de 19 ani, decedat, al\u021bi patru au ajuns la spital<\/a><\/p>\n<\/article>\n<article id=\"related-195972\" class=\"story post-195972 post type-post status-publish format-standard has-post-thumbnail hentry category-ceasul-rau category-headlines category-politie category-social tag-accident tag-ghinion tag-masina-politie tag-serviciul-rutier\">\n<div class=\"photo\"><img decoding=\"async\" width=\"735\" height=\"440\" src=\"https:\/\/analyse.optim.biz\/wp-content\/uploads\/2026\/01\/accident-raureni-e1768549775867-21.jpeg\" class=\"attachment-giornalismo-single size-giornalismo-single wp-post-image\" loading=\"lazy\" title=\"accident-raureni-e1768549775867-21\"><\/div>\n<p class=\"headline\"><a href=\"https:\/\/www.curierul.ro\/culmea-ghinionului-sa-faci-accident-cu-o-masina-de-politie-la-poarta-serviciului-rutier\/\">Culmea ghinionului\u2026s\u0103 faci accident cu o ma\u0219in\u0103 de poli\u021bie, la poarta Serviciului Rutier<\/a><\/p>\n<\/article>\n<article id=\"related-195929\" class=\"story post-195929 post type-post status-publish format-standard has-post-thumbnail hentry category-ceasul-rau category-headlines category-politie category-social tag-arme tag-confiscate tag-madulari-2 tag-metal-2 tag-perchezitii-2 tag-proiectile\">\n<div class=\"photo\"><img decoding=\"async\" width=\"735\" height=\"440\" src=\"https:\/\/analyse.optim.biz\/wp-content\/uploads\/2026\/01\/pistol-e1767968968747-17.jpeg\" class=\"attachment-giornalismo-single size-giornalismo-single wp-post-image\" loading=\"lazy\" title=\"pistol-e1767968968747-17\"><\/div>\n<p class=\"headline\"><a href=\"https:\/\/www.curierul.ro\/perchezitii-la-madulari-doua-arme-si-peste-2000-de-proiectile-din-metal-si-plastic-au-fost-confiscate\/\">Perchezi\u021bii la M\u0103dulari. Dou\u0103 arme \u0219i peste 2000 de proiectile din metal \u0219i plastic au fost confiscate<\/a><\/p>\n<\/article>\n<\/div>\n<\/section>\n<section class=\"author-bio clearfix\">\n<div class=\"mug-shot\"><img decoding=\"async\" src=\"https:\/\/analyse.optim.biz\/wp-content\/uploads\/2026\/01\/ae634844e12be63a4f063a6c7bef885da670fd420e0dedd39ed80eacd6e6979c-16.jpg\" class=\"avatar avatar-96 photo\" height=\"96\" width=\"96\" loading=\"lazy\" title=\"ae634844e12be63a4f063a6c7bef885da670fd420e0dedd39ed80eacd6e6979c-16\"><\/div>\n<div class=\"author-info\">\n<p class=\"title\">About Alin Emilian Tudoroiu, <\/p>\n<div class=\"author-social-area\"><a href=\"mailto:alintudoroiu@curierul.ro\"><span class=\"fal fa-envelope\"><span class=\"screen-reader-text\">Email the Author<\/span><\/span><\/a><\/div>\n<\/div>\n<\/section>\n<\/footer>\n<\/article>\n<article id=\"latest-186550\" class=\"story post-186550 post type-post status-publish format-standard has-post-thumbnail hentry category-actualitate category-headlines category-isu tag-apia-valcea tag-incendii tag-isu-valcea-2 tag-pompieri tag-vegetatie-uscata-2\">\n<div class=\"photo\"><img decoding=\"async\" width=\"735\" height=\"440\" src=\"https:\/\/analyse.optim.biz\/wp-content\/uploads\/2026\/01\/isu_analiza.jpeg\" class=\"attachment-giornalismo-single size-giornalismo-single wp-post-image\" loading=\"lazy\" title=\"isu_analiza\"><\/div>\n<p class=\"headline\"><a href=\"https:\/\/www.curierul.ro\/pompierii-reamintesc-amenzi-de-la-7-500-la-15-000-lei-pentru-persoanele-care-dau-foc-la-vegetatia-uscata\/\">Pompierii reamintesc: Amenzi de la 7.500 la 15.000 lei pentru persoanele care dau foc la vegeta\u021bia uscat\u0103<\/a><\/p>\n<\/article>\n<article id=\"latest-162930\" class=\"story post-162930 post type-post status-publish format-standard has-post-thumbnail hentry category-actualitate category-comunicate tag-distributie-energie-oltenia tag-echipa-deo tag-incendii tag-permis-de-lucru-cu-focul tag-retea-de-distributie\">\n<div class=\"photo\"><img decoding=\"async\" width=\"631\" height=\"440\" src=\"https:\/\/analyse.optim.biz\/wp-content\/uploads\/2026\/01\/deo-vegetatie.jpg\" class=\"attachment-giornalismo-single size-giornalismo-single wp-post-image\" loading=\"lazy\" title=\"deo-vegetatie\"><\/div>\n<p class=\"headline\"><a href=\"https:\/\/www.curierul.ro\/amenzi-mari-pentru-cei-care-inteleg-sa-isi-curate-terenurile-prin-incendierea-vegetatiei-uscate\/\">AMENZI MARI pentru cei care \u00een\u021beleg s\u0103 \u00ee\u0219i cur\u0103\u021be terenurile prin incendierea vegeta\u021biei uscate<\/a><\/p>\n<\/article>\n<article id=\"latest-161789\" class=\"story post-161789 post type-post status-publish format-standard has-post-thumbnail hentry category-ceasul-rau category-comunicate category-impact category-isu category-social tag-incendii tag-isu-valcea-2 tag-pompieri tag-vegetatie-2\">\n<div class=\"photo\"><img decoding=\"async\" width=\"735\" height=\"440\" src=\"https:\/\/analyse.optim.biz\/wp-content\/uploads\/2026\/01\/pompieri-1-4.jpg\" class=\"attachment-giornalismo-single size-giornalismo-single wp-post-image\" loading=\"lazy\" title=\"pompieri-1-4\"><\/div>\n<p class=\"headline\"><a href=\"https:\/\/www.curierul.ro\/situatie-fara-precedent-pentru-valcea-27-de-incendii-au-lasat-400-hectare-in-flacari\/\">SITUA\u021aIE F\u0102R\u0102 PRECEDENT pentru V\u00e2lcea: 27 de incendii au l\u0103sat 400 hectare \u00een fl\u0103c\u0103ri<\/a><\/p>\n<\/article>\n<article id=\"related-196058\" class=\"story post-196058 post type-post status-publish format-standard has-post-thumbnail hentry category-ceasul-rau category-headlines category-politie category-social tag-decedat tag-dn-7 tag-spital tag-tanar-2\">\n<div class=\"photo\"><img decoding=\"async\" width=\"735\" height=\"440\" src=\"https:\/\/analyse.optim.biz\/wp-content\/uploads\/2026\/01\/accident-calimanesti-2.jpeg\" class=\"attachment-giornalismo-single size-giornalismo-single wp-post-image\" loading=\"lazy\" title=\"accident-calimanesti-2\"><\/div>\n<p class=\"headline\"><a href=\"https:\/\/www.curierul.ro\/dn-7-si-a-luat-din-nou-tributul-un-tanar-de-19-ani-decedat-alti-patru-au-ajuns-la-spital\/\">DN 7 \u0219i-a luat din nou tributul \u2013 un t\u00e2n\u0103r de 19 ani, decedat, al\u021bi patru au ajuns la spital<\/a><\/p>\n<\/article>\n<article id=\"related-195972\" class=\"story post-195972 post type-post status-publish format-standard has-post-thumbnail hentry category-ceasul-rau category-headlines category-politie category-social tag-accident tag-ghinion tag-masina-politie tag-serviciul-rutier\">\n<div class=\"photo\"><img decoding=\"async\" width=\"735\" height=\"440\" src=\"https:\/\/analyse.optim.biz\/wp-content\/uploads\/2026\/01\/accident-raureni-e1768549775867-21.jpeg\" class=\"attachment-giornalismo-single size-giornalismo-single wp-post-image\" loading=\"lazy\" title=\"accident-raureni-e1768549775867-21\"><\/div>\n<p class=\"headline\"><a href=\"https:\/\/www.curierul.ro\/culmea-ghinionului-sa-faci-accident-cu-o-masina-de-politie-la-poarta-serviciului-rutier\/\">Culmea ghinionului\u2026s\u0103 faci accident cu o ma\u0219in\u0103 de poli\u021bie, la poarta Serviciului Rutier<\/a><\/p>\n<\/article>\n<article id=\"related-195929\" class=\"story post-195929 post type-post status-publish format-standard has-post-thumbnail hentry category-ceasul-rau category-headlines category-politie category-social tag-arme tag-confiscate tag-madulari-2 tag-metal-2 tag-perchezitii-2 tag-proiectile\">\n<div class=\"photo\"><img decoding=\"async\" width=\"735\" height=\"440\" src=\"https:\/\/analyse.optim.biz\/wp-content\/uploads\/2026\/01\/pistol-e1767968968747-17.jpeg\" class=\"attachment-giornalismo-single size-giornalismo-single wp-post-image\" loading=\"lazy\" title=\"pistol-e1767968968747-17\"><\/div>\n<p class=\"headline\"><a href=\"https:\/\/www.curierul.ro\/perchezitii-la-madulari-doua-arme-si-peste-2000-de-proiectile-din-metal-si-plastic-au-fost-confiscate\/\">Perchezi\u021bii la M\u0103dulari. Dou\u0103 arme \u0219i peste 2000 de proiectile din metal \u0219i plastic au fost confiscate<\/a><\/p>\n<\/article>\n<p> Source URL: https:\/\/www.curierul.ro\/un-weekend-cu-doua-persoane-decedate-in-incendii-la-galicea-si-lalosu\/<\/p>\n","protected":false},"excerpt":{"rendered":"<p>Home Ceasul rau Un weekend cu dou\u0103 persoane decedate \u00een incendii, la Galicea \u0219i Lalo\u0219u Un weekend cu dou\u0103 persoane decedate \u00een incendii, la Galicea \u0219i Lalo\u0219u Scris deAlin Emilian Tudoroiu, 26 ianuarie 2026 Pompierii militari v\u00e2lceni au fost solicita\u021bi, s\u00e2mb\u0103t\u0103, pentru stingerea unui incendiu izbucnit la o cas\u0103 din localitatea Galicea, \u00een interiorul c\u0103reia [&hellip;]<\/p>\n","protected":false},"author":1,"featured_media":1392711,"comment_status":"open","ping_status":"","sticky":false,"template":"","format":"standard","meta":{"footnotes":""},"categories":[89],"tags":[213],"class_list":["post-1392710","post","type-post","status-publish","format-standard","has-post-thumbnail","hentry","category-romania","tag-curierul-ro"],"_links":{"self":[{"href":"https:\/\/analyse.optim.biz\/index.php?rest_route=\/wp\/v2\/posts\/1392710","targetHints":{"allow":["GET"]}}],"collection":[{"href":"https:\/\/analyse.optim.biz\/index.php?rest_route=\/wp\/v2\/posts"}],"about":[{"href":"https:\/\/analyse.optim.biz\/index.php?rest_route=\/wp\/v2\/types\/post"}],"author":[{"embeddable":true,"href":"https:\/\/analyse.optim.biz\/index.php?rest_route=\/wp\/v2\/users\/1"}],"replies":[{"embeddable":true,"href":"https:\/\/analyse.optim.biz\/index.php?rest_route=%2Fwp%2Fv2%2Fcomments&post=1392710"}],"version-history":[{"count":0,"href":"https:\/\/analyse.optim.biz\/index.php?rest_route=\/wp\/v2\/posts\/1392710\/revisions"}],"wp:featuredmedia":[{"embeddable":true,"href":"https:\/\/analyse.optim.biz\/index.php?rest_route=\/wp\/v2\/media\/1392711"}],"wp:attachment":[{"href":"https:\/\/analyse.optim.biz\/index.php?rest_route=%2Fwp%2Fv2%2Fmedia&parent=1392710"}],"wp:term":[{"taxonomy":"category","embeddable":true,"href":"https:\/\/analyse.optim.biz\/index.php?rest_route=%2Fwp%2Fv2%2Fcategories&post=1392710"},{"taxonomy":"post_tag","embeddable":true,"href":"https:\/\/analyse.optim.biz\/index.php?rest_route=%2Fwp%2Fv2%2Ftags&post=1392710"}],"curies":[{"name":"wp","href":"https:\/\/api.w.org\/{rel}","templated":true}]}}