{"id":1392699,"date":"2026-01-23T05:30:00","date_gmt":"2026-01-23T02:30:00","guid":{"rendered":"https:\/\/analyse.optim.biz\/?p=1392699"},"modified":"2026-01-23T05:30:00","modified_gmt":"2026-01-23T02:30:00","slug":"casieriile-apavil-se-inchid-pentru-doua-zile","status":"publish","type":"post","link":"https:\/\/analyse.optim.biz\/?p=1392699","title":{"rendered":"Casieriile APAVIL se \u00eenchid, pentru dou\u0103 zile"},"content":{"rendered":"<article id=\"196023\" class=\"post-196023 post type-post status-publish format-standard has-post-thumbnail hentry category-actualitate category-economie category-politica tag-apavil tag-casierii tag-se-inchid\">\n<header class=\"post-header\">\n<ul class=\"breadcrumbs\">\n<li><a href=\"https:\/\/www.curierul.ro\">Home<\/a><\/li>\n<li class=\"breadcrumbs-active .category-actualitate\"><a href=\"https:\/\/www.curierul.ro\/index.php?cat=1615\">Actualitate<\/a><\/li>\n<li class=\"breadcrumbs-active .category-actualitate\">Casieriile APAVIL se \u00eenchid, pentru dou\u0103 zile<\/li>\n<\/ul>\n<div class=\"featured-photo\"><img loading=\"lazy\" decoding=\"async\" width=\"360\" height=\"205\" src=\"https:\/\/analyse.optim.biz\/wp-content\/uploads\/2026\/01\/apavil1-1-1.jpg\" class=\"attachment-single size-single wp-post-image\" title=\"apavil1-1-1\"><\/div>\n<h1 class=\"headline\">Casieriile APAVIL se \u00eenchid, pentru dou\u0103 zile<\/h1>\n<p class=\"byline\">\n\t\tScris de<a href=\"https:\/\/www.curierul.ro\/author\/curierul\/\">Curierul de Valcea<\/a>, \t\t23 ianuarie 2026\t\t\t\t<\/p>\n<hr>\n<\/header>\n<p>Av\u00e2nd \u00een vedere necesitatea alinierii la tehnologiile de dezvoltare curente, ce presupun instalarea platformei informatice necesar\u0103 desf\u0103\u0219ur\u0103rii activit\u0103\u021bilor aferente casieriilor, v\u0103 inform\u0103m c\u0103 <strong>programul casieriilor<\/strong> de la sediul Apavil S.A., str. Carol I nr, 3-5 va fi <strong>\u00eentrerupt \u00een zilele de 27 \u0219i 28 ianuarie 2026.<\/strong><\/p>\n<p><strong>\u00a0<\/strong>Utilizatorii serviciilor noastre pot, \u00een continuare, s\u0103 foloseasc\u0103 urm\u0103toarele modalit\u0103\u021bi de plat\u0103:<br \/><strong>Online,<\/strong> cu cardul bancar, direct din contul de client \u2013 acces\u00e2nd site-ul <a href=\"http:\/\/www.apavil.ro\/\">www.apavil.ro<\/a> \u2013 sec\u021biunea Portal<\/p>\n<p><img loading=\"lazy\" decoding=\"async\" class=\"aligncenter wp-image-196024 size-full\" src=\"https:\/\/analyse.optim.biz\/wp-content\/uploads\/2026\/01\/apavil_plata-page-001-e1769088196677.jpg\" width=\"1108\" height=\"582\" title=\"apavil_plata-page-001-e1769088196677\"><\/p>\n<p><strong>Apavil SA recomand\u0103 utilizatorilor folosirea serviciilor online<\/strong>. Astfel, pentru primirea facturilor pe e-mail,\u00a0 plata facturilor online, istoric consum ap\u0103,\u00a0 istoric pl\u0103\u021bi,\u00a0 facturi \u00een sold, transmitere index autocitit, este necesar\u0103 <strong>crearea unui cont de utilizator<\/strong> acces\u00e2nd <a href=\"http:\/\/www.apavil.ro\/\"><strong>www.apavil.ro<\/strong><\/a>, sec\u021biunea <strong>Portal\/Plata online \u2013 Inregistrare<\/strong>.<\/p>\n<p><strong><em><u>Detalii modalit\u0103\u021bi de plat\u0103 prin Parteneri<\/u><\/em><\/strong><em><u>: <\/u><\/em><\/p>\n<ul>\n<li>la punctele de plat\u0103 PayPoint, Un-Doi, Pago \u2013 numai cu prezentarea facturii;<\/li>\n<li>prin serviciile de Internet Banking \u2013 preciz\u00e2nd cod client \u0219i num\u0103r factur\u0103;<\/li>\n<li>prin intermediul ROBO \u2013 numai cu prezentarea facturii;<\/li>\n<li>prin Direct Debit \u2013 \u00een limita sumei completat\u0103 \u00een Mandatul de Debitare Direct\u0103 \u00eencheiat cu Banca. B\u0103ncile nu deconteaz\u0103 sume par\u021biale;<\/li>\n<li>prin virament bancar \u2013 preciz\u00e2nd cod client, num\u0103r factur\u0103, numele \u0219i prenumele clientului \u00eenscris pe factur\u0103.<\/li>\n<li>prin serviciul po\u0219tal Mandat \u00cencasare Facturi- <strong>CN Po\u0219ta Rom<\/strong><strong>\u00e2n\u0103<\/strong> \u2013 numerar \u0219i cu card bancar, at\u00e2t \u00een unit\u0103\u021bile po\u0219tale c\u00e2t \u0219i la domiciliul clien\u021bilor.<\/li>\n<\/ul>\n<p><strong>\u00a0ATEN\u021aIE:<\/strong> Lipsa elementelor de mai sus, poate conduce la \u00eent\u00e2rzierea sau imposibilitatea proces\u0103rii corecte a pl\u0103\u021bii, precum \u0219i la suspendarea furniz\u0103rii serviciilor.<\/p>\n<div class=\"sharedaddy sd-sharing-enabled\">\n<div class=\"robots-nocontent sd-block sd-social sd-social-official sd-sharing\">\n<h3 class=\"sd-title\">Distribuie pe:<\/h3>\n<div class=\"sd-content\">\n<ul>\n<li class=\"share-facebook\">\n<li class=\"share-twitter\"><a href=\"https:\/\/twitter.com\/share\" class=\"twitter-share-button\" data-url=\"https:\/\/www.curierul.ro\/casieriile-apavil-se-inchid-pentru-doua-zile\/\" data-text=\"Casieriile APAVIL se \u00eenchid, pentru dou\u0103 zile\" data-via=\"curierulvl\">Tweet<\/a><\/li>\n<li class=\"share-jetpack-whatsapp\"><a rel=\"nofollow noopener noreferrer\" data-shared=\"sharing-whatsapp-196023\" class=\"share-jetpack-whatsapp sd-button\" href=\"https:\/\/www.curierul.ro\/casieriile-apavil-se-inchid-pentru-doua-zile\/?share=jetpack-whatsapp\" target=\"_blank\" aria-labelledby=\"sharing-whatsapp-196023\"><span id=\"sharing-whatsapp-196023\" hidden>D\u0103 clic pentru partajare pe WhatsApp(Se deschide \u00eentr-o fereastr\u0103 nou\u0103)<\/span><span>WhatsApp<\/span><\/a><\/li>\n<li><a href=\"https:\/\/www.curierul.ro\/casieriile-apavil-se-inchid-pentru-doua-zile\/\" class=\"sharing-anchor sd-button share-more\"><span>Mai mult<\/span><\/a><\/li>\n<li class=\"share-end\"><\/ul>\n<div class=\"sharing-hidden\">\n<div class=\"inner\">\n<ul>\n<li class=\"share-email\"><a rel=\"nofollow noopener noreferrer\" data-shared=\"sharing-email-196023\" class=\"share-email sd-button\" href=\"mailto:?subject=%5BArticol%20partajat%5D%20Casieriile%20APAVIL%20se%20%C3%AEnchid%2C%20pentru%20dou%C4%83%20zile&amp;body=https%3A%2F%2Fwww.curierul.ro%2Fcasieriile-apavil-se-inchid-pentru-doua-zile%2F&amp;share=email\" target=\"_blank\" aria-labelledby=\"sharing-email-196023\" data-email-share-error-title=\"\u021ai-ai configurat emailul?\" data-email-share-error-text=\"Dac\u0103 ai probleme la partajarea prin email, probabil nu ai configurat emailul pentru navigator. Poate trebuie s\u0103 creezi singur un email nou.\" data-email-share-nonce=\"3289a247e5\" data-email-share-track-url=\"https:\/\/www.curierul.ro\/casieriile-apavil-se-inchid-pentru-doua-zile\/?share=email\"><span id=\"sharing-email-196023\" hidden>D\u0103 clic pentru a trimite o leg\u0103tur\u0103 prin email unui prieten(Se deschide \u00eentr-o fereastr\u0103 nou\u0103)<\/span><span>Email<\/span><\/a><\/li>\n<li class=\"share-print\"><a rel=\"nofollow noopener noreferrer\" data-shared=\"sharing-print-196023\" class=\"share-print sd-button\" href=\"https:\/\/www.curierul.ro\/casieriile-apavil-se-inchid-pentru-doua-zile\/#print?share=print\" target=\"_blank\" aria-labelledby=\"sharing-print-196023\"><span id=\"sharing-print-196023\" hidden>D\u0103 clic pentru a imprima(Se deschide \u00eentr-o fereastr\u0103 nou\u0103)<\/span><span>Imprimare<\/span><\/a><\/li>\n<li class=\"share-end\"><\/ul>\n<\/div>\n<\/div>\n<\/div>\n<\/div>\n<\/div>\n<div id=\"jp-relatedposts\" class=\"jp-relatedposts\">\n<h3 class=\"jp-relatedposts-headline\"><em>Similare<\/em><\/h3>\n<\/div>\n<footer class=\"post-footer\">\n<p class=\"tags\"><strong>Tags: <\/strong><a href=\"https:\/\/www.curierul.ro\/tag\/apavil\/\" rel=\"tag\">Apavil<\/a>, <a href=\"https:\/\/www.curierul.ro\/tag\/casierii\/\" rel=\"tag\">casierii<\/a>, <a href=\"https:\/\/www.curierul.ro\/tag\/se-inchid\/\" rel=\"tag\">se \u00eenchid<\/a><\/p>\n<div class=\"post-navigation clearfix\">\n<div class=\"previous-post\">\n<div class=\"featured-photo\"><img decoding=\"async\" width=\"783\" height=\"465\" src=\"https:\/\/analyse.optim.biz\/wp-content\/uploads\/2026\/01\/spital-2022-5.jpg\" class=\"attachment-post-thumbnail size-post-thumbnail wp-post-image\" loading=\"lazy\" title=\"spital-2022-5\"><\/div>\n<p class=\"paginate-title\">\u00ab\u00ab <a href=\"https:\/\/www.curierul.ro\/noi-dotari-medicale-la-spitalul-judetean-de-urgenta-valcea\/\" rel=\"prev\">Noi dot\u0103ri medicale la Spitalul Jude\u021bean de Urgen\u021b\u0103 V\u00e2lcea!<\/a><\/p>\n<\/div>\n<div class=\"next-post\">\n<div class=\"featured-photo\"><img decoding=\"async\" width=\"1094\" height=\"616\" src=\"https:\/\/analyse.optim.biz\/wp-content\/uploads\/2026\/01\/img_20260123_000250-4.jpg\" class=\"attachment-post-thumbnail size-post-thumbnail wp-post-image\" loading=\"lazy\" title=\"img_20260123_000250-4\"><\/div>\n<p class=\"paginate-title\"><a href=\"https:\/\/www.curierul.ro\/liga-3-retrospectiva-partialului-de-sezon-si-proiectii-2026-pentru-echipele-valcene\/\" rel=\"next\">LIGA 3. RETROSPECTIVA PAR\u021aIALULUI DE SEZON \u0218I PROIEC\u021aII 2026 PENTRU ECHIPELE V\u00c2LCENE<\/a> \u00bb\u00bb<\/p>\n<\/div>\n<\/div>\n<div id=\"comments\" class=\"comments-area\">\n<div id=\"respond\" class=\"comment-respond\">\n<h3 id=\"reply-title\" class=\"comment-reply-title\">Po\u021bi comenta aici<small><a rel=\"nofollow\" id=\"cancel-comment-reply-link\" href=\"https:\/\/www.curierul.ro\/casieriile-apavil-se-inchid-pentru-doua-zile\/#respond\">Anuleaz\u0103 r\u0103spunsul<\/a><\/small><\/h3>\n<\/div>\n<p class=\"akismet_comment_form_privacy_notice\">Acest site folose\u0219te Akismet pentru a reduce spamul. <a href=\"https:\/\/akismet.com\/privacy\/\" target=\"_blank\" rel=\"nofollow noopener\">Afl\u0103 cum sunt procesate datele comentariilor tale<\/a>.<\/p>\n<\/div>\n<section class=\"related-stories\">\n<h2>Related Stories<\/h2>\n<div class=\"stories-container\">\n<article id=\"latest-195949\" class=\"story post-195949 post type-post status-publish format-standard has-post-thumbnail hentry category-actualitate category-impact category-politica tag-apavil tag-avarie tag-fara-apa-rece tag-ramnic-2 tag-strazi-2\">\n<div class=\"photo\"><img decoding=\"async\" width=\"735\" height=\"440\" src=\"https:\/\/analyse.optim.biz\/wp-content\/uploads\/2026\/01\/se-opreste-apa-640x400-1-38.png\" class=\"attachment-giornalismo-single size-giornalismo-single wp-post-image\" loading=\"lazy\" title=\"se-opreste-apa-640x400-1-38\"><\/div>\n<p class=\"headline\"><a href=\"https:\/\/www.curierul.ro\/apavil-anunta-avarie-pe-doua-strazi-din-ramnic-locuitorii-din-zona-sase-ore-fara-apa-rece-unde-cand-%f0%9f%91%87%f0%9f%8f%bb%f0%9f%91%87%f0%9f%8f%bb%f0%9f%91%87%f0%9f%8f%bb\/\">Apavil anun\u021b\u0103 avarie pe dou\u0103 str\u0103zi din R\u00e2mnic. Locuitorii din zon\u0103, \u0219ase ore f\u0103r\u0103 ap\u0103 rece. Unde, c\u00e2nd? \ud83d\udc47\ud83c\udffb\ud83d\udc47\ud83c\udffb\ud83d\udc47\ud83c\udffb<\/a><\/p>\n<\/article>\n<article id=\"latest-195944\" class=\"story post-195944 post type-post status-publish format-standard has-post-thumbnail hentry category-actualitate tag-apavil tag-apometre tag-inghet-2 tag-protejati\">\n<div class=\"photo\"><img decoding=\"async\" width=\"735\" height=\"440\" src=\"https:\/\/analyse.optim.biz\/wp-content\/uploads\/2026\/01\/apavil-2019-14.jpg\" class=\"attachment-giornalismo-single size-giornalismo-single wp-post-image\" loading=\"lazy\" title=\"apavil-2019-14\"><\/div>\n<p class=\"headline\"><a href=\"https:\/\/www.curierul.ro\/apavil-recomanda-protejati-apometrele-de-inghet\/\">APAVIL recomand\u0103: Proteja\u021bi apometrele de \u00eenghe\u021b!<\/a><\/p>\n<\/article>\n<article id=\"latest-195739\" class=\"story post-195739 post type-post status-publish format-standard has-post-thumbnail hentry category-anunturi category-publicitate tag-apavil tag-compartiment-juridic tag-concurs tag-consilier-juridic tag-resurse-umane tag-salarizare\">\n<div class=\"photo\"><img decoding=\"async\" width=\"560\" height=\"264\" src=\"https:\/\/analyse.optim.biz\/wp-content\/uploads\/2026\/01\/foto-angajare-8.jpg\" class=\"attachment-giornalismo-single size-giornalismo-single wp-post-image\" loading=\"lazy\" title=\"foto-angajare-8\"><\/div>\n<p class=\"headline\"><a href=\"https:\/\/www.curierul.ro\/apavil-sa-anunt-privind-scoaterea-la-concurs-a-trei-posturi-de-consilier-juridic-in-cadrul-serviciului-resurse-umane-salarizare-si-arhiva-compartimentul-juridic-2\/\">APAVIL SA \u2013 anun\u021b privind scoaterea la concurs a trei posturi de consilier juridic, \u00een cadrul Serviciului Resurse Umane Salarizare \u0219i Arhiv\u0103,\u00a0 Compartimentul Juridic<\/a><\/p>\n<\/article>\n<\/div>\n<\/section>\n<section class=\"latest-category clearfix\">\n<h2 class=\"title\">More Stories From Actualitate<\/h2>\n<div class=\"stories-container\">\n<article id=\"related-196071\" class=\"story post-196071 post type-post status-publish format-standard has-post-thumbnail hentry category-actualitate category-fraze tag-dolari tag-pierdut tag-polul-nord tag-trlion tag-trump\">\n<div class=\"photo\"><img decoding=\"async\" width=\"530\" height=\"213\" src=\"https:\/\/analyse.optim.biz\/wp-content\/uploads\/2026\/01\/marius-carbunescu-1-55.jpg\" class=\"attachment-giornalismo-single size-giornalismo-single wp-post-image\" loading=\"lazy\" title=\"marius-carbunescu-1-55\"><\/div>\n<p class=\"headline\"><a href=\"https:\/\/www.curierul.ro\/trilionul-de-dolari-pierdut-la-polul-nord\/\">Trilionul de dolari pierdut la Polul Nord<\/a><\/p>\n<\/article>\n<article id=\"related-196028\" class=\"story post-196028 post type-post status-publish format-standard has-post-thumbnail hentry category-actualitate category-fotbal category-headlines category-sport\">\n<div class=\"photo\"><img decoding=\"async\" width=\"735\" height=\"440\" src=\"https:\/\/analyse.optim.biz\/wp-content\/uploads\/2026\/01\/img_20260123_000250-4.jpg\" class=\"attachment-giornalismo-single size-giornalismo-single wp-post-image\" loading=\"lazy\" title=\"img_20260123_000250-4\"><\/div>\n<p class=\"headline\"><a href=\"https:\/\/www.curierul.ro\/liga-3-retrospectiva-partialului-de-sezon-si-proiectii-2026-pentru-echipele-valcene\/\">LIGA 3. RETROSPECTIVA PAR\u021aIALULUI DE SEZON \u0218I PROIEC\u021aII 2026 PENTRU ECHIPELE V\u00c2LCENE<\/a><\/p>\n<\/article>\n<article id=\"related-196036\" class=\"story post-196036 post type-post status-publish format-standard has-post-thumbnail hentry category-actualitate category-sanatate category-social\">\n<div class=\"photo\"><img decoding=\"async\" width=\"735\" height=\"440\" src=\"https:\/\/analyse.optim.biz\/wp-content\/uploads\/2026\/01\/spital-2022-5.jpg\" class=\"attachment-giornalismo-single size-giornalismo-single wp-post-image\" loading=\"lazy\" title=\"spital-2022-5\"><\/div>\n<p class=\"headline\"><a href=\"https:\/\/www.curierul.ro\/noi-dotari-medicale-la-spitalul-judetean-de-urgenta-valcea\/\">Noi dot\u0103ri medicale la Spitalul Jude\u021bean de Urgen\u021b\u0103 V\u00e2lcea!<\/a><\/p>\n<\/article>\n<\/div>\n<\/section>\n<section class=\"author-bio clearfix\">\n<div class=\"mug-shot\"><img decoding=\"async\" src=\"https:\/\/analyse.optim.biz\/wp-content\/uploads\/2026\/01\/2a58d181c1d85262357d59db6fc29158130ca794fc45057783762a4c0eb9167f-71.jpg\" class=\"avatar avatar-96 photo\" height=\"96\" width=\"96\" loading=\"lazy\" title=\"2a58d181c1d85262357d59db6fc29158130ca794fc45057783762a4c0eb9167f-71\"><\/div>\n<div class=\"author-info\">\n<p class=\"title\">About Curierul de Valcea, <\/p>\n<div class=\"author-social-area\"><a href=\"mailto:curierul@curierul.ro\"><span class=\"fal fa-envelope\"><span class=\"screen-reader-text\">Email the Author<\/span><\/span><\/a><\/div>\n<\/div>\n<\/section>\n<\/footer>\n<\/article>\n<article id=\"latest-195949\" class=\"story post-195949 post type-post status-publish format-standard has-post-thumbnail hentry category-actualitate category-impact category-politica tag-apavil tag-avarie tag-fara-apa-rece tag-ramnic-2 tag-strazi-2\">\n<div class=\"photo\"><img decoding=\"async\" width=\"735\" height=\"440\" src=\"https:\/\/analyse.optim.biz\/wp-content\/uploads\/2026\/01\/se-opreste-apa-640x400-1-38.png\" class=\"attachment-giornalismo-single size-giornalismo-single wp-post-image\" loading=\"lazy\" title=\"se-opreste-apa-640x400-1-38\"><\/div>\n<p class=\"headline\"><a href=\"https:\/\/www.curierul.ro\/apavil-anunta-avarie-pe-doua-strazi-din-ramnic-locuitorii-din-zona-sase-ore-fara-apa-rece-unde-cand-%f0%9f%91%87%f0%9f%8f%bb%f0%9f%91%87%f0%9f%8f%bb%f0%9f%91%87%f0%9f%8f%bb\/\">Apavil anun\u021b\u0103 avarie pe dou\u0103 str\u0103zi din R\u00e2mnic. Locuitorii din zon\u0103, \u0219ase ore f\u0103r\u0103 ap\u0103 rece. Unde, c\u00e2nd? \ud83d\udc47\ud83c\udffb\ud83d\udc47\ud83c\udffb\ud83d\udc47\ud83c\udffb<\/a><\/p>\n<\/article>\n<article id=\"latest-195944\" class=\"story post-195944 post type-post status-publish format-standard has-post-thumbnail hentry category-actualitate tag-apavil tag-apometre tag-inghet-2 tag-protejati\">\n<div class=\"photo\"><img decoding=\"async\" width=\"735\" height=\"440\" src=\"https:\/\/analyse.optim.biz\/wp-content\/uploads\/2026\/01\/apavil-2019-14.jpg\" class=\"attachment-giornalismo-single size-giornalismo-single wp-post-image\" loading=\"lazy\" title=\"apavil-2019-14\"><\/div>\n<p class=\"headline\"><a href=\"https:\/\/www.curierul.ro\/apavil-recomanda-protejati-apometrele-de-inghet\/\">APAVIL recomand\u0103: Proteja\u021bi apometrele de \u00eenghe\u021b!<\/a><\/p>\n<\/article>\n<article id=\"latest-195739\" class=\"story post-195739 post type-post status-publish format-standard has-post-thumbnail hentry category-anunturi category-publicitate tag-apavil tag-compartiment-juridic tag-concurs tag-consilier-juridic tag-resurse-umane tag-salarizare\">\n<div class=\"photo\"><img decoding=\"async\" width=\"560\" height=\"264\" src=\"https:\/\/analyse.optim.biz\/wp-content\/uploads\/2026\/01\/foto-angajare-8.jpg\" class=\"attachment-giornalismo-single size-giornalismo-single wp-post-image\" loading=\"lazy\" title=\"foto-angajare-8\"><\/div>\n<p class=\"headline\"><a href=\"https:\/\/www.curierul.ro\/apavil-sa-anunt-privind-scoaterea-la-concurs-a-trei-posturi-de-consilier-juridic-in-cadrul-serviciului-resurse-umane-salarizare-si-arhiva-compartimentul-juridic-2\/\">APAVIL SA \u2013 anun\u021b privind scoaterea la concurs a trei posturi de consilier juridic, \u00een cadrul Serviciului Resurse Umane Salarizare \u0219i Arhiv\u0103,\u00a0 Compartimentul Juridic<\/a><\/p>\n<\/article>\n<article id=\"related-196071\" class=\"story post-196071 post type-post status-publish format-standard has-post-thumbnail hentry category-actualitate category-fraze tag-dolari tag-pierdut tag-polul-nord tag-trlion tag-trump\">\n<div class=\"photo\"><img decoding=\"async\" width=\"530\" height=\"213\" src=\"https:\/\/analyse.optim.biz\/wp-content\/uploads\/2026\/01\/marius-carbunescu-1-55.jpg\" class=\"attachment-giornalismo-single size-giornalismo-single wp-post-image\" loading=\"lazy\" title=\"marius-carbunescu-1-55\"><\/div>\n<p class=\"headline\"><a href=\"https:\/\/www.curierul.ro\/trilionul-de-dolari-pierdut-la-polul-nord\/\">Trilionul de dolari pierdut la Polul Nord<\/a><\/p>\n<\/article>\n<article id=\"related-196028\" class=\"story post-196028 post type-post status-publish format-standard has-post-thumbnail hentry category-actualitate category-fotbal category-headlines category-sport\">\n<div class=\"photo\"><img decoding=\"async\" width=\"735\" height=\"440\" src=\"https:\/\/analyse.optim.biz\/wp-content\/uploads\/2026\/01\/img_20260123_000250-4.jpg\" class=\"attachment-giornalismo-single size-giornalismo-single wp-post-image\" loading=\"lazy\" title=\"img_20260123_000250-4\"><\/div>\n<p class=\"headline\"><a href=\"https:\/\/www.curierul.ro\/liga-3-retrospectiva-partialului-de-sezon-si-proiectii-2026-pentru-echipele-valcene\/\">LIGA 3. RETROSPECTIVA PAR\u021aIALULUI DE SEZON \u0218I PROIEC\u021aII 2026 PENTRU ECHIPELE V\u00c2LCENE<\/a><\/p>\n<\/article>\n<article id=\"related-196036\" class=\"story post-196036 post type-post status-publish format-standard has-post-thumbnail hentry category-actualitate category-sanatate category-social\">\n<div class=\"photo\"><img decoding=\"async\" width=\"735\" height=\"440\" src=\"https:\/\/analyse.optim.biz\/wp-content\/uploads\/2026\/01\/spital-2022-5.jpg\" class=\"attachment-giornalismo-single size-giornalismo-single wp-post-image\" loading=\"lazy\" title=\"spital-2022-5\"><\/div>\n<p class=\"headline\"><a href=\"https:\/\/www.curierul.ro\/noi-dotari-medicale-la-spitalul-judetean-de-urgenta-valcea\/\">Noi dot\u0103ri medicale la Spitalul Jude\u021bean de Urgen\u021b\u0103 V\u00e2lcea!<\/a><\/p>\n<\/article>\n<p> Source URL: https:\/\/www.curierul.ro\/casieriile-apavil-se-inchid-pentru-doua-zile\/<\/p>\n","protected":false},"excerpt":{"rendered":"<p>Home Actualitate Casieriile APAVIL se \u00eenchid, pentru dou\u0103 zile Casieriile APAVIL se \u00eenchid, pentru dou\u0103 zile Scris deCurierul de Valcea, 23 ianuarie 2026 Av\u00e2nd \u00een vedere necesitatea alinierii la tehnologiile de dezvoltare curente, ce presupun instalarea platformei informatice necesar\u0103 desf\u0103\u0219ur\u0103rii activit\u0103\u021bilor aferente casieriilor, v\u0103 inform\u0103m c\u0103 programul casieriilor de la sediul Apavil S.A., str. Carol [&hellip;]<\/p>\n","protected":false},"author":1,"featured_media":1392700,"comment_status":"open","ping_status":"","sticky":false,"template":"","format":"standard","meta":{"footnotes":""},"categories":[89],"tags":[213],"class_list":["post-1392699","post","type-post","status-publish","format-standard","has-post-thumbnail","hentry","category-romania","tag-curierul-ro"],"_links":{"self":[{"href":"https:\/\/analyse.optim.biz\/index.php?rest_route=\/wp\/v2\/posts\/1392699","targetHints":{"allow":["GET"]}}],"collection":[{"href":"https:\/\/analyse.optim.biz\/index.php?rest_route=\/wp\/v2\/posts"}],"about":[{"href":"https:\/\/analyse.optim.biz\/index.php?rest_route=\/wp\/v2\/types\/post"}],"author":[{"embeddable":true,"href":"https:\/\/analyse.optim.biz\/index.php?rest_route=\/wp\/v2\/users\/1"}],"replies":[{"embeddable":true,"href":"https:\/\/analyse.optim.biz\/index.php?rest_route=%2Fwp%2Fv2%2Fcomments&post=1392699"}],"version-history":[{"count":0,"href":"https:\/\/analyse.optim.biz\/index.php?rest_route=\/wp\/v2\/posts\/1392699\/revisions"}],"wp:featuredmedia":[{"embeddable":true,"href":"https:\/\/analyse.optim.biz\/index.php?rest_route=\/wp\/v2\/media\/1392700"}],"wp:attachment":[{"href":"https:\/\/analyse.optim.biz\/index.php?rest_route=%2Fwp%2Fv2%2Fmedia&parent=1392699"}],"wp:term":[{"taxonomy":"category","embeddable":true,"href":"https:\/\/analyse.optim.biz\/index.php?rest_route=%2Fwp%2Fv2%2Fcategories&post=1392699"},{"taxonomy":"post_tag","embeddable":true,"href":"https:\/\/analyse.optim.biz\/index.php?rest_route=%2Fwp%2Fv2%2Ftags&post=1392699"}],"curies":[{"name":"wp","href":"https:\/\/api.w.org\/{rel}","templated":true}]}}