{"id":1392655,"date":"2026-01-26T07:31:41","date_gmt":"2026-01-26T04:31:41","guid":{"rendered":"https:\/\/analyse.optim.biz\/?p=1392655"},"modified":"2026-01-26T07:31:41","modified_gmt":"2026-01-26T04:31:41","slug":"dn-7-si-a-luat-din-nou-tributul-un-tanar-de-19-ani-decedat-alti-patru-au-ajuns-la-spital","status":"publish","type":"post","link":"https:\/\/analyse.optim.biz\/?p=1392655","title":{"rendered":"DN 7 \u0219i-a luat din nou tributul \u2013 un t\u00e2n\u0103r de 19 ani, decedat, al\u021bi patru au ajuns la spital"},"content":{"rendered":"<article id=\"196058\" class=\"post-196058 post type-post status-publish format-standard has-post-thumbnail hentry category-ceasul-rau category-headlines category-politie category-social tag-decedat tag-dn-7 tag-spital tag-tanar-2\">\n<header class=\"post-header\">\n<ul class=\"breadcrumbs\">\n<li><a href=\"https:\/\/www.curierul.ro\">Home<\/a><\/li>\n<li class=\"breadcrumbs-active .category-ceasul-rau\"><a href=\"https:\/\/www.curierul.ro\/index.php?cat=54\">Ceasul rau<\/a><\/li>\n<li class=\"breadcrumbs-active .category-ceasul-rau\">DN 7 \u0219i-a luat din nou tributul \u2013 un t\u00e2n\u0103r de 19 ani, decedat, al\u021bi patru au ajuns la spital<\/li>\n<\/ul>\n<div class=\"featured-photo\"><img loading=\"lazy\" decoding=\"async\" width=\"2040\" height=\"1530\" src=\"https:\/\/analyse.optim.biz\/wp-content\/uploads\/2026\/01\/accident-calimanesti-1.jpeg\" class=\"attachment-single size-single wp-post-image\" title=\"accident-calimanesti-1\"><\/div>\n<h1 class=\"headline\">DN 7 \u0219i-a luat din nou tributul \u2013 un t\u00e2n\u0103r de 19 ani, decedat, al\u021bi patru au ajuns la spital<\/h1>\n<p class=\"byline\">\n\t\tScris de<a href=\"https:\/\/www.curierul.ro\/author\/curierul\/\">Curierul de Valcea<\/a>, \t\t26 ianuarie 2026\t\t\t\t<\/p>\n<hr>\n<\/header>\n<p>\u00cen aceast\u0103 diminea\u021ba (26 ianuarie 2026, n.r), \u00een jurul orei 06:00, poli\u021bi\u0219tii Serviciului Rutier V\u00e2lcea au intervenit la un accident rutier, produs pe DN 7, la kilometrul 190, pe raza localit\u0103\u021bii C\u0103lim\u0103ne\u0219ti. Din primele verific\u0103ri efectuate la fa\u021ba locului, s-a stabilit c\u0103 un t\u00e2n\u0103r de 19 ani, din municipiul Pite\u0219ti,\u00a0 aflat la volanul unui autoturism, \u00een timp ce s-ar fi angajat \u00een dep\u0103\u0219irea unui alt vehicul care circula \u00een acela\u0219i sens, ar fi intrat \u00een coliziune frontal\u0103 cu un ansamblu de vehicule (TIR), condus de un b\u0103rbat de 56 de ani.<\/p>\n<p>\u00cen urma evenimentului rutier, conduc\u0103torul autoturismului a decedat, iar al\u021bi patru pasageri din acela\u0219i autoturism au fost r\u0103ni\u021bi \u0219i transporta\u021bi la spital pentru acordarea de \u00eengrijiri medicale.<\/p>\n<p>Conduc\u0103torul ansamblului de vehicule a fost testat cu aparatul etilotest, rezultatul fiind negativ. Cercet\u0103rile sunt continuate de poli\u021bi\u0219ti, \u00een cadrul unui dosar penal, pentru stabilirea tuturor cauzelor \u0219i \u00eemprejur\u0103rilor \u00een care s-a produs accidentul rutier.<\/p>\n<div class=\"sharedaddy sd-sharing-enabled\">\n<div class=\"robots-nocontent sd-block sd-social sd-social-official sd-sharing\">\n<h3 class=\"sd-title\">Distribuie pe:<\/h3>\n<div class=\"sd-content\">\n<ul>\n<li class=\"share-facebook\">\n<li class=\"share-twitter\"><a href=\"https:\/\/twitter.com\/share\" class=\"twitter-share-button\" data-url=\"https:\/\/www.curierul.ro\/dn-7-si-a-luat-din-nou-tributul-un-tanar-de-19-ani-decedat-alti-patru-au-ajuns-la-spital\/\" data-text=\"DN 7 \u0219i-a luat din nou tributul - un t\u00e2n\u0103r de 19 ani, decedat, al\u021bi patru au ajuns la spital\" data-via=\"curierulvl\">Tweet<\/a><\/li>\n<li class=\"share-jetpack-whatsapp\"><a rel=\"nofollow noopener noreferrer\" data-shared=\"sharing-whatsapp-196058\" class=\"share-jetpack-whatsapp sd-button\" href=\"https:\/\/www.curierul.ro\/dn-7-si-a-luat-din-nou-tributul-un-tanar-de-19-ani-decedat-alti-patru-au-ajuns-la-spital\/?share=jetpack-whatsapp\" target=\"_blank\" aria-labelledby=\"sharing-whatsapp-196058\"><span id=\"sharing-whatsapp-196058\" hidden>D\u0103 clic pentru partajare pe WhatsApp(Se deschide \u00eentr-o fereastr\u0103 nou\u0103)<\/span><span>WhatsApp<\/span><\/a><\/li>\n<li><a href=\"https:\/\/www.curierul.ro\/dn-7-si-a-luat-din-nou-tributul-un-tanar-de-19-ani-decedat-alti-patru-au-ajuns-la-spital\/\" class=\"sharing-anchor sd-button share-more\"><span>Mai mult<\/span><\/a><\/li>\n<li class=\"share-end\"><\/ul>\n<div class=\"sharing-hidden\">\n<div class=\"inner\">\n<ul>\n<li class=\"share-email\"><a rel=\"nofollow noopener noreferrer\" data-shared=\"sharing-email-196058\" class=\"share-email sd-button\" href=\"mailto:?subject=%5BArticol%20partajat%5D%20DN%207%20%C8%99i-a%20luat%20din%20nou%20tributul%20-%20un%20t%C3%A2n%C4%83r%20de%2019%20ani%2C%20decedat%2C%20al%C8%9Bi%20patru%20au%20ajuns%20la%20spital&amp;body=https%3A%2F%2Fwww.curierul.ro%2Fdn-7-si-a-luat-din-nou-tributul-un-tanar-de-19-ani-decedat-alti-patru-au-ajuns-la-spital%2F&amp;share=email\" target=\"_blank\" aria-labelledby=\"sharing-email-196058\" data-email-share-error-title=\"\u021ai-ai configurat emailul?\" data-email-share-error-text=\"Dac\u0103 ai probleme la partajarea prin email, probabil nu ai configurat emailul pentru navigator. Poate trebuie s\u0103 creezi singur un email nou.\" data-email-share-nonce=\"9f51dead01\" data-email-share-track-url=\"https:\/\/www.curierul.ro\/dn-7-si-a-luat-din-nou-tributul-un-tanar-de-19-ani-decedat-alti-patru-au-ajuns-la-spital\/?share=email\"><span id=\"sharing-email-196058\" hidden>D\u0103 clic pentru a trimite o leg\u0103tur\u0103 prin email unui prieten(Se deschide \u00eentr-o fereastr\u0103 nou\u0103)<\/span><span>Email<\/span><\/a><\/li>\n<li class=\"share-print\"><a rel=\"nofollow noopener noreferrer\" data-shared=\"sharing-print-196058\" class=\"share-print sd-button\" href=\"https:\/\/www.curierul.ro\/dn-7-si-a-luat-din-nou-tributul-un-tanar-de-19-ani-decedat-alti-patru-au-ajuns-la-spital\/#print?share=print\" target=\"_blank\" aria-labelledby=\"sharing-print-196058\"><span id=\"sharing-print-196058\" hidden>D\u0103 clic pentru a imprima(Se deschide \u00eentr-o fereastr\u0103 nou\u0103)<\/span><span>Imprimare<\/span><\/a><\/li>\n<li class=\"share-end\"><\/ul>\n<\/div>\n<\/div>\n<\/div>\n<\/div>\n<\/div>\n<div id=\"jp-relatedposts\" class=\"jp-relatedposts\">\n<h3 class=\"jp-relatedposts-headline\"><em>Similare<\/em><\/h3>\n<\/div>\n<footer class=\"post-footer\">\n<p class=\"tags\"><strong>Tags: <\/strong><a href=\"https:\/\/www.curierul.ro\/tag\/decedat\/\" rel=\"tag\">decedat<\/a>, <a href=\"https:\/\/www.curierul.ro\/tag\/dn-7\/\" rel=\"tag\">DN 7<\/a>, <a href=\"https:\/\/www.curierul.ro\/tag\/spital\/\" rel=\"tag\">SPITAL<\/a>, <a href=\"https:\/\/www.curierul.ro\/tag\/tanar-2\/\" rel=\"tag\">t\u00e2n\u0103r<\/a><\/p>\n<div class=\"post-navigation clearfix\">\n<div class=\"previous-post\">\n<div class=\"featured-photo\"><img loading=\"lazy\" decoding=\"async\" width=\"1536\" height=\"758\" src=\"https:\/\/analyse.optim.biz\/wp-content\/uploads\/2026\/01\/junioare-handbal-2.jpeg\" class=\"attachment-post-thumbnail size-post-thumbnail wp-post-image\" title=\"junioare-handbal-2\"><\/div>\n<p class=\"paginate-title\">\u00ab\u00ab <a href=\"https:\/\/www.curierul.ro\/scm-ramnicu-valcea-csm-targu-mures-50-19-in-cupa-romaniei-victorie-si-la-junioare\/\" rel=\"prev\">SCM R\u00c2MNICU V\u00c2LCEA \u2013 CSM T\u00c2RGU MURE\u0218 50-19, \u00ceN CUPA ROM\u00c2NIEI. VICTORIE \u0218I LA JUNIOARE<\/a><\/p>\n<\/div>\n<div class=\"next-post\">\n<div class=\"featured-photo\"><img decoding=\"async\" width=\"1551\" height=\"772\" src=\"https:\/\/analyse.optim.biz\/wp-content\/uploads\/2026\/01\/et-1.jpg\" class=\"attachment-post-thumbnail size-post-thumbnail wp-post-image\" loading=\"lazy\" title=\"et-1\"><\/div>\n<p class=\"paginate-title\"><a href=\"https:\/\/www.curierul.ro\/o-gradinita-de-nivel-european-scoala-etwinning-2025-2026-si-activitati-care-sustin-distinctia-primita\/\" rel=\"next\">O GR\u0102DINI\u021a\u0102 DE NIVEL EUROPEAN \u201e\u0218COAL\u0102 ETWINNING 2025-2026\u201d \u0218I ACTIVIT\u0102\u021aI CARE SUS\u021aIN DISTINC\u021aIA PRIMIT\u0102<\/a> \u00bb\u00bb<\/p>\n<\/div>\n<\/div>\n<div id=\"comments\" class=\"comments-area\">\n<div id=\"respond\" class=\"comment-respond\">\n<h3 id=\"reply-title\" class=\"comment-reply-title\">Po\u021bi comenta aici<small><a rel=\"nofollow\" id=\"cancel-comment-reply-link\" href=\"https:\/\/www.curierul.ro\/dn-7-si-a-luat-din-nou-tributul-un-tanar-de-19-ani-decedat-alti-patru-au-ajuns-la-spital\/#respond\">Anuleaz\u0103 r\u0103spunsul<\/a><\/small><\/h3>\n<\/div>\n<p class=\"akismet_comment_form_privacy_notice\">Acest site folose\u0219te Akismet pentru a reduce spamul. <a href=\"https:\/\/akismet.com\/privacy\/\" target=\"_blank\" rel=\"nofollow noopener\">Afl\u0103 cum sunt procesate datele comentariilor tale<\/a>.<\/p>\n<\/div>\n<section class=\"related-stories\">\n<h2>Related Stories<\/h2>\n<div class=\"stories-container\">\n<article id=\"latest-185220\" class=\"story post-185220 post type-post status-publish format-standard has-post-thumbnail hentry category-ceasul-rau category-impact category-politie category-social tag-comuna-stroesti tag-decedat tag-medicina-legala-valcea tag-politia-maldaresti tag-spanzurat-2\">\n<div class=\"photo\"><img decoding=\"async\" width=\"655\" height=\"440\" src=\"https:\/\/analyse.optim.biz\/wp-content\/uploads\/2026\/01\/lumanare-4.jpeg\" class=\"attachment-giornalismo-single size-giornalismo-single wp-post-image\" loading=\"lazy\" title=\"lumanare-4\"><\/div>\n<p class=\"headline\"><a href=\"https:\/\/www.curierul.ro\/a-decis-sa-isi-puna-capat-zilelor-la-88-de-ani\/\">A decis s\u0103 \u00ee\u0219i pun\u0103 cap\u0103t zilelor la 88 de ani<\/a><\/p>\n<\/article>\n<article id=\"latest-110485\" class=\"story post-110485 post type-post status-publish format-standard has-post-thumbnail hentry category-impact category-sanatate category-social tag-condamnat tag-constantin-ploscaru tag-decedat tag-inchisoare\">\n<div class=\"photo\"><img decoding=\"async\" width=\"735\" height=\"440\" src=\"https:\/\/analyse.optim.biz\/wp-content\/uploads\/2026\/01\/ploscaru-e1548353302659.jpg\" class=\"attachment-giornalismo-single size-giornalismo-single wp-post-image\" loading=\"lazy\" title=\"ploscaru-e1548353302659\"><\/div>\n<p class=\"headline\"><a href=\"https:\/\/www.curierul.ro\/a-decedat-chirurgul-constantin-ploscaru\/\">A decedat chirurgul Constantin Ploscaru<\/a><\/p>\n<\/article>\n<\/div>\n<\/section>\n<section class=\"latest-category clearfix\">\n<h2 class=\"title\">More Stories From Ceasul rau<\/h2>\n<div class=\"stories-container\">\n<article id=\"related-196068\" class=\"story post-196068 post type-post status-publish format-standard has-post-thumbnail hentry category-ceasul-rau category-isu category-social tag-incendii tag-persoane-decedate tag-weekwnd\">\n<div class=\"photo\"><img decoding=\"async\" width=\"735\" height=\"440\" src=\"https:\/\/analyse.optim.biz\/wp-content\/uploads\/2026\/01\/incendiu-e1769415907224.jpeg\" class=\"attachment-giornalismo-single size-giornalismo-single wp-post-image\" loading=\"lazy\" title=\"incendiu-e1769415907224\"><\/div>\n<p class=\"headline\"><a href=\"https:\/\/www.curierul.ro\/un-weekend-cu-doua-persoane-decedate-in-incendii-la-galicea-si-lalosu\/\">Un weekend cu dou\u0103 persoane decedate \u00een incendii, la Galicea \u0219i Lalo\u0219u<\/a><\/p>\n<\/article>\n<article id=\"related-195972\" class=\"story post-195972 post type-post status-publish format-standard has-post-thumbnail hentry category-ceasul-rau category-headlines category-politie category-social tag-accident tag-ghinion tag-masina-politie tag-serviciul-rutier\">\n<div class=\"photo\"><img decoding=\"async\" width=\"735\" height=\"440\" src=\"https:\/\/analyse.optim.biz\/wp-content\/uploads\/2026\/01\/accident-raureni-e1768549775867-20.jpeg\" class=\"attachment-giornalismo-single size-giornalismo-single wp-post-image\" loading=\"lazy\" title=\"accident-raureni-e1768549775867-20\"><\/div>\n<p class=\"headline\"><a href=\"https:\/\/www.curierul.ro\/culmea-ghinionului-sa-faci-accident-cu-o-masina-de-politie-la-poarta-serviciului-rutier\/\">Culmea ghinionului\u2026s\u0103 faci accident cu o ma\u0219in\u0103 de poli\u021bie, la poarta Serviciului Rutier<\/a><\/p>\n<\/article>\n<article id=\"related-195929\" class=\"story post-195929 post type-post status-publish format-standard has-post-thumbnail hentry category-ceasul-rau category-headlines category-politie category-social tag-arme tag-confiscate tag-madulari-2 tag-metal-2 tag-perchezitii-2 tag-proiectile\">\n<div class=\"photo\"><img decoding=\"async\" width=\"735\" height=\"440\" src=\"https:\/\/analyse.optim.biz\/wp-content\/uploads\/2026\/01\/pistol-e1767968968747-16.jpeg\" class=\"attachment-giornalismo-single size-giornalismo-single wp-post-image\" loading=\"lazy\" title=\"pistol-e1767968968747-16\"><\/div>\n<p class=\"headline\"><a href=\"https:\/\/www.curierul.ro\/perchezitii-la-madulari-doua-arme-si-peste-2000-de-proiectile-din-metal-si-plastic-au-fost-confiscate\/\">Perchezi\u021bii la M\u0103dulari. Dou\u0103 arme \u0219i peste 2000 de proiectile din metal \u0219i plastic au fost confiscate<\/a><\/p>\n<\/article>\n<\/div>\n<\/section>\n<section class=\"author-bio clearfix\">\n<div class=\"mug-shot\"><img decoding=\"async\" src=\"https:\/\/analyse.optim.biz\/wp-content\/uploads\/2026\/01\/2a58d181c1d85262357d59db6fc29158130ca794fc45057783762a4c0eb9167f-70.jpg\" class=\"avatar avatar-96 photo\" height=\"96\" width=\"96\" loading=\"lazy\" title=\"2a58d181c1d85262357d59db6fc29158130ca794fc45057783762a4c0eb9167f-70\"><\/div>\n<div class=\"author-info\">\n<p class=\"title\">About Curierul de Valcea, <\/p>\n<div class=\"author-social-area\"><a href=\"mailto:curierul@curierul.ro\"><span class=\"fal fa-envelope\"><span class=\"screen-reader-text\">Email the Author<\/span><\/span><\/a><\/div>\n<\/div>\n<\/section>\n<\/footer>\n<\/article>\n<article id=\"latest-185220\" class=\"story post-185220 post type-post status-publish format-standard has-post-thumbnail hentry category-ceasul-rau category-impact category-politie category-social tag-comuna-stroesti tag-decedat tag-medicina-legala-valcea tag-politia-maldaresti tag-spanzurat-2\">\n<div class=\"photo\"><img decoding=\"async\" width=\"655\" height=\"440\" src=\"https:\/\/analyse.optim.biz\/wp-content\/uploads\/2026\/01\/lumanare-4.jpeg\" class=\"attachment-giornalismo-single size-giornalismo-single wp-post-image\" loading=\"lazy\" title=\"lumanare-4\"><\/div>\n<p class=\"headline\"><a href=\"https:\/\/www.curierul.ro\/a-decis-sa-isi-puna-capat-zilelor-la-88-de-ani\/\">A decis s\u0103 \u00ee\u0219i pun\u0103 cap\u0103t zilelor la 88 de ani<\/a><\/p>\n<\/article>\n<article id=\"latest-110485\" class=\"story post-110485 post type-post status-publish format-standard has-post-thumbnail hentry category-impact category-sanatate category-social tag-condamnat tag-constantin-ploscaru tag-decedat tag-inchisoare\">\n<div class=\"photo\"><img decoding=\"async\" width=\"735\" height=\"440\" src=\"https:\/\/analyse.optim.biz\/wp-content\/uploads\/2026\/01\/ploscaru-e1548353302659.jpg\" class=\"attachment-giornalismo-single size-giornalismo-single wp-post-image\" loading=\"lazy\" title=\"ploscaru-e1548353302659\"><\/div>\n<p class=\"headline\"><a href=\"https:\/\/www.curierul.ro\/a-decedat-chirurgul-constantin-ploscaru\/\">A decedat chirurgul Constantin Ploscaru<\/a><\/p>\n<\/article>\n<article id=\"related-196068\" class=\"story post-196068 post type-post status-publish format-standard has-post-thumbnail hentry category-ceasul-rau category-isu category-social tag-incendii tag-persoane-decedate tag-weekwnd\">\n<div class=\"photo\"><img decoding=\"async\" width=\"735\" height=\"440\" src=\"https:\/\/analyse.optim.biz\/wp-content\/uploads\/2026\/01\/incendiu-e1769415907224.jpeg\" class=\"attachment-giornalismo-single size-giornalismo-single wp-post-image\" loading=\"lazy\" title=\"incendiu-e1769415907224\"><\/div>\n<p class=\"headline\"><a href=\"https:\/\/www.curierul.ro\/un-weekend-cu-doua-persoane-decedate-in-incendii-la-galicea-si-lalosu\/\">Un weekend cu dou\u0103 persoane decedate \u00een incendii, la Galicea \u0219i Lalo\u0219u<\/a><\/p>\n<\/article>\n<article id=\"related-195972\" class=\"story post-195972 post type-post status-publish format-standard has-post-thumbnail hentry category-ceasul-rau category-headlines category-politie category-social tag-accident tag-ghinion tag-masina-politie tag-serviciul-rutier\">\n<div class=\"photo\"><img decoding=\"async\" width=\"735\" height=\"440\" src=\"https:\/\/analyse.optim.biz\/wp-content\/uploads\/2026\/01\/accident-raureni-e1768549775867-20.jpeg\" class=\"attachment-giornalismo-single size-giornalismo-single wp-post-image\" loading=\"lazy\" title=\"accident-raureni-e1768549775867-20\"><\/div>\n<p class=\"headline\"><a href=\"https:\/\/www.curierul.ro\/culmea-ghinionului-sa-faci-accident-cu-o-masina-de-politie-la-poarta-serviciului-rutier\/\">Culmea ghinionului\u2026s\u0103 faci accident cu o ma\u0219in\u0103 de poli\u021bie, la poarta Serviciului Rutier<\/a><\/p>\n<\/article>\n<article id=\"related-195929\" class=\"story post-195929 post type-post status-publish format-standard has-post-thumbnail hentry category-ceasul-rau category-headlines category-politie category-social tag-arme tag-confiscate tag-madulari-2 tag-metal-2 tag-perchezitii-2 tag-proiectile\">\n<div class=\"photo\"><img decoding=\"async\" width=\"735\" height=\"440\" src=\"https:\/\/analyse.optim.biz\/wp-content\/uploads\/2026\/01\/pistol-e1767968968747-16.jpeg\" class=\"attachment-giornalismo-single size-giornalismo-single wp-post-image\" loading=\"lazy\" title=\"pistol-e1767968968747-16\"><\/div>\n<p class=\"headline\"><a href=\"https:\/\/www.curierul.ro\/perchezitii-la-madulari-doua-arme-si-peste-2000-de-proiectile-din-metal-si-plastic-au-fost-confiscate\/\">Perchezi\u021bii la M\u0103dulari. Dou\u0103 arme \u0219i peste 2000 de proiectile din metal \u0219i plastic au fost confiscate<\/a><\/p>\n<\/article>\n<p> Source URL: https:\/\/www.curierul.ro\/dn-7-si-a-luat-din-nou-tributul-un-tanar-de-19-ani-decedat-alti-patru-au-ajuns-la-spital\/<\/p>\n","protected":false},"excerpt":{"rendered":"<p>Home Ceasul rau DN 7 \u0219i-a luat din nou tributul \u2013 un t\u00e2n\u0103r de 19 ani, decedat, al\u021bi patru au ajuns la spital DN 7 \u0219i-a luat din nou tributul \u2013 un t\u00e2n\u0103r de 19 ani, decedat, al\u021bi patru au ajuns la spital Scris deCurierul de Valcea, 26 ianuarie 2026 \u00cen aceast\u0103 diminea\u021ba (26 ianuarie [&hellip;]<\/p>\n","protected":false},"author":1,"featured_media":1392660,"comment_status":"open","ping_status":"","sticky":false,"template":"","format":"standard","meta":{"footnotes":""},"categories":[89],"tags":[213],"class_list":["post-1392655","post","type-post","status-publish","format-standard","has-post-thumbnail","hentry","category-romania","tag-curierul-ro"],"_links":{"self":[{"href":"https:\/\/analyse.optim.biz\/index.php?rest_route=\/wp\/v2\/posts\/1392655","targetHints":{"allow":["GET"]}}],"collection":[{"href":"https:\/\/analyse.optim.biz\/index.php?rest_route=\/wp\/v2\/posts"}],"about":[{"href":"https:\/\/analyse.optim.biz\/index.php?rest_route=\/wp\/v2\/types\/post"}],"author":[{"embeddable":true,"href":"https:\/\/analyse.optim.biz\/index.php?rest_route=\/wp\/v2\/users\/1"}],"replies":[{"embeddable":true,"href":"https:\/\/analyse.optim.biz\/index.php?rest_route=%2Fwp%2Fv2%2Fcomments&post=1392655"}],"version-history":[{"count":0,"href":"https:\/\/analyse.optim.biz\/index.php?rest_route=\/wp\/v2\/posts\/1392655\/revisions"}],"wp:featuredmedia":[{"embeddable":true,"href":"https:\/\/analyse.optim.biz\/index.php?rest_route=\/wp\/v2\/media\/1392660"}],"wp:attachment":[{"href":"https:\/\/analyse.optim.biz\/index.php?rest_route=%2Fwp%2Fv2%2Fmedia&parent=1392655"}],"wp:term":[{"taxonomy":"category","embeddable":true,"href":"https:\/\/analyse.optim.biz\/index.php?rest_route=%2Fwp%2Fv2%2Fcategories&post=1392655"},{"taxonomy":"post_tag","embeddable":true,"href":"https:\/\/analyse.optim.biz\/index.php?rest_route=%2Fwp%2Fv2%2Ftags&post=1392655"}],"curies":[{"name":"wp","href":"https:\/\/api.w.org\/{rel}","templated":true}]}}