{"id":1391560,"date":"2019-02-03T13:25:13","date_gmt":"2019-02-03T10:25:13","guid":{"rendered":"https:\/\/analyse.optim.biz\/?p=1391560"},"modified":"2019-02-03T13:25:13","modified_gmt":"2019-02-03T10:25:13","slug":"un-tanar-s-a-ales-cu-dosar-penal-dupa-ce-a-fost-prins-la-volan-cu-un-permis-fals-suceavalive","status":"publish","type":"post","link":"https:\/\/analyse.optim.biz\/?p=1391560","title":{"rendered":"Un t\u00e2n\u0103r s-a ales cu dosar penal dup\u0103 ce a fost prins la volan cu un permis fals &#8211; SuceavaLIVE"},"content":{"rendered":"<article id=\"post-121804\" class=\"clearfix post-121804 post type-post status-publish format-standard has-post-thumbnail hentry category-comunicate\">\n<header id=\"cb-standard-featured\">\n<div class=\"cb-mask\"><img decoding=\"async\" width=\"560\" height=\"315\" src=\"https:\/\/analyse.optim.biz\/wp-content\/uploads\/2026\/01\/sofer_fara_permis-1.jpg\" class=\"cb-fi-standard wp-post-image\" loading=\"lazy\" title=\"sofer_fara_permis-1\"><\/div>\n<div id=\"cb-fis-wrap\" class=\"cb-entry-header cb-fis cb-style-standard\"><span class=\"cb-title-fi\"><\/p>\n<h1 class=\"entry-title cb-entry-title cb-single-title\">Un t\u00e2n\u0103r s-a ales cu dosar penal dup\u0103 ce a fost prins la volan cu un permis fals<\/h1>\n<div class=\"cb-byline cb-font-header\">\n<div class=\"cb-date cb-byline-element\"><time datetime=\"2019-02-03\">3 februarie 2019<\/time><\/div>\n<\/div>\n<p><\/span><\/div>\n<\/header>\n<section class=\"cb-entry-content entry-content clearfix\">\n<p>Vineri seara, \u00een jurul orei 18:30, \u00a0un echipaj din cadrul Poli\u021biei ora\u0219ului Siret a oprit pentru control pe str. Alexandru cel Bun din localitate, un autoturism condus de un t\u00e2n\u0103r de 18 ani din comuna Gr\u0103nice\u0219ti, care circula f\u0103r\u0103 a avea \u00een func\u021biune luminile de \u00eent\u00e2lnire.<\/p>\n<p>\u00centruc\u00e2t existau suspiciuni cu privire la autenticitatea permisului de conducere eliberat de autorit\u0103\u021bile bulgare \u0219i prezentat de conduc\u0103torul auto, poli\u021bi\u0219tii au efectuat verific\u0103ri, ocazie cu care, au constatat faptul c\u0103, seria permisului de conducere nu apar\u021bine nici t\u00e2n\u0103rului \u0219i nici unei alte persoane.<\/p>\n<p>Permisul de conducere a fost ridicat pe baz\u0103 de dovad\u0103 pentru continuarea cercet\u0103rilor.<\/p>\n<p><strong>\u00cen cauz\u0103 s-a \u00eentocmit dosar penal sub aspectul comiterii infrac\u021biunilor de \u201econducerea pe drumurile publice a unui autovehicul f\u0103r\u0103 a poseda permis de conducere\u201d, \u201efals material \u00een \u00eenscrisuri oficiale\u201d \u0219i \u201euz de fals\u201d, ce va fi solu\u021bionat procedural.<\/strong><\/p>\n<\/section>\n<footer class=\"article-footer\">\n<div class=\"cb-social-sharing cb-post-footer-block cb-beside clearfix\">\n<div class=\"cb-title-subtle\">Share On:<\/div>\n<div class=\"cb-twitter\"><a href=\"https:\/\/twitter.com\/share\" class=\"twitter-share-button\" data-dnt=\"true\" data-count=\"horizontal\">Tweet<\/a><\/div>\n<\/div>\n<div id=\"cb-previous-next-links\" class=\"cb-post-footer-block clearfix\">\n<div id=\"cb-previous-link\"><a href=\"https:\/\/suceavalive.ro\/politistii-i-au-facut-dosar-penal-unei-batrane-de-76-de-ani-pentru-35-de-lei\/\" rel=\"prev\">Poli\u0163i\u015ftii i-au f\u0103cut dosar penal unei b\u0103tr\u00e2ne de 76 de ani pentru 35 de lei<\/a><\/div>\n<div id=\"cb-next-link\"><a href=\"https:\/\/suceavalive.ro\/beat-si-fara-permis-la-plimbare-cu-masina-pe-strazile-din-radauti\/\" rel=\"next\">Beat \u0219i f\u0103r\u0103 permis, la plimbare cu ma\u0219ina pe str\u0103zile din R\u0103d\u0103u\u021bi<\/a><\/div>\n<\/div>\n<div id=\"cb-author-box\" class=\"clearfix\">\n<h3 class=\"cb-block-title\">Despre autor<\/h3>\n<div class=\"cb-mask\"><a href=\"https:\/\/suceavalive.ro\/author\/suceavalive\/\"><img decoding=\"async\" src=\"https:\/\/analyse.optim.biz\/wp-content\/uploads\/2026\/01\/d542cd85af72d7d3afad0d26982263c9a64170e87d978956298bfb0122b00b8c-515.jpg\" class=\"avatar avatar-120 photo\" height=\"120\" width=\"120\" loading=\"lazy\" title=\"d542cd85af72d7d3afad0d26982263c9a64170e87d978956298bfb0122b00b8c-515\"><\/a><\/div>\n<div class=\"cb-meta\">\n<div class=\"cb-info\">\n<div class=\"cb-author-title vcard\"><a href=\"https:\/\/suceavalive.ro\/author\/suceavalive\/\"><span class=\"fn\">SuceavaLive<\/span><\/a><\/div>\n<\/div>\n<\/div>\n<\/div>\n<div id=\"cb-related-posts\" class=\"cb-related-posts-block cb-post-end-block clearfix\">\n<h3 class=\"cb-block-title\">Postari asemanatoare<\/h3>\n<ul>\n<li class=\"cb-style-overlay cb-grid-entry cb-related-post no-1\">\n<div class=\"cb-mask\"><a href=\"https:\/\/suceavalive.ro\/noile-preturi-la-gaze-pentru-2026-facturile-ar-putea-creste-si-de-10-ori-estimeaza-specialistii\/\"><img decoding=\"async\" width=\"360\" height=\"240\" src=\"https:\/\/analyse.optim.biz\/wp-content\/uploads\/2026\/01\/contor-gaz-360x240-3.webp\" class=\"attachment-cb-360-240 size-cb-360-240 wp-post-image\" loading=\"lazy\" title=\"contor-gaz-360x240-3\"><\/a><\/div>\n<div class=\"cb-meta cb-article-meta\">\n<h4 class=\"h3 cb-post-title\"><a href=\"https:\/\/suceavalive.ro\/noile-preturi-la-gaze-pentru-2026-facturile-ar-putea-creste-si-de-10-ori-estimeaza-specialistii\/\">Noile pre\u0163uri la gaze pentru 2026. Facturile ar putea cre\u015fte \u015fi de 10 ori, estimeaz\u0103 speciali\u015ftii<\/a><\/h4>\n<div class=\"cb-byline cb-font-header\">\n<div class=\"cb-date cb-byline-element\"><time datetime=\"2026-01-26\">26 ianuarie 2026<\/time><\/div>\n<\/div>\n<\/div>\n<\/li>\n<li class=\"cb-style-overlay cb-grid-entry cb-related-post no-2\">\n<div class=\"cb-mask\"><a href=\"https:\/\/suceavalive.ro\/doctorita-radiolog-gasita-moarta-in-casa-femeia-ar-fi-avut-o-punga-de-plastic-pe-cap\/\"><img decoding=\"async\" width=\"360\" height=\"240\" src=\"https:\/\/analyse.optim.biz\/wp-content\/uploads\/2026\/01\/doctorita-moarta-360x240-3.webp\" class=\"attachment-cb-360-240 size-cb-360-240 wp-post-image\" loading=\"lazy\" title=\"doctorita-moarta-360x240-3\"><\/a><\/div>\n<div class=\"cb-meta cb-article-meta\">\n<h4 class=\"h3 cb-post-title\"><a href=\"https:\/\/suceavalive.ro\/doctorita-radiolog-gasita-moarta-in-casa-femeia-ar-fi-avut-o-punga-de-plastic-pe-cap\/\">Doctori\u0163\u0103 radiolog, g\u0103sit\u0103 moart\u0103 \u00een cas\u0103. Femeia ar fi avut o pung\u0103 de plastic pe cap<\/a><\/h4>\n<div class=\"cb-byline cb-font-header\">\n<div class=\"cb-date cb-byline-element\"><time datetime=\"2026-01-26\">26 ianuarie 2026<\/time><\/div>\n<\/div>\n<\/div>\n<\/li>\n<\/ul>\n<\/div>\n<\/footer>\n<div id=\"respond\" class=\"comment-respond\">\n<h3 id=\"reply-title\" class=\"comment-reply-title\">Lasa un raspuns <small><a rel=\"nofollow\" id=\"cancel-comment-reply-link\" href=\"https:\/\/suceavalive.ro\/un-tanar-s-a-ales-cu-dosar-penal-dupa-ce-a-fost-prins-la-volan-cu-un-permis-fals\/#respond\">Anuleaza raspunsul<\/a><\/small><\/h3>\n<p class=\"comment-notes\">Adresa ta de email nu va fi publicat\u0103.<\/p>\n<\/div>\n<\/article>\n<p> Source URL: https:\/\/suceavalive.ro\/un-tanar-s-a-ales-cu-dosar-penal-dupa-ce-a-fost-prins-la-volan-cu-un-permis-fals\/<\/p>\n","protected":false},"excerpt":{"rendered":"<p>Un t\u00e2n\u0103r s-a ales cu dosar penal dup\u0103 ce a fost prins la volan cu un permis fals 3 februarie 2019 Vineri seara, \u00een jurul orei 18:30, \u00a0un echipaj din cadrul Poli\u021biei ora\u0219ului Siret a oprit pentru control pe str. Alexandru cel Bun din localitate, un autoturism condus de un t\u00e2n\u0103r de 18 ani din [&hellip;]<\/p>\n","protected":false},"author":1,"featured_media":1391561,"comment_status":"open","ping_status":"","sticky":false,"template":"","format":"standard","meta":{"footnotes":""},"categories":[89],"tags":[173],"class_list":["post-1391560","post","type-post","status-publish","format-standard","has-post-thumbnail","hentry","category-romania","tag-suceavalive-ro"],"_links":{"self":[{"href":"https:\/\/analyse.optim.biz\/index.php?rest_route=\/wp\/v2\/posts\/1391560","targetHints":{"allow":["GET"]}}],"collection":[{"href":"https:\/\/analyse.optim.biz\/index.php?rest_route=\/wp\/v2\/posts"}],"about":[{"href":"https:\/\/analyse.optim.biz\/index.php?rest_route=\/wp\/v2\/types\/post"}],"author":[{"embeddable":true,"href":"https:\/\/analyse.optim.biz\/index.php?rest_route=\/wp\/v2\/users\/1"}],"replies":[{"embeddable":true,"href":"https:\/\/analyse.optim.biz\/index.php?rest_route=%2Fwp%2Fv2%2Fcomments&post=1391560"}],"version-history":[{"count":0,"href":"https:\/\/analyse.optim.biz\/index.php?rest_route=\/wp\/v2\/posts\/1391560\/revisions"}],"wp:featuredmedia":[{"embeddable":true,"href":"https:\/\/analyse.optim.biz\/index.php?rest_route=\/wp\/v2\/media\/1391561"}],"wp:attachment":[{"href":"https:\/\/analyse.optim.biz\/index.php?rest_route=%2Fwp%2Fv2%2Fmedia&parent=1391560"}],"wp:term":[{"taxonomy":"category","embeddable":true,"href":"https:\/\/analyse.optim.biz\/index.php?rest_route=%2Fwp%2Fv2%2Fcategories&post=1391560"},{"taxonomy":"post_tag","embeddable":true,"href":"https:\/\/analyse.optim.biz\/index.php?rest_route=%2Fwp%2Fv2%2Ftags&post=1391560"}],"curies":[{"name":"wp","href":"https:\/\/api.w.org\/{rel}","templated":true}]}}