{"id":1391542,"date":"2016-03-05T10:08:30","date_gmt":"2016-03-05T07:08:30","guid":{"rendered":"https:\/\/analyse.optim.biz\/?p=1391542"},"modified":"2016-03-05T10:08:30","modified_gmt":"2016-03-05T07:08:30","slug":"jaf-din-locuinta-unei-femei-din-suceava-suceavalive","status":"publish","type":"post","link":"https:\/\/analyse.optim.biz\/?p=1391542","title":{"rendered":"Jaf din locuin\u021ba unei femei din Suceava &#8211; SuceavaLIVE"},"content":{"rendered":"<article id=\"post-69539\" class=\"clearfix post-69539 post type-post status-publish format-standard has-post-thumbnail hentry category-comunicate tag-avocat-suceava tag-bucovina tag-furt-aparatament-suceava tag-furt-suceava tag-jandarmeria-suceava tag-monitorul-suceava tag-news tag-obiectiv-suceava tag-orasul-suceava tag-politia-suceava tag-suceava tag-suceavalive\">\n<header id=\"cb-standard-featured\">\n<div id=\"cb-fis-wrap\" class=\"cb-entry-header cb-fis cb-style-standard\"><span class=\"cb-title-fi\"><\/p>\n<h1 class=\"entry-title cb-entry-title cb-single-title\">Jaf din locuin\u021ba unei femei din Suceava<\/h1>\n<div class=\"cb-byline cb-font-header\">\n<div class=\"cb-date cb-byline-element\"><time datetime=\"2016-03-05\">5 martie 2016<\/time><\/div>\n<\/div>\n<p><\/span><\/div>\n<div class=\"cb-mask\"><img decoding=\"async\" width=\"728\" height=\"409\" src=\"https:\/\/analyse.optim.biz\/wp-content\/uploads\/2026\/01\/furt_casa-1.jpg\" class=\"attachment-cb-full-full size-cb-full-full wp-post-image\" loading=\"lazy\" title=\"furt_casa-1\"><\/div>\n<\/header>\n<p>Poli\u0163ia municipiului Suceava, a fost sesizat\u0103 miercuri, \u00een jurul orei 18:00, de o localnic\u0103 de 38 de ani, despre faptul c\u0103, \u00een cursul zilei, persoane necunoscute i-au sustras bunuri din locuin\u021b\u0103.<\/p>\n<section class=\"cb-entry-content entry-content clearfix\">\n<p>Din primele cercet\u0103ri, poli\u021bi\u0219tii au stabilit faptul c\u0103, \u00een cursul zilei, \u00een intervalul orar 07:20-17:20, profit\u00e2nd de lipsa de la domiciliu a persoanei v\u0103t\u0103mate, prin for\u021barea \u0219i escaladarea unui geam, persoane necunoscute au p\u0103truns \u00een locuin\u021b\u0103 \u0219i au sustras bijuterii \u0219i aparatur\u0103 electronic\u0103.<\/p>\n<p>\u00cen cauz\u0103 s-a \u00eentocmit dosar penal sub aspectul comiterii infrac\u0163iunii de furt calificat, cercet\u0103rile fiind continuate de poli\u021bi\u0219ti \u00een vederea identific\u0103rii autorilor \u015fi recuper\u0103rii prejudiciului.<\/p>\n<p>Poli\u0163i\u015ftii recomand\u0103 \u00eenc\u0103 o dat\u0103 cet\u0103\u0163enilor s\u0103 dispun\u0103 m\u0103suri minime de protec\u0163ie a bunurilor astfel \u00eenc\u00e2t s\u0103 nu cad\u0103 victime ale ho\u0163ilor. Se recomand\u0103 asigurarea cu sisteme de \u00eenchidere \u015fi alarmare a locuin\u0163elor. Asigura\u0163i iluminarea \u015fi \u00eengr\u0103direa perimetrului.<\/p>\n<\/section>\n<footer class=\"article-footer\">\n<p class=\"cb-tags\"><a href=\"https:\/\/suceavalive.ro\/tag\/avocat-suceava\/\" rel=\"tag\">avocat suceava<\/a><a href=\"https:\/\/suceavalive.ro\/tag\/bucovina\/\" rel=\"tag\">bucovina<\/a><a href=\"https:\/\/suceavalive.ro\/tag\/furt-aparatament-suceava\/\" rel=\"tag\">furt aparatament suceava<\/a><a href=\"https:\/\/suceavalive.ro\/tag\/furt-suceava\/\" rel=\"tag\">furt suceava<\/a><a href=\"https:\/\/suceavalive.ro\/tag\/jandarmeria-suceava\/\" rel=\"tag\">jandarmeria suceava<\/a><a href=\"https:\/\/suceavalive.ro\/tag\/monitorul-suceava\/\" rel=\"tag\">monitorul suceava<\/a><a href=\"https:\/\/suceavalive.ro\/tag\/news\/\" rel=\"tag\">news<\/a><a href=\"https:\/\/suceavalive.ro\/tag\/obiectiv-suceava\/\" rel=\"tag\">obiectiv suceava<\/a><a href=\"https:\/\/suceavalive.ro\/tag\/orasul-suceava\/\" rel=\"tag\">orasul suceava<\/a><a href=\"https:\/\/suceavalive.ro\/tag\/politia-suceava\/\" rel=\"tag\">politia suceava<\/a><a href=\"https:\/\/suceavalive.ro\/tag\/suceava\/\" rel=\"tag\">Suceava<\/a><a href=\"https:\/\/suceavalive.ro\/tag\/suceavalive\/\" rel=\"tag\">suceavalive<\/a><\/p>\n<div class=\"cb-social-sharing cb-post-footer-block cb-beside clearfix\">\n<div class=\"cb-title-subtle\">Share On:<\/div>\n<div class=\"cb-twitter\"><a href=\"https:\/\/twitter.com\/share\" class=\"twitter-share-button\" data-dnt=\"true\" data-count=\"horizontal\">Tweet<\/a><\/div>\n<\/div>\n<div id=\"cb-previous-next-links\" class=\"cb-post-footer-block clearfix\">\n<div id=\"cb-previous-link\"><a href=\"https:\/\/suceavalive.ro\/guvernul-ia-masuri-pentru-incurajarea-angajarii-persoanelor-care-nu-au-loc-de-munca\/\" rel=\"prev\">Guvernul ia m\u0103suri pentru \u00eencurajarea angaj\u0103rii persoanelor care nu au loc de munc\u0103<\/a><\/div>\n<div id=\"cb-next-link\"><a href=\"https:\/\/suceavalive.ro\/o-casa-ars-din-cauza-unui-scurtcircuit-produs-la-televizor\/\" rel=\"next\">O cas\u0103 a ars din cauza unui scurtcircuit produs la televizor<\/a><\/div>\n<\/div>\n<div id=\"cb-author-box\" class=\"clearfix\">\n<h3 class=\"cb-block-title\">Despre autor<\/h3>\n<div class=\"cb-mask\"><a href=\"https:\/\/suceavalive.ro\/author\/suceavalive\/\"><img decoding=\"async\" src=\"https:\/\/analyse.optim.biz\/wp-content\/uploads\/2026\/01\/d542cd85af72d7d3afad0d26982263c9a64170e87d978956298bfb0122b00b8c-512.jpg\" class=\"avatar avatar-120 photo\" height=\"120\" width=\"120\" loading=\"lazy\" title=\"d542cd85af72d7d3afad0d26982263c9a64170e87d978956298bfb0122b00b8c-512\"><\/a><\/div>\n<div class=\"cb-meta\">\n<div class=\"cb-info\">\n<div class=\"cb-author-title vcard\"><a href=\"https:\/\/suceavalive.ro\/author\/suceavalive\/\"><span class=\"fn\">SuceavaLive<\/span><\/a><\/div>\n<\/div>\n<\/div>\n<\/div>\n<div id=\"cb-related-posts\" class=\"cb-related-posts-block cb-post-end-block clearfix\">\n<h3 class=\"cb-block-title\">Postari asemanatoare<\/h3>\n<ul>\n<li class=\"cb-style-overlay cb-grid-entry cb-related-post no-1\">\n<div class=\"cb-mask\"><a href=\"https:\/\/suceavalive.ro\/calendarul-zilei-de-26-ianuarie\/\"><img decoding=\"async\" width=\"360\" height=\"240\" src=\"https:\/\/analyse.optim.biz\/wp-content\/uploads\/2026\/01\/ceausescu-2-360x240-1.jpg\" class=\"attachment-cb-360-240 size-cb-360-240 wp-post-image\" loading=\"lazy\" title=\"ceausescu-2-360x240-1\"><\/a><\/div>\n<div class=\"cb-meta cb-article-meta\">\n<h4 class=\"h3 cb-post-title\"><a href=\"https:\/\/suceavalive.ro\/calendarul-zilei-de-26-ianuarie\/\">Calendarul zilei de 26 ianuarie<\/a><\/h4>\n<div class=\"cb-byline cb-font-header\">\n<div class=\"cb-date cb-byline-element\"><time datetime=\"2026-01-26\">26 ianuarie 2026<\/time><\/div>\n<\/div>\n<\/div>\n<\/li>\n<li class=\"cb-style-overlay cb-grid-entry cb-related-post no-2\">\n<div class=\"cb-mask\"><a href=\"https:\/\/suceavalive.ro\/calendarul-zilei-de-25-ianuarie\/\"><img decoding=\"async\" width=\"360\" height=\"240\" src=\"https:\/\/analyse.optim.biz\/wp-content\/uploads\/2026\/01\/ion-dolanescu-e1485327204127-360x240-7.jpg\" class=\"attachment-cb-360-240 size-cb-360-240 wp-post-image\" loading=\"lazy\" title=\"ion-dolanescu-e1485327204127-360x240-7\"><\/a><\/div>\n<div class=\"cb-meta cb-article-meta\">\n<h4 class=\"h3 cb-post-title\"><a href=\"https:\/\/suceavalive.ro\/calendarul-zilei-de-25-ianuarie\/\">Calendarul zilei de 25 ianuarie<\/a><\/h4>\n<div class=\"cb-byline cb-font-header\">\n<div class=\"cb-date cb-byline-element\"><time datetime=\"2026-01-25\">25 ianuarie 2026<\/time><\/div>\n<\/div>\n<\/div>\n<\/li>\n<\/ul>\n<\/div>\n<\/footer>\n<div id=\"respond\" class=\"comment-respond\">\n<h3 id=\"reply-title\" class=\"comment-reply-title\">Lasa un raspuns <small><a rel=\"nofollow\" id=\"cancel-comment-reply-link\" href=\"https:\/\/suceavalive.ro\/jaf-din-locuinta-unei-femei-din-suceava\/#respond\">Anuleaza raspunsul<\/a><\/small><\/h3>\n<p class=\"comment-notes\">Adresa ta de email nu va fi publicat\u0103.<\/p>\n<\/div>\n<\/article>\n<p> Source URL: https:\/\/suceavalive.ro\/jaf-din-locuinta-unei-femei-din-suceava\/<\/p>\n","protected":false},"excerpt":{"rendered":"<p>Jaf din locuin\u021ba unei femei din Suceava 5 martie 2016 Poli\u0163ia municipiului Suceava, a fost sesizat\u0103 miercuri, \u00een jurul orei 18:00, de o localnic\u0103 de 38 de ani, despre faptul c\u0103, \u00een cursul zilei, persoane necunoscute i-au sustras bunuri din locuin\u021b\u0103. Din primele cercet\u0103ri, poli\u021bi\u0219tii au stabilit faptul c\u0103, \u00een cursul zilei, \u00een intervalul orar [&hellip;]<\/p>\n","protected":false},"author":1,"featured_media":1391543,"comment_status":"open","ping_status":"","sticky":false,"template":"","format":"standard","meta":{"footnotes":""},"categories":[89],"tags":[173],"class_list":["post-1391542","post","type-post","status-publish","format-standard","has-post-thumbnail","hentry","category-romania","tag-suceavalive-ro"],"_links":{"self":[{"href":"https:\/\/analyse.optim.biz\/index.php?rest_route=\/wp\/v2\/posts\/1391542","targetHints":{"allow":["GET"]}}],"collection":[{"href":"https:\/\/analyse.optim.biz\/index.php?rest_route=\/wp\/v2\/posts"}],"about":[{"href":"https:\/\/analyse.optim.biz\/index.php?rest_route=\/wp\/v2\/types\/post"}],"author":[{"embeddable":true,"href":"https:\/\/analyse.optim.biz\/index.php?rest_route=\/wp\/v2\/users\/1"}],"replies":[{"embeddable":true,"href":"https:\/\/analyse.optim.biz\/index.php?rest_route=%2Fwp%2Fv2%2Fcomments&post=1391542"}],"version-history":[{"count":0,"href":"https:\/\/analyse.optim.biz\/index.php?rest_route=\/wp\/v2\/posts\/1391542\/revisions"}],"wp:featuredmedia":[{"embeddable":true,"href":"https:\/\/analyse.optim.biz\/index.php?rest_route=\/wp\/v2\/media\/1391543"}],"wp:attachment":[{"href":"https:\/\/analyse.optim.biz\/index.php?rest_route=%2Fwp%2Fv2%2Fmedia&parent=1391542"}],"wp:term":[{"taxonomy":"category","embeddable":true,"href":"https:\/\/analyse.optim.biz\/index.php?rest_route=%2Fwp%2Fv2%2Fcategories&post=1391542"},{"taxonomy":"post_tag","embeddable":true,"href":"https:\/\/analyse.optim.biz\/index.php?rest_route=%2Fwp%2Fv2%2Ftags&post=1391542"}],"curies":[{"name":"wp","href":"https:\/\/api.w.org\/{rel}","templated":true}]}}