{"id":139082,"date":"2017-06-17T21:05:04","date_gmt":"2017-06-17T18:05:04","guid":{"rendered":"https:\/\/analyse.optim.biz\/?p=139082"},"modified":"2017-06-17T21:05:04","modified_gmt":"2017-06-17T18:05:04","slug":"v-ponta-gabriela-firea-sa-si-faca-datoria-conform-fisei-postului","status":"publish","type":"post","link":"https:\/\/analyse.optim.biz\/?p=139082","title":{"rendered":"V. Ponta: Gabriela Firea s\u0103-\u015fi fac\u0103 datoria conform fi\u015fei postului"},"content":{"rendered":"<div class=\"entry data-app-meta data-app-meta-article\" data-embed-base-url-canonical=\"https:\/\/www.digi24.ro\/embed\/stiri\/actualitate\/politica\/v-ponta-gabriela-firea-sa-si-faca-datoria-conform-fisei-postului-744833\">\n<p data-index=\"1\"><strong>Secretarul general al Guvernului, Victor Ponta, i-a recomandat s\u00e2mb\u0103t\u0103, primarului general al Capitalei, Gabriela Firea, s\u0103 ia o pauz\u0103 de la propaganda politic\u0103 de la televiziuni \u015fi s\u0103 \u00ee\u015fi fac\u0103 datoria fa\u0163\u0103 de bucure\u015fteni conform fi\u015fei postului.<\/strong><\/p>\n<p data-index=\"2\"><img loading=\"lazy\" decoding=\"async\" class=\"alignnone size-full wp-image-744834\" src=\"https:\/\/analyse.optim.biz\/wp-content\/uploads\/2024\/09\/yxnoptrhywrlztbin2u1mti3njrkngnlmwm2nzq4mjjmzmrh-thumb_.jpg\" width=\"960\" height=\"679\" data-skip-htmlfix=\"1\" title=\"yxnoptrhywrlztbin2u1mti3njrkngnlmwm2nzq4mjjmzmrh-thumb_\"><\/p>\n<p data-index=\"3\">\u201e\u00cei fac recomandarea legal\u0103 Doamnei Primar General Firea s\u0103 ia o pauz\u0103 din propaganda politic\u0103 de la televiziuni \u015fi s\u0103 \u00ee\u015fi fac\u0103 datoria fa\u0163\u0103 de cet\u0103\u0163enii Bucure\u015ftiului conform fi\u015fei postului! Mul\u0163umesc pentru colaborare!\u201d, a scris Victor Ponta pe pagina sa de Facebook.<\/p>\n<p data-index=\"4\">Declara\u0163ia a fost f\u0103cut\u0103 \u00een contextul \u00een care \u00een aceast\u0103 sear\u0103 a fost cod galben de ploi puternice \u015fi desc\u0103rc\u0103ri electrice \u00een Capital\u0103 \u015fi \u00een mai multe jude\u0163e.<\/p>\n<p data-index=\"5\">Social-democratul a apreciat, totodat\u0103, faptul c\u0103 ministrul de Interne, Carmen Dan, \u015fi conducerea ISU \u00ee\u015fi \u00eendeplinesc atribu\u0163iile legale privind situa\u0163iile de urgen\u0163\u0103.<\/p>\n<p data-index=\"6\">\u201e\u00cen calitate de Secretar General al Guvernului am apreciat faptul c\u0103 (indiferent de politic\u0103) Ministrul de Interne Carmen Dan, Secretarul de Stat Raed Arafat \u015fi conducerea ISU se afl\u0103 la birou \u015fi \u00ee\u015fi \u00eendeplinesc atribu\u0163iile legale privind situa\u0163iile de urgen\u0163\u0103!\u201d, a subliniat Ponta.<\/p>\n<p class=\"gdpr-placeholder gdpr-social-media gdpr-iframe-fix\" data-index=\"8\"> Setarile tale privind cookie-urile nu permit afisarea continutul din aceasta sectiune. Poti actualiza setarile modulelor coookie direct din browser sau de <a class=\"ot-sdk-show-settings\" data-skip-linkfix=\"1\">aici<\/a> \u2013 e nevoie sa accepti cookie-urile social media<\/p>\n<p data-index=\"9\">Primarul general al Capitalei, Gabriela Firea, a postat, s\u00e2mb\u0103t\u0103 seara, pe Facebook, mai multe fotografii cu florile din gr\u0103din\u0103, la care a ad\u0103ugat mesajul: \u201eDup\u0103 furtun\u0103, apare \u00eentotdeauna soarele\u201d.<\/p>\n<\/div>\n<p> Source URL: https:\/\/www.digi24.ro\/stiri\/actualitate\/politica\/v-ponta-gabriela-firea-sa-si-faca-datoria-conform-fisei-postului-744833<\/p>\n","protected":false},"excerpt":{"rendered":"<p>Secretarul general al Guvernului, Victor Ponta, i-a recomandat s\u00e2mb\u0103t\u0103, primarului general al Capitalei, Gabriela Firea, s\u0103 ia o pauz\u0103 de la propaganda politic\u0103 de la televiziuni \u015fi s\u0103 \u00ee\u015fi fac\u0103 datoria fa\u0163\u0103 de bucure\u015fteni conform fi\u015fei postului. \u201e\u00cei fac recomandarea legal\u0103 Doamnei Primar General Firea s\u0103 ia o pauz\u0103 din propaganda politic\u0103 de la televiziuni [&hellip;]<\/p>\n","protected":false},"author":1,"featured_media":139083,"comment_status":"open","ping_status":"","sticky":false,"template":"","format":"standard","meta":{"footnotes":""},"categories":[2],"tags":[11],"class_list":["post-139082","post","type-post","status-publish","format-standard","has-post-thumbnail","hentry","category-politics","tag-digi24"],"_links":{"self":[{"href":"https:\/\/analyse.optim.biz\/index.php?rest_route=\/wp\/v2\/posts\/139082","targetHints":{"allow":["GET"]}}],"collection":[{"href":"https:\/\/analyse.optim.biz\/index.php?rest_route=\/wp\/v2\/posts"}],"about":[{"href":"https:\/\/analyse.optim.biz\/index.php?rest_route=\/wp\/v2\/types\/post"}],"author":[{"embeddable":true,"href":"https:\/\/analyse.optim.biz\/index.php?rest_route=\/wp\/v2\/users\/1"}],"replies":[{"embeddable":true,"href":"https:\/\/analyse.optim.biz\/index.php?rest_route=%2Fwp%2Fv2%2Fcomments&post=139082"}],"version-history":[{"count":0,"href":"https:\/\/analyse.optim.biz\/index.php?rest_route=\/wp\/v2\/posts\/139082\/revisions"}],"wp:featuredmedia":[{"embeddable":true,"href":"https:\/\/analyse.optim.biz\/index.php?rest_route=\/wp\/v2\/media\/139083"}],"wp:attachment":[{"href":"https:\/\/analyse.optim.biz\/index.php?rest_route=%2Fwp%2Fv2%2Fmedia&parent=139082"}],"wp:term":[{"taxonomy":"category","embeddable":true,"href":"https:\/\/analyse.optim.biz\/index.php?rest_route=%2Fwp%2Fv2%2Fcategories&post=139082"},{"taxonomy":"post_tag","embeddable":true,"href":"https:\/\/analyse.optim.biz\/index.php?rest_route=%2Fwp%2Fv2%2Ftags&post=139082"}],"curies":[{"name":"wp","href":"https:\/\/api.w.org\/{rel}","templated":true}]}}