{"id":139079,"date":"2017-06-17T23:38:03","date_gmt":"2017-06-17T20:38:03","guid":{"rendered":"https:\/\/analyse.optim.biz\/?p=139079"},"modified":"2017-06-17T23:38:03","modified_gmt":"2017-06-17T20:38:03","slug":"firea-sgg-nu-are-voie-sa-faca-politica-ponta-poate-fi-acuzat-de-abuz-in-serviciu","status":"publish","type":"post","link":"https:\/\/analyse.optim.biz\/?p=139079","title":{"rendered":"Firea: SGG nu are voie s\u0103 fac\u0103 politic\u0103; Ponta poate fi acuzat de abuz \u00een serviciu"},"content":{"rendered":"<div class=\"entry data-app-meta data-app-meta-article\" data-embed-base-url-canonical=\"https:\/\/www.digi24.ro\/embed\/stiri\/actualitate\/politica\/firea-sgg-nu-are-voie-sa-faca-politica-ponta-poate-fi-acuzat-de-abuz-in-serviciu-744859\">\n<p data-index=\"1\"><strong>Primarul general Gabriela Firea a declarat c\u0103 Victor Ponta poate fi acuzat de abuz \u00een serviciu pentru declara\u021biile f\u0103cute de la tribuna Palatului Victoria \u0219i pe Facebook, ea punct\u00e2nd c\u0103 &#8220;secretarul general al Guvernului nu are voie s\u0103 fac\u0103 politic\u0103 \u0219i s\u0103 transmit\u0103 mesaje politice&#8221;.<\/strong><\/p>\n<p data-index=\"2\"><img loading=\"lazy\" decoding=\"async\" class=\"alignnone size-full wp-image-744860\" src=\"https:\/\/analyse.optim.biz\/wp-content\/uploads\/2024\/09\/lmpwzyz3ptgwmczoyxnopte5nmuxnta4nwq2yzkwytrjnjhjyze4ownmmmi4ywq4-thumb_-1.jpg\" width=\"959\" height=\"950\" data-skip-htmlfix=\"1\" title=\"lmpwzyz3ptgwmczoyxnopte5nmuxnta4nwq2yzkwytrjnjhjyze4ownmmmi4ywq4-thumb_-1\"><\/p>\n<p data-index=\"3\">&#8220;Eu \u0219tiam c\u0103 secretarul general al Guvernului, care este, cel pu\u021bin a\u0219a se consider\u0103 domnia sa, domnul Victor Ponta, cel mai \u00eenalt func\u021bionar public din \u021bar\u0103, nu are voie s\u0103 fac\u0103 politic\u0103, s\u0103 transmit\u0103 mesaje politice. Practic, secretarul general al Guvernului trebuie s\u0103 \u00ee\u0219i \u00eendeplineasc\u0103 doar atribu\u021biile din fi\u0219a postului, potrivit legii 188 din 1999 privind statutul func\u021bionarului public. Deci, practic, pentru declara\u021biile politice de ast\u0103zi de la tribuna Palatului Victoria \u0219i de pe Facebook, pentru c\u0103 a\u0219a a dorit s\u0103 se prezinte, poate fi acuzat de abuz \u00een serviciu&#8221;, a sus\u021binut Gabriela Firea, la un post de televiziune, citat de Agerpres.<\/p>\n<p data-index=\"4\">Referindu-se la recomandarea f\u0103cut\u0103 de Victor Ponta pe pagina de Facebook, &#8220;s\u0103 ia o pauza din propaganda politic\u0103 de la televiziuni \u0219i s\u0103 \u00ee\u0219i fac\u0103 datoria fa\u021ba de cet\u0103\u021benii Bucure\u0219tiului, conform fi\u0219ei postului&#8221;, Firea a spus c\u0103 nu \u00eei \u00een\u021belege atitudinea \u0219i o pune, poate, pe seama faptului c\u0103 este prea tensionat.<\/p>\n<\/div>\n<p> Source URL: https:\/\/www.digi24.ro\/stiri\/actualitate\/politica\/firea-sgg-nu-are-voie-sa-faca-politica-ponta-poate-fi-acuzat-de-abuz-in-serviciu-744859<\/p>\n","protected":false},"excerpt":{"rendered":"<p>Primarul general Gabriela Firea a declarat c\u0103 Victor Ponta poate fi acuzat de abuz \u00een serviciu pentru declara\u021biile f\u0103cute de la tribuna Palatului Victoria \u0219i pe Facebook, ea punct\u00e2nd c\u0103 &#8220;secretarul general al Guvernului nu are voie s\u0103 fac\u0103 politic\u0103 \u0219i s\u0103 transmit\u0103 mesaje politice&#8221;. &#8220;Eu \u0219tiam c\u0103 secretarul general al Guvernului, care este, cel [&hellip;]<\/p>\n","protected":false},"author":1,"featured_media":139080,"comment_status":"open","ping_status":"","sticky":false,"template":"","format":"standard","meta":{"footnotes":""},"categories":[2],"tags":[11],"class_list":["post-139079","post","type-post","status-publish","format-standard","has-post-thumbnail","hentry","category-politics","tag-digi24"],"_links":{"self":[{"href":"https:\/\/analyse.optim.biz\/index.php?rest_route=\/wp\/v2\/posts\/139079","targetHints":{"allow":["GET"]}}],"collection":[{"href":"https:\/\/analyse.optim.biz\/index.php?rest_route=\/wp\/v2\/posts"}],"about":[{"href":"https:\/\/analyse.optim.biz\/index.php?rest_route=\/wp\/v2\/types\/post"}],"author":[{"embeddable":true,"href":"https:\/\/analyse.optim.biz\/index.php?rest_route=\/wp\/v2\/users\/1"}],"replies":[{"embeddable":true,"href":"https:\/\/analyse.optim.biz\/index.php?rest_route=%2Fwp%2Fv2%2Fcomments&post=139079"}],"version-history":[{"count":0,"href":"https:\/\/analyse.optim.biz\/index.php?rest_route=\/wp\/v2\/posts\/139079\/revisions"}],"wp:featuredmedia":[{"embeddable":true,"href":"https:\/\/analyse.optim.biz\/index.php?rest_route=\/wp\/v2\/media\/139080"}],"wp:attachment":[{"href":"https:\/\/analyse.optim.biz\/index.php?rest_route=%2Fwp%2Fv2%2Fmedia&parent=139079"}],"wp:term":[{"taxonomy":"category","embeddable":true,"href":"https:\/\/analyse.optim.biz\/index.php?rest_route=%2Fwp%2Fv2%2Fcategories&post=139079"},{"taxonomy":"post_tag","embeddable":true,"href":"https:\/\/analyse.optim.biz\/index.php?rest_route=%2Fwp%2Fv2%2Ftags&post=139079"}],"curies":[{"name":"wp","href":"https:\/\/api.w.org\/{rel}","templated":true}]}}