{"id":139048,"date":"2017-06-18T13:50:55","date_gmt":"2017-06-18T10:50:55","guid":{"rendered":"https:\/\/analyse.optim.biz\/?p=139048"},"modified":"2017-06-18T13:50:55","modified_gmt":"2017-06-18T10:50:55","slug":"ce-i-a-spus-dragnea-lui-daniel-constantin-despre-grindeanu","status":"publish","type":"post","link":"https:\/\/analyse.optim.biz\/?p=139048","title":{"rendered":"Ce i-a spus Dragnea lui Daniel Constantin despre Grindeanu"},"content":{"rendered":"<div class=\"entry data-app-meta data-app-meta-article\" data-embed-base-url-canonical=\"https:\/\/www.digi24.ro\/embed\/stiri\/actualitate\/politica\/daniel-constantin-formula-dragnea-tariceanu-e-capabila-de-multe-daca-discutiile-nu-merg-cum-vor-745017\">\n<p data-index=\"1\"><strong>Daniel Constantin, invitat la emisiunea \u201e\u00cen fa\u021ba ta\u201d, a spus c\u0103 \u201eformula Dragnea-T\u0103riceanu ar fi capabil\u0103 de multe lucruri, din punct de vedere politic, dac\u0103 discu\u021biile nu merg \u00een direc\u021bia dorit\u0103 de ei\u201d.<\/strong><\/p>\n<p data-index=\"2\">Fostul copre\u0219edintele ALDE a declarat c\u0103\u00a0dup\u0103 venirea lui Sorin Grindeanu \u00een fruntea Guvernului, Liviu Dragnea l-a recomandat pe prim-ministru ca fiind \u201eun t\u00e2n\u0103r de perspectiv\u0103 al partidului social democrat, \u00een care are \u00eencredere \u0219i a fost unanimitate la alegerea lui\u201d.<\/p>\n<p data-index=\"3\">Daniel Constantin a precizat: \u201e<span lang=\"ro-RO\">Impresia mea a fost c\u0103 aceast\u0103 formul\u0103, Dragnea-T\u0103riceanu, ar fi capabil\u0103 din punct de vedere politic de foarte multe lucruri dac\u0103 nu ar merge discu\u021biile \u00een direc\u021bia dorit\u0103 de ei\u201d.<\/span><\/p>\n<\/div>\n<p> Source URL: https:\/\/www.digi24.ro\/stiri\/actualitate\/politica\/daniel-constantin-formula-dragnea-tariceanu-e-capabila-de-multe-daca-discutiile-nu-merg-cum-vor-745017<\/p>\n","protected":false},"excerpt":{"rendered":"<p>Daniel Constantin, invitat la emisiunea \u201e\u00cen fa\u021ba ta\u201d, a spus c\u0103 \u201eformula Dragnea-T\u0103riceanu ar fi capabil\u0103 de multe lucruri, din punct de vedere politic, dac\u0103 discu\u021biile nu merg \u00een direc\u021bia dorit\u0103 de ei\u201d. Fostul copre\u0219edintele ALDE a declarat c\u0103\u00a0dup\u0103 venirea lui Sorin Grindeanu \u00een fruntea Guvernului, Liviu Dragnea l-a recomandat pe prim-ministru ca fiind \u201eun [&hellip;]<\/p>\n","protected":false},"author":1,"featured_media":139049,"comment_status":"open","ping_status":"","sticky":false,"template":"","format":"standard","meta":{"footnotes":""},"categories":[2],"tags":[11],"class_list":["post-139048","post","type-post","status-publish","format-standard","has-post-thumbnail","hentry","category-politics","tag-digi24"],"_links":{"self":[{"href":"https:\/\/analyse.optim.biz\/index.php?rest_route=\/wp\/v2\/posts\/139048","targetHints":{"allow":["GET"]}}],"collection":[{"href":"https:\/\/analyse.optim.biz\/index.php?rest_route=\/wp\/v2\/posts"}],"about":[{"href":"https:\/\/analyse.optim.biz\/index.php?rest_route=\/wp\/v2\/types\/post"}],"author":[{"embeddable":true,"href":"https:\/\/analyse.optim.biz\/index.php?rest_route=\/wp\/v2\/users\/1"}],"replies":[{"embeddable":true,"href":"https:\/\/analyse.optim.biz\/index.php?rest_route=%2Fwp%2Fv2%2Fcomments&post=139048"}],"version-history":[{"count":0,"href":"https:\/\/analyse.optim.biz\/index.php?rest_route=\/wp\/v2\/posts\/139048\/revisions"}],"wp:featuredmedia":[{"embeddable":true,"href":"https:\/\/analyse.optim.biz\/index.php?rest_route=\/wp\/v2\/media\/139049"}],"wp:attachment":[{"href":"https:\/\/analyse.optim.biz\/index.php?rest_route=%2Fwp%2Fv2%2Fmedia&parent=139048"}],"wp:term":[{"taxonomy":"category","embeddable":true,"href":"https:\/\/analyse.optim.biz\/index.php?rest_route=%2Fwp%2Fv2%2Fcategories&post=139048"},{"taxonomy":"post_tag","embeddable":true,"href":"https:\/\/analyse.optim.biz\/index.php?rest_route=%2Fwp%2Fv2%2Ftags&post=139048"}],"curies":[{"name":"wp","href":"https:\/\/api.w.org\/{rel}","templated":true}]}}