{"id":138938,"date":"2017-06-18T19:10:09","date_gmt":"2017-06-18T16:10:09","guid":{"rendered":"https:\/\/analyse.optim.biz\/?p=138938"},"modified":"2017-06-18T19:10:09","modified_gmt":"2017-06-18T16:10:09","slug":"reactia-premierului-dupa-citirea-motiunii-exista-riscul-deloc-dorit-sa-ajungem-la-alegeri-anticipate","status":"publish","type":"post","link":"https:\/\/analyse.optim.biz\/?p=138938","title":{"rendered":"Reac\u0163ia premierului dup\u0103 citirea mo\u0163iunii: Exist\u0103 riscul deloc dorit s\u0103 ajungem la alegeri anticipate"},"content":{"rendered":"<div class=\"entry data-app-meta data-app-meta-article\" data-embed-base-url-canonical=\"https:\/\/www.digi24.ro\/embed\/stiri\/actualitate\/politica\/reactia-premierului-dupa-citirea-motiunii-vinovatul-pentru-aceasta-situatie-e-un-singur-om-liviu-dragnea-745189\">\n<p data-index=\"1\"><strong>Premierul a declarat c\u0103 este inadmisibil\u0103 situa\u0163ia \u00een care Liviu Dragnea dore\u015fte s\u0103 d\u0103r\u00e2me Guvernul. Mo\u0163iunea nu e nici m\u0103car motivat\u0103. E doar dorin\u0163a unui om de a avea puterea absolut\u0103, a declarat Sorin Grindeanu.<\/strong><\/p>\n<figure class=\"article-thumb\"><img decoding=\"async\" src=\"https:\/\/analyse.optim.biz\/wp-content\/uploads\/2024\/09\/mszoyxnoptg5ytdkyzlkotflnwrlzjg2ywe5yzq3nmi2mgrjzjkw-thumb_-1.jpg\" alt=\"20170615_GRINDEANU_CONFER_08_INQUAM_Photos_Octav_Ganea\" data-skip-htmlfix=\"1\" title=\"mszoyxnoptg5ytdkyzlkotflnwrlzjg2ywe5yzq3nmi2mgrjzjkw-thumb_-1\"><figcaption> FOTO: INQUAM PHOTOS &#8211; Octav Ganea <\/figcaption><\/figure>\n<p data-index=\"2\"><em><strong>Declara\u0163iile lui Sorin Grindeanu:<\/strong><\/em><\/p>\n<p data-index=\"3\">&#8220;Nici eu, nici dvs nu v-a\u0163i mai confruntat cu o situa\u0163ie a\u015fa bizar\u0103.<\/p>\n<p data-index=\"4\">Azi asist\u0103m la un r\u0103zboi personal purtat de un om \u015fi de un grup restr\u00e2ns \u00een jurul s\u0103u contra intereselor propriului partid \u015fi al Guvernului.<\/p>\n<p data-index=\"5\">E tot ce se putea mai r\u0103u Rom\u00e2niei \u00een momentul \u00een care economia \u00eenregistreaz\u0103 cre\u015fteri record \u015fi ne bucur\u0103m de o deschidere extraordinar\u0103 \u00een cancelariile occidentale. Au fost eforturi imense pentru a pune Rom\u00e2nia pe f\u0103ga\u015ful corect.<\/p>\n<p data-index=\"6\">Ne afl\u0103m aici datorit\u0103 dorin\u0163ei exclusive a lui Dragnea de a avea toat\u0103 puterea. \u00cen cinci luni nu a existat nicio \u015fedin\u0163\u0103 de partid \u00een care s\u0103 se analizeze activitatea Guvernului.<\/p>\n<p data-index=\"7\">Sunt suficien\u0163i colegi \u00een PSD care nu sunt de acord cu modul \u00een care Dragnea conduce PSD \u015fi faptul c\u0103 vot\u0103m o mo\u0163iune contra propriului guvern. Cu siguran\u0163\u0103 nu va trece.<\/p>\n<p data-index=\"8\">Dac\u0103 mo\u0163iunea ar trece, vom ajunge la m\u00e2na lui Klaus Iohannis. To\u0163i colegii mei s\u0103 fie con\u015ftien\u0163i c\u0103 fiecare bil\u0103 pe care o vor b\u0103ga \u00een urn\u0103 \u00een favoarea mo\u0163iunii \u00eenseamn\u0103 mai pu\u0163in\u0103 putere pentru PSD \u015fi mai mult\u0103 putere pentru Klaus Iohannis.<\/p>\n<p data-index=\"9\">Exist\u0103 riscul deloc dorit s\u0103 ajungem la alegeri anticipate.<\/p>\n<p data-index=\"10\">\u00cemi doresc stabilitate \u015fi \u00een Rom\u00e2nia, \u015fi \u00een PSD. Doar un scaun de buc\u0103t\u0103rie nu poate \u00een\u0163elege c\u0103 \u0163ara noastr\u0103 are o mare oportunitate economic\u0103 \u015fi politic\u0103.<\/p>\n<p data-index=\"11\">Orice fel de \u00eent\u00e2lniri vor fi f\u0103cute cunoscute. Am programat pe zilele urm\u0103toare \u00eent\u00e2lniri.<\/p>\n<p data-index=\"12\">Spre deosebire de Liviu Dragnea, care vrea s\u0103-\u015fi dea jos propriul Guvern folosind un raport mincinos, cred c\u0103 mul\u0163i colegi mini\u015ftri \u015fi-au f\u0103cut treaba.<\/p>\n<p data-index=\"13\"><a href=\"https:\/\/www.digi24.ro\/stiri\/actualitate\/politica\/sorin-grindeanu-am-discutat-cu-ion-iliescu-in-urma-cu-2-3-zile-745197\" data-skip-linkfix=\"1\"><strong>Am discutat cu Ion Iliescu<\/strong><\/a> \u00een urm\u0103 cu 2 &#8211; 3 zile privind situa\u0163ia politic\u0103. \u015eti\u0163i c\u0103 d\u00e2nsul nu spune da sau nu, a vrut s\u0103 \u015ftie care e situa\u0163ia.<\/p>\n<p data-index=\"14\">La discursul de \u00eenvestire am repetat cuv\u00e2ntul &#8220;normalitate&#8221;, acum suntem departe de a fi \u00een normalitate.<\/p>\n<p data-index=\"15\">Acest partid \u00eenseamn\u0103 sute de mii de membri. Le-am cerut colegilor mei la Timi\u015foara, transmi\u0163\u00e2nd acest mesaj c\u0103tre to\u0163i, s\u0103 nu le fie fric\u0103. Acum s-a instalat frica.<\/p>\n<p data-index=\"16\">Am \u00eencercat s\u0103 am dialog nu doar cu Liviu Dragnea, ci cu to\u0163i care conduc PSD. A venit aceast\u0103 situa\u0163ie dintr-o dat\u0103. Acum 2 &#8211; 3 s\u0103pt\u0103m\u00e2ni spunea c\u00e2t de bun este acest guvern, c\u00e2t de bine merge economia. Dintr-o dat\u0103 apare o evaluare care nu are nicio leg\u0103tur\u0103 cu m\u0103surile de guvernare. Trebuia s\u0103 existe o comisie de evaluare, care nu a existat.<\/p>\n<p data-index=\"17\">Ce trebuie f\u0103cut \u00een acest moment e ca aceast\u0103 coali\u0163ie PSD &#8211; ALDE s\u0103 r\u0103m\u00e2n\u0103 la guvernare \u00een continuare, f\u0103r\u0103 ca vreun moment s\u0103 se pun\u0103 semnul \u00eentreb\u0103rii \u015fi s\u0103 existe riscuri. C\u00e2nd mo\u0163iunea trece sunt riscuri majore ca aceast\u0103 coali\u0163ie s\u0103 nu mai formeze majoritatea.<\/p>\n<p data-index=\"18\">L-am rugat azi pe V. Ponta, fiind deputat, s\u0103 mearg\u0103 \u00een grupul PSD de la Camer\u0103 s\u0103 transmit\u0103: c\u0103 \u00een perspectiva \u00een care mo\u0163iunea pic\u0103, dup\u0103 acest moment m\u0103 voi \u00eent\u00e2lni cu conducerea PSD, dar nu cu Liviu Dragnea \u015fi voi cere \u00een interiorul PSD mini\u015ftri, secretari de stat, \u015fefi de agen\u0163ii, la fel cu coali\u0163ia. Nu voi decide singur, ci cu colegii mei.<\/p>\n<p data-index=\"19\"><strong>Riscul cel mai mare pentru PSD este s\u0103 treac\u0103 mo\u0163iunea.<\/strong> L. Dragnea a propus, eu \u015ftiu 5 colegi de-ai mei care s\u0103 fie viitori prim &#8211; mini\u015ftri. Sunt vreo 40 de mini\u015ftri propu\u015fi \u00een viitorul cabinet. A spus c\u0103 to\u0163i mini\u015ftrii din actualul cabinet vor face parte \u015fi din viitorul cabinet. Adic\u0103 ori au mers lucrurile bine, ori nu. E o fractur\u0103 de legic\u0103. Dac\u0103 mo\u0163iunea va trece ajungem la pre\u015fedinte, iar convingerea mea e c\u0103 PSD va pierde guvernarea.<\/p>\n<p data-index=\"20\">Singurul lucru pe care nu-l accept \u015fi nu voi face parte este s\u0103 fiu pus \u00een situa\u0163ia de a fi actor principal \u00een spargerea PSD.\u00a0<\/p>\n<p data-index=\"21\">M-am g\u00e2ndit de ce aceast\u0103 dorin\u0163\u0103 de putere a lui Dragnea. Mi-e greu s\u0103 dau un r\u0103spuns, dar ac\u0163iunile pe care le \u00eentreprinde nu m\u0103 fac dec\u00e2t s\u0103 trag aceast\u0103 concluzie.<\/p>\n<p data-index=\"22\">Dup\u0103 OUG 13 am discutat cu Tudorel Toader, i-am cerut s\u0103 \u0163in\u0103 cont de toate deciziile CCR, inclusiv ultima, \u015fi s\u0103 vin\u0103 cu c\u00e2teva lucruri \u00eentr-un calendar clar: legile justi\u0163iei, care sunt aproape finalizate \u015fi cu pachetul privind m\u0103surile pentru a evita sanc\u0163iunile date de decizia pilot de la CEDO. Mai sunt 4 luni \u00een care trebuie s\u0103 lu\u0103m m\u0103suri. La nivel institu\u0163ional, nu intru peste treaba celor care sunt profesioni\u015fti.<strong> Tudorel Toader este un profesionist.<\/strong><\/p>\n<p data-index=\"23\"><strong>Am primit \u00een aceste zile de la func\u0163ionari din cadrul Ministerului Dezvolt\u0103rii diverse semnale.<\/strong> Nu am spus nelegale. Nu vreau s\u0103 existe dubii. Fiind \u00eentr-o perioad\u0103 de acest tip, am dorit s\u0103 nu existe suspiciuni de niciun fel de culoare cum c\u0103 banii publici ar putea fi folosi\u0163i pentru interese politice. Tocmai c\u0103 aceast\u0103 perioad\u0103 &#8211; 2 &#8211; 3 zile p\u00e2n\u0103 la clarificare &#8211; am dorit s\u0103 nu fie dubiu. Sunt lucruri pe care le vede\u0163i dintr-o dat\u0103, de\u015fi termenul de depunere a fost 30 martie pentru PNDL (Programul Na\u021bional de Dezvoltare Local) 2 trebuiau s\u0103 se ia deciziile \u00een zilele urm\u0103toare \u015fi nu s-a lansat, \u015fi dintr-o dat\u0103 au fost lansate ordinele c\u0103tre jude\u0163e. Am decis ca timp de 2 &#8211; 3 zile, la Ministerul Dezvolt\u0103rii, acest lucru s\u0103 nu se \u00eent\u00e2mple. Programul este corect \u015fi bun \u015fi va continua.<\/p>\n<p data-index=\"24\"><strong>\u00cen spatele lui Sorin Grindeanu se afl\u0103 steagul Rom\u00e2niei \u015fi al UE.<\/strong> O tem\u0103 care revine evident, nu am niciun fel de leg\u0103tur\u0103 cu servicii secrete. Colaborarea pe care am avut-o \u00een acest cinci luni din postura de premier sau anul \u00een care am fost ministru al comunica\u0163iilor a fost strict institu\u0163ional &#8211; e legal, corect \u015fi necesar.\u00a0Nu am prietenii, leg\u0103turi cum au al\u0163ii cu fo\u015fti \u015fefi al serviciilor secrete din Rom\u00e2niei, ceea ce nu e un lucru r\u0103u. fiecare om \u00ee\u015fi alege prietenii. Nu vreau s\u0103 personalizez. Nu am prietenii cu mine de acolo. A\u015fa, strict institu\u0163ional, am colaborat cu pre\u015fedintele Iohannis. Poza la \u015ftiuc\u0103 mi-a f\u0103cut-o Liviu Dragnea.<\/p>\n<p data-index=\"25\">Am vorbit cu trei oameni &#8211; fostul meu \u015fef de cabinet de la Timi\u015foara, cu Marius Nica, fostul meu coleg de Guvern, l-am rugat s\u0103 vin\u0103 al\u0103turi de mine, un specialist extraordinar de bun pe fonduri europene \u015fi un om extraordinar de bun pe cyber security.<\/p>\n<p data-index=\"26\">Asear\u0103, un coleg parlamentar PSD \u00eemi ar\u0103ta o organizare incredibil\u0103 pentru ziua de azi, cu microbuze la aeroport. Aceast\u0103 grab\u0103 \u00eemi ridic\u0103 semne de \u00eentrebare. Se puteau desf\u0103\u015fura lucrurile normal. Am un secretar general mai nou care trebuie s\u0103 se ocupe de aceste lucruri care \u0163in de proceduri, nu vreau s\u0103 dau senza\u0163ia c\u0103 procedural, eu m\u0103 ag\u0103\u0163 de func\u0163ie.<\/p>\n<p data-index=\"27\">Mi-e dificil s\u0103 spun num\u0103rul celor care ne sus\u0163in, e tot mai mare. M\u0103 intereseaz\u0103 s\u0103 se respecte procedurile constitu\u0163ionale. Nu am motive s\u0103 \u00eemi dau demisia. \u00cen mo\u0163iune nici nu se mai men\u0163ioneaz\u0103 raportul. Neav\u00e2nd motive s\u0103 \u00eemi dau demisia, singura modalitate este \u00een Parlament&#8221;.\u00a0<\/p>\n<\/div>\n<p> Source URL: https:\/\/www.digi24.ro\/stiri\/actualitate\/politica\/reactia-premierului-dupa-citirea-motiunii-vinovatul-pentru-aceasta-situatie-e-un-singur-om-liviu-dragnea-745189<\/p>\n","protected":false},"excerpt":{"rendered":"<p>Premierul a declarat c\u0103 este inadmisibil\u0103 situa\u0163ia \u00een care Liviu Dragnea dore\u015fte s\u0103 d\u0103r\u00e2me Guvernul. Mo\u0163iunea nu e nici m\u0103car motivat\u0103. E doar dorin\u0163a unui om de a avea puterea absolut\u0103, a declarat Sorin Grindeanu. FOTO: INQUAM PHOTOS &#8211; Octav Ganea Declara\u0163iile lui Sorin Grindeanu: &#8220;Nici eu, nici dvs nu v-a\u0163i mai confruntat cu o [&hellip;]<\/p>\n","protected":false},"author":1,"featured_media":138939,"comment_status":"open","ping_status":"","sticky":false,"template":"","format":"standard","meta":{"footnotes":""},"categories":[2],"tags":[11],"class_list":["post-138938","post","type-post","status-publish","format-standard","has-post-thumbnail","hentry","category-politics","tag-digi24"],"_links":{"self":[{"href":"https:\/\/analyse.optim.biz\/index.php?rest_route=\/wp\/v2\/posts\/138938","targetHints":{"allow":["GET"]}}],"collection":[{"href":"https:\/\/analyse.optim.biz\/index.php?rest_route=\/wp\/v2\/posts"}],"about":[{"href":"https:\/\/analyse.optim.biz\/index.php?rest_route=\/wp\/v2\/types\/post"}],"author":[{"embeddable":true,"href":"https:\/\/analyse.optim.biz\/index.php?rest_route=\/wp\/v2\/users\/1"}],"replies":[{"embeddable":true,"href":"https:\/\/analyse.optim.biz\/index.php?rest_route=%2Fwp%2Fv2%2Fcomments&post=138938"}],"version-history":[{"count":0,"href":"https:\/\/analyse.optim.biz\/index.php?rest_route=\/wp\/v2\/posts\/138938\/revisions"}],"wp:featuredmedia":[{"embeddable":true,"href":"https:\/\/analyse.optim.biz\/index.php?rest_route=\/wp\/v2\/media\/138939"}],"wp:attachment":[{"href":"https:\/\/analyse.optim.biz\/index.php?rest_route=%2Fwp%2Fv2%2Fmedia&parent=138938"}],"wp:term":[{"taxonomy":"category","embeddable":true,"href":"https:\/\/analyse.optim.biz\/index.php?rest_route=%2Fwp%2Fv2%2Fcategories&post=138938"},{"taxonomy":"post_tag","embeddable":true,"href":"https:\/\/analyse.optim.biz\/index.php?rest_route=%2Fwp%2Fv2%2Ftags&post=138938"}],"curies":[{"name":"wp","href":"https:\/\/api.w.org\/{rel}","templated":true}]}}