{"id":138927,"date":"2017-06-18T19:26:16","date_gmt":"2017-06-18T16:26:16","guid":{"rendered":"https:\/\/analyse.optim.biz\/?p=138927"},"modified":"2017-06-18T19:26:16","modified_gmt":"2017-06-18T16:26:16","slug":"sorin-grindeanu-am-discutat-cu-ion-iliescu-in-urma-cu-2-3-zile","status":"publish","type":"post","link":"https:\/\/analyse.optim.biz\/?p=138927","title":{"rendered":"Sorin Grindeanu: Am discutat cu Ion Iliescu \u00een urm\u0103 cu 2-3 zile"},"content":{"rendered":"<div class=\"entry data-app-meta data-app-meta-article\" data-embed-base-url-canonical=\"https:\/\/www.digi24.ro\/embed\/stiri\/actualitate\/politica\/sorin-grindeanu-am-discutat-cu-ion-iliescu-in-urma-cu-2-3-zile-745197\">\n<p data-index=\"1\"><strong>Sorin Grindeanu, a declarat duminic\u0103 la o conferin\u021b\u0103 de pres\u0103, c\u0103 a discutat cu Ion Iliescu, pre\u0219edintele de onoare al PSD, \u00een leg\u0103tur\u0103 cu criza guvernamental\u0103 din acest moment.<\/strong><\/p>\n<p data-index=\"2\">\u201eAm discutat cu Ion Iliescu \u00een urm\u0103 cu 2 &#8211; 3 zile privind situa\u0163ia politic\u0103. D\u00e2nsul \u0219ti\u021bi c\u0103 nu spune da sau nu, a vrut s\u0103 \u015ftie care e situa\u0163ia\u201d, a declarat Sorin Grindeanu, premierul Rom\u00e2niei.<\/p>\n<p data-index=\"3\"><span lang=\"ro-RO\"><a href=\"https:\/\/www.digi24.ro\/stiri\/actualitate\/politica\/reactia-premierului-dupa-citirea-motiunii-vinovatul-pentru-aceasta-situatie-e-un-singur-om-liviu-dragnea-745189\" target=\"_blank\" rel=\"noopener noreferrer\" data-skip-linkfix=\"1\">Premierul a declarat<\/a>, printre altele c\u0103 este inadmisibil\u0103 situa\u0163ia \u00een care Liviu Dragnea dore\u015fte s\u0103 d\u0103r\u00e2me Guvernul. Mo\u0163iunea nu e nici m\u0103car motivat\u0103. E doar dorin\u0163a unui om de a avea puterea absolut\u0103, a mai declarat Sorin Grindeanu.<\/span><\/p>\n<p data-index=\"4\">Aceasta este prima reac\u021bie a premierului dup\u0103 ce liderul senatorilor PSD, <a href=\"https:\/\/www.digi24.ro\/stiri\/actualitate\/politica\/criza-guvern-psd\/ultimele-calcule-si-negocieri-inainte-de-motiunea-psd-contra-psd-744882\" target=\"_blank\" rel=\"noopener noreferrer\" data-skip-linkfix=\"1\">Mihai Fifor, a citit, duminic\u0103, \u00een plenul reunit textul mo\u021biunii\u00a0de cenzur\u0103<\/a> prin care PSD vrea s\u0103 dea jos propriul guvern. La \u0219edin\u021b\u0103 au fost prezen\u021bi 216 parlamentari.\u00a0<\/p>\n<\/div>\n<p> Source URL: https:\/\/www.digi24.ro\/stiri\/actualitate\/politica\/sorin-grindeanu-am-discutat-cu-ion-iliescu-in-urma-cu-2-3-zile-745197<\/p>\n","protected":false},"excerpt":{"rendered":"<p>Sorin Grindeanu, a declarat duminic\u0103 la o conferin\u021b\u0103 de pres\u0103, c\u0103 a discutat cu Ion Iliescu, pre\u0219edintele de onoare al PSD, \u00een leg\u0103tur\u0103 cu criza guvernamental\u0103 din acest moment. \u201eAm discutat cu Ion Iliescu \u00een urm\u0103 cu 2 &#8211; 3 zile privind situa\u0163ia politic\u0103. D\u00e2nsul \u0219ti\u021bi c\u0103 nu spune da sau nu, a vrut s\u0103 [&hellip;]<\/p>\n","protected":false},"author":1,"featured_media":138928,"comment_status":"open","ping_status":"","sticky":false,"template":"","format":"standard","meta":{"footnotes":""},"categories":[2],"tags":[11],"class_list":["post-138927","post","type-post","status-publish","format-standard","has-post-thumbnail","hentry","category-politics","tag-digi24"],"_links":{"self":[{"href":"https:\/\/analyse.optim.biz\/index.php?rest_route=\/wp\/v2\/posts\/138927","targetHints":{"allow":["GET"]}}],"collection":[{"href":"https:\/\/analyse.optim.biz\/index.php?rest_route=\/wp\/v2\/posts"}],"about":[{"href":"https:\/\/analyse.optim.biz\/index.php?rest_route=\/wp\/v2\/types\/post"}],"author":[{"embeddable":true,"href":"https:\/\/analyse.optim.biz\/index.php?rest_route=\/wp\/v2\/users\/1"}],"replies":[{"embeddable":true,"href":"https:\/\/analyse.optim.biz\/index.php?rest_route=%2Fwp%2Fv2%2Fcomments&post=138927"}],"version-history":[{"count":0,"href":"https:\/\/analyse.optim.biz\/index.php?rest_route=\/wp\/v2\/posts\/138927\/revisions"}],"wp:featuredmedia":[{"embeddable":true,"href":"https:\/\/analyse.optim.biz\/index.php?rest_route=\/wp\/v2\/media\/138928"}],"wp:attachment":[{"href":"https:\/\/analyse.optim.biz\/index.php?rest_route=%2Fwp%2Fv2%2Fmedia&parent=138927"}],"wp:term":[{"taxonomy":"category","embeddable":true,"href":"https:\/\/analyse.optim.biz\/index.php?rest_route=%2Fwp%2Fv2%2Fcategories&post=138927"},{"taxonomy":"post_tag","embeddable":true,"href":"https:\/\/analyse.optim.biz\/index.php?rest_route=%2Fwp%2Fv2%2Ftags&post=138927"}],"curies":[{"name":"wp","href":"https:\/\/api.w.org\/{rel}","templated":true}]}}