{"id":138916,"date":"2017-06-18T20:12:35","date_gmt":"2017-06-18T17:12:35","guid":{"rendered":"https:\/\/analyse.optim.biz\/?p=138916"},"modified":"2017-06-18T20:12:35","modified_gmt":"2017-06-18T17:12:35","slug":"cine-este-in-spatele-lui-sorin-grindeanu-raspunsul-premierului","status":"publish","type":"post","link":"https:\/\/analyse.optim.biz\/?p=138916","title":{"rendered":"Cine este \u00een spatele lui Sorin Grindeanu. R\u0103spunsul premierului"},"content":{"rendered":"<div class=\"entry data-app-meta data-app-meta-article\" data-embed-base-url-canonical=\"https:\/\/www.digi24.ro\/embed\/stiri\/actualitate\/politica\/cine-este-in-spatele-lui-sorin-grindeanu-raspunsul-premierului-745229\">\n<p data-index=\"1\"><strong>Premierul Sorin Grindeanu a subliniat \u00eenc\u0103 o dat\u0103 c\u0103 nu are leg\u0103turi sau prietenii cu reprezentan\u0163i ai serviciilor secrete.<\/strong><\/p>\n<p data-index=\"2\">&#8220;\u00cen spatele lui Sorin Grindeanu se afl\u0103 steagul Rom\u00e2niei \u015fi al UE. Era bine s\u0103 fie \u015fi un steag NATO&#8221;, a glumit premierul, \u00eentorc\u00e2ndu-se spre steagurile pe care le avea \u00eenapoia scaunului s\u0103u.<\/p>\n<p data-index=\"3\">&#8220;O tem\u0103 care revine evident, nu am niciun fel de leg\u0103tur\u0103 cu servicii secrete. Colaborarea pe care am avut-o \u00een acest cinci luni din postura de premier sau anul \u00een care am fost ministru al comunica\u0163iilor a fost strict institu\u0163ional &#8211; e legal, corect \u015fi necesar.\u00a0Nu am prietenii, leg\u0103turi cum au al\u0163ii cu fo\u015fti \u015fefi al serviciilor secrete din Rom\u00e2niei, ceea ce nu e un lucru r\u0103u. fiecare om \u00ee\u015fi alege prietenii. Nu vreau s\u0103 personalizez. Nu am prietenii cu mine de acolo. A\u015fa, strict institu\u0163ional, am colaborat cu pre\u015fedintele Iohannis&#8221;, a declarat Sorin grindeanu \u00een cadrul unei \u00eent\u00e2lniri cu jurnali\u015ftii.<\/p>\n<p data-index=\"4\">Premierul <a href=\"https:\/\/www.digi24.ro\/stiri\/actualitate\/politica\/sorin-grindeanu-replica-pentru-dragnea-nu-eu-am-fost-la-sprituri-cu-oameni-ai-serviciilor-743858\" data-skip-linkfix=\"1\">Sorin Grindeanu<\/a> a declarat \u015fi joi seara, \u00eentr-o conferin\u0163\u0103 de pres\u0103, referitor la aluzia liderului PSD, Liviu Dragnea, potrivit c\u0103reia ar avea o leg\u0103tur\u0103 cu serviciile, c\u0103 nu el este cel care a fost la \u201e\u015fpri\u0163uri\u201d \u015fi partide de tenis cu reprezentan\u0163i ai serviciilor. Grindeanu a avertizat c\u0103, dac\u0103 pre\u015fedintele social-democra\u0163ilor va continua cu astfel de declara\u0163ii, el va avea reac\u0163ii \u201emai puterice\u201d pe acest subiect.<\/p>\n<p data-index=\"5\">FOTO: INQUAM PHOTOS &#8211; Octav Ganea<\/p>\n<\/div>\n<p> Source URL: https:\/\/www.digi24.ro\/stiri\/actualitate\/politica\/cine-este-in-spatele-lui-sorin-grindeanu-raspunsul-premierului-745229<\/p>\n","protected":false},"excerpt":{"rendered":"<p>Premierul Sorin Grindeanu a subliniat \u00eenc\u0103 o dat\u0103 c\u0103 nu are leg\u0103turi sau prietenii cu reprezentan\u0163i ai serviciilor secrete. &#8220;\u00cen spatele lui Sorin Grindeanu se afl\u0103 steagul Rom\u00e2niei \u015fi al UE. Era bine s\u0103 fie \u015fi un steag NATO&#8221;, a glumit premierul, \u00eentorc\u00e2ndu-se spre steagurile pe care le avea \u00eenapoia scaunului s\u0103u. &#8220;O tem\u0103 care [&hellip;]<\/p>\n","protected":false},"author":1,"featured_media":138917,"comment_status":"open","ping_status":"","sticky":false,"template":"","format":"standard","meta":{"footnotes":""},"categories":[2],"tags":[11],"class_list":["post-138916","post","type-post","status-publish","format-standard","has-post-thumbnail","hentry","category-politics","tag-digi24"],"_links":{"self":[{"href":"https:\/\/analyse.optim.biz\/index.php?rest_route=\/wp\/v2\/posts\/138916","targetHints":{"allow":["GET"]}}],"collection":[{"href":"https:\/\/analyse.optim.biz\/index.php?rest_route=\/wp\/v2\/posts"}],"about":[{"href":"https:\/\/analyse.optim.biz\/index.php?rest_route=\/wp\/v2\/types\/post"}],"author":[{"embeddable":true,"href":"https:\/\/analyse.optim.biz\/index.php?rest_route=\/wp\/v2\/users\/1"}],"replies":[{"embeddable":true,"href":"https:\/\/analyse.optim.biz\/index.php?rest_route=%2Fwp%2Fv2%2Fcomments&post=138916"}],"version-history":[{"count":0,"href":"https:\/\/analyse.optim.biz\/index.php?rest_route=\/wp\/v2\/posts\/138916\/revisions"}],"wp:featuredmedia":[{"embeddable":true,"href":"https:\/\/analyse.optim.biz\/index.php?rest_route=\/wp\/v2\/media\/138917"}],"wp:attachment":[{"href":"https:\/\/analyse.optim.biz\/index.php?rest_route=%2Fwp%2Fv2%2Fmedia&parent=138916"}],"wp:term":[{"taxonomy":"category","embeddable":true,"href":"https:\/\/analyse.optim.biz\/index.php?rest_route=%2Fwp%2Fv2%2Fcategories&post=138916"},{"taxonomy":"post_tag","embeddable":true,"href":"https:\/\/analyse.optim.biz\/index.php?rest_route=%2Fwp%2Fv2%2Ftags&post=138916"}],"curies":[{"name":"wp","href":"https:\/\/api.w.org\/{rel}","templated":true}]}}