{"id":138905,"date":"2017-06-18T20:44:09","date_gmt":"2017-06-18T17:44:09","guid":{"rendered":"https:\/\/analyse.optim.biz\/?p=138905"},"modified":"2017-06-18T20:44:09","modified_gmt":"2017-06-18T17:44:09","slug":"premierul-despre-situatia-de-la-ministerul-dezvoltarii-am-primit-diverse-semnale-de-la-functionari","status":"publish","type":"post","link":"https:\/\/analyse.optim.biz\/?p=138905","title":{"rendered":"Premierul, despre situa\u0163ia de la Ministerul Dezvolt\u0103rii: Am primit diverse semnale de la func\u0163ionari"},"content":{"rendered":"<div class=\"entry data-app-meta data-app-meta-article\" data-embed-base-url-canonical=\"https:\/\/www.digi24.ro\/embed\/stiri\/actualitate\/politica\/premierul-despre-situatia-de-la-ministerul-dezvoltarii-am-primit-diverse-semnale-de-la-functionari-745243\">\n<p data-index=\"1\"><strong>Premierul Sorin Grindeanu a anun\u0163at, duminic\u0103, la Guvern, c\u0103 <a href=\"https:\/\/www.digi24.ro\/stiri\/actualitate\/politica\/criza-guvern-psd\/sorin-grindeanu-de-azi-sevil-shaidehh-nu-mai-poate-semna-niciun-fel-de-act-care-sa-aiba-legatura-cu-pndl-745098\" data-skip-linkfix=\"1\">a demis<\/a> to\u0163i secretarii de stat, secretarul general \u015fi secretarul general adjunct de la Ministerul Dezvolt\u0103rii, pentru ca Sevil Shhaideh s\u0103 nu mai poat\u0103 semna nimic, nici prin interpu\u015fi. El a justificat aceast\u0103 m\u0103sur\u0103 \u00een urma &#8220;unor semnale primite de la func\u0163ionari&#8221; \u015fi pentru a evita folosirea banilor \u00een interese politice.<\/strong><\/p>\n<p data-index=\"2\">El a precizat c\u0103 Programul Na\u021bional de Dezvoltare Local\u0103 va continua pentru c\u0103 este &#8220;bun \u015fi corect&#8221;.<\/p>\n<p data-index=\"3\"><strong>&#8220;Am primit \u00een aceste zile de la func\u0163ionari din cadrul Ministerului Dezvolt\u0103rii diverse semnale.<\/strong> Nu am spus nelegale. Nu vreau s\u0103 existe dubii. Fiind \u00eentr-o perioad\u0103 de acest tip, am dorit s\u0103 nu existe suspiciuni de niciun fel de culoare cum c\u0103 banii publici ar putea fi folosi\u0163i pentru interese politice. Tocmai c\u0103 aceast\u0103 perioad\u0103 &#8211; 2 &#8211; 3 zile p\u00e2n\u0103 la clarificare &#8211; am dorit s\u0103 nu fie dubiu. Sunt lucruri pe care le vede\u0163i dintr-o dat\u0103, de\u015fi termenul de depunere a fost 30 martie pentru PNDL (Programul Na\u021bional de Dezvoltare Local\u0103) 2 trebuiau s\u0103 se ia deciziile \u00een zilele urm\u0103toare \u015fi nu s-a lansat, \u015fi dintr-o dat\u0103 au fost lansate ordinele c\u0103tre jude\u0163e. Am decis ca timp de 2 &#8211; 3 zile, la Ministerul Dezvolt\u0103rii, acest lucru s\u0103 nu se \u00eent\u00e2mple. Programul este corect \u015fi bun \u015fi va continua&#8221;.<\/p>\n<\/div>\n<p> Source URL: https:\/\/www.digi24.ro\/stiri\/actualitate\/politica\/premierul-despre-situatia-de-la-ministerul-dezvoltarii-am-primit-diverse-semnale-de-la-functionari-745243<\/p>\n","protected":false},"excerpt":{"rendered":"<p>Premierul Sorin Grindeanu a anun\u0163at, duminic\u0103, la Guvern, c\u0103 a demis to\u0163i secretarii de stat, secretarul general \u015fi secretarul general adjunct de la Ministerul Dezvolt\u0103rii, pentru ca Sevil Shhaideh s\u0103 nu mai poat\u0103 semna nimic, nici prin interpu\u015fi. El a justificat aceast\u0103 m\u0103sur\u0103 \u00een urma &#8220;unor semnale primite de la func\u0163ionari&#8221; \u015fi pentru a evita [&hellip;]<\/p>\n","protected":false},"author":1,"featured_media":138906,"comment_status":"open","ping_status":"","sticky":false,"template":"","format":"standard","meta":{"footnotes":""},"categories":[2],"tags":[11],"class_list":["post-138905","post","type-post","status-publish","format-standard","has-post-thumbnail","hentry","category-politics","tag-digi24"],"_links":{"self":[{"href":"https:\/\/analyse.optim.biz\/index.php?rest_route=\/wp\/v2\/posts\/138905","targetHints":{"allow":["GET"]}}],"collection":[{"href":"https:\/\/analyse.optim.biz\/index.php?rest_route=\/wp\/v2\/posts"}],"about":[{"href":"https:\/\/analyse.optim.biz\/index.php?rest_route=\/wp\/v2\/types\/post"}],"author":[{"embeddable":true,"href":"https:\/\/analyse.optim.biz\/index.php?rest_route=\/wp\/v2\/users\/1"}],"replies":[{"embeddable":true,"href":"https:\/\/analyse.optim.biz\/index.php?rest_route=%2Fwp%2Fv2%2Fcomments&post=138905"}],"version-history":[{"count":0,"href":"https:\/\/analyse.optim.biz\/index.php?rest_route=\/wp\/v2\/posts\/138905\/revisions"}],"wp:featuredmedia":[{"embeddable":true,"href":"https:\/\/analyse.optim.biz\/index.php?rest_route=\/wp\/v2\/media\/138906"}],"wp:attachment":[{"href":"https:\/\/analyse.optim.biz\/index.php?rest_route=%2Fwp%2Fv2%2Fmedia&parent=138905"}],"wp:term":[{"taxonomy":"category","embeddable":true,"href":"https:\/\/analyse.optim.biz\/index.php?rest_route=%2Fwp%2Fv2%2Fcategories&post=138905"},{"taxonomy":"post_tag","embeddable":true,"href":"https:\/\/analyse.optim.biz\/index.php?rest_route=%2Fwp%2Fv2%2Ftags&post=138905"}],"curies":[{"name":"wp","href":"https:\/\/api.w.org\/{rel}","templated":true}]}}